{"id":75848,"date":"2022-12-06T11:36:12","date_gmt":"2022-12-06T10:36:12","guid":{"rendered":"https:\/\/appelloalpopolo.it\/?p=75848"},"modified":"2022-12-06T12:03:06","modified_gmt":"2022-12-06T11:03:06","slug":"unione-europea-finiremo-come-casamicciola","status":"publish","type":"post","link":"https:\/\/appelloalpopolo.it\/?p=75848","title":{"rendered":"Unione Europea: finiremo come Casamicciola?"},"content":{"rendered":"<h4><strong>Ovvero cadere dal pero e non chiedersi perch\u00e9 ci si \u00e8 saliti!<\/strong><\/h4>\n<p><strong>di PAGINA FACEBOOK (Ugo Boghetta)\u00a0<\/strong><\/p>\n<p><img loading=\"lazy\" decoding=\"async\" class=\"alignnone size-medium wp-image-75849\" src=\"https:\/\/appelloalpopolo.it\/wp-content\/uploads\/2022\/12\/FB_IMG_1670322552891-300x164.jpg\" alt=\"\" width=\"300\" height=\"164\" srcset=\"https:\/\/appelloalpopolo.it\/wp-content\/uploads\/2022\/12\/FB_IMG_1670322552891-300x164.jpg 300w, https:\/\/appelloalpopolo.it\/wp-content\/uploads\/2022\/12\/FB_IMG_1670322552891-1024x561.jpg 1024w, https:\/\/appelloalpopolo.it\/wp-content\/uploads\/2022\/12\/FB_IMG_1670322552891-768x421.jpg 768w, https:\/\/appelloalpopolo.it\/wp-content\/uploads\/2022\/12\/FB_IMG_1670322552891.jpg 1080w\" sizes=\"(max-width: 300px) 100vw, 300px\" \/><\/p>\n<p>Sergio Frabbini non smette di illuminarci dalle colonne del Sole 24 domenicale sullo stato, convulso, dell\u2019Unione Europea. Poich\u00e9 ormai da tempo le cose non evolvono verso gli Stati Uniti d\u2019Europa, il nostro continua a sorprendersi e lamentarsi. Cade sempre dal pero ma non si chiede mai se non sia stato un errore salirci. L\u2019articolo di Domenica 27 novembre \u00e8 tutto dedicato al voltafaccia di Scholz il quale, all\u2019atto della sua elezione a capo dello stato tedesco, ha affermato che si sarebbe impegnato a portare l\u2019Unione verso uno \u201cstato federale\u201d. Ora invece, a causa della guerra, ha cambiato completamente politica perseguendo solo gli interessi germanici. Le azioni adottate a tale scopo, scrive Fabbrini, sono tante a partire dall\u2019ostacolare qualsiasi \u201csoluzione europea per favorire quelle nazionali\u201d.<br \/>\nScholz ha infatti deciso di investire unilateralmente 200 miliardi per sussidiare le imprese tedesche, senza pensare all\u2019impatto negativo che ha sulle quelle degli altri paesi. Cosa che peraltro hanno gi\u00e0 fatto gli Usa. Anzi, ha affermato recentemente Bonomi, presidente della Confindustria, che Biden ha imposto alle imprese americane di rifornirsi solo da produttori USA. Poi \u00e8 andato a fare affari in Cina, concedendo agli stessi di entrare nel grande porto di Amburgo. Ha anche deciso di investire 100 miliardi nella difesa, ma acquistando gli F35 americani a discapito dello stesso progetto franco-tedesco per la costruzione di un aereo europeo. Non contento di ci\u00f2 ha proposto a 15 paesi Ue di acquisire tre sistemi di difesa aerea basati su tecnologie americane e israeliane mettendo fuori gioco l\u2019analogo programma franco-italiano. Per tacitare la Francia ha siglato con questa una accordo sull\u2019energia che Fabbrini afferma essere solo una foglia di fico. Che \u00e8 tuttavia pur sempre un accordo bilaterale! E come se nulla fosse ha rispolverato la contrariet\u00e0 alla riforma del Patto di Stabilit\u00e0.<br \/>\nNell\u2019agosto scorso Scholz ha chiarito la sua visione dell\u2019Europa. Ha affermato infatti che interesse nazionale tedesco sarebbe quello di unire tutti i paesi ad est. Di fatto, afferma Fabbrini, questo supererebbe l\u2019Unione verso un&#8217;associazione di carattere internazionale di fatto confederale finalizzata alla centralit\u00e0 germanica senza condizionamenti. Insomma: bye bye Unione.<br \/>\nIl nostro afferma, bont\u00e0 sua, che tutto ci\u00f2 \u00e8 contrario ai nostri interessi nazionali e che per questi motivi dovremmo allearci con Francia, che vuole una Unione politica, e Spagna.<br \/>\nDunque anche Fabbrini ritiene superata l\u2019Unione?<br \/>\nSta di fatto che il caos \u00e8 massimo e gli unici che sembrano avere le idee chiare sono gli americani contro la Russia, l\u2019Europa e la Germania in particolare. E la Germania che, letteralmente sotto tiro (vedi i sabotaggi dei gasdotti), cerca una via solitaria per tutelare i propri interessi. Cosa tutt\u2019altro che facile. Ad esempio, gli Stati dell\u2019est sono ormai quasi tutti filo americani. Ancora una volta dunque la Germania si trova al centro del guazzabuglio europeo.<br \/>\nNel medesimo numero del Sole si trova anche un\u2019intervista a Tronchetti Provera, il quale afferma che le imprese italiane stanno perdendo contratti perch\u00e9 siamo, guarda caso, in una crisi asimmetrica che non colpisce gli Usa e l\u2019Asia ma solo l\u2019Europa. Tronchetti Provera affronta anche il tema dello stato sociale in decrescita affermando che: \u201csolo la sua difesa consente di mantenere la continuit\u00e0 della democrazia\u201d. Un altro che casca dal pero: tutto ci\u00f2 si verifica da quando siamo entrati nell\u2019Unione e nell\u2019euro.<br \/>\nCome si vede salgono alti lai e recriminazioni contro questo e quello. C\u2019\u00e8 l\u2019esigenza di una risposta europea, ma nel contempo appare impossibile. Anzi si sta andando da tutt\u2019altra parte. Se in passato le crisi del 2008 e covid hanno portato ad interventi nel segno del \u201cPi\u00f9Europa\u201d quali il QE e il PNRR, ora l\u2019Unione di Bruxelles, per tenere insieme i pezzi vara la svolta bellicista; vedi la recente assurda mozione che definisce la Russia terrorista. Cos\u00ec, al contrario, le crepe si allargano.<br \/>\nNonostante tutto ci\u00f2 in Italia abbiamo il governo pi\u00f9 filoamericano della storia della Repubblica e, dunque, in questo momento, il pi\u00f9 antinazionale!<br \/>\nSiamo in un Mondo Nuovo come scrive Limes. Servono idee nuove. Poich\u00e9, cos\u00ec continuando, rischiamo di finire come Casamicciola. Tanti errori, tante avvisaglie, tanti avvertimenti, \u2026\u2026.. poi una frana disastrosa e mortifera!<\/p>\n<p><strong>FONTE:\u00a0<a href=\"https:\/\/m.facebook.com\/story.php?story_fbid=pfbid0twqimaigACKuukqmPv7rADwgLM2hSZNohrRoEDpMthYo6Fp8x52BFjDcUCRCZwQil&amp;id=100000797283987\">https:\/\/m.facebook.com\/story.php?story_fbid=pfbid0twqimaigACKuukqmPv7rADwgLM2hSZNohrRoEDpMthYo6Fp8x52BFjDcUCRCZwQil&amp;id=100000797283987<\/a><\/strong><\/p>\n","protected":false},"excerpt":{"rendered":"<p>Ovvero cadere dal pero e non chiedersi perch\u00e9 ci si \u00e8 saliti! di PAGINA FACEBOOK (Ugo Boghetta)\u00a0 Sergio Frabbini non smette di illuminarci dalle colonne del Sole 24 domenicale sullo stato, convulso, dell\u2019Unione Europea. Poich\u00e9 ormai da tempo le cose non evolvono verso gli Stati Uniti d\u2019Europa, il nostro continua a sorprendersi e lamentarsi. Cade sempre dal pero ma non si chiede mai se non sia stato un errore salirci. L\u2019articolo di Domenica 27 novembre&#46;&#46;&#46;<\/p>\n","protected":false},"author":103,"featured_media":75854,"comment_status":"open","ping_status":"open","sticky":false,"template":"","format":"standard","meta":{"jetpack_post_was_ever_published":false,"_jetpack_newsletter_access":"","_jetpack_dont_email_post_to_subs":false,"_jetpack_newsletter_tier_id":0,"_jetpack_memberships_contains_paywalled_content":false,"_jetpack_memberships_contains_paid_content":false,"footnotes":"","jetpack_publicize_message":"","jetpack_publicize_feature_enabled":true,"jetpack_social_post_already_shared":true,"jetpack_social_options":{"image_generator_settings":{"template":"highway","enabled":false},"version":2}},"categories":[32],"tags":[],"jetpack_publicize_connections":[],"jetpack_featured_media_url":"https:\/\/appelloalpopolo.it\/wp-content\/uploads\/2022\/12\/download-1.png","jetpack_sharing_enabled":true,"jetpack_shortlink":"https:\/\/wp.me\/p7ZaJ4-jJm","_links":{"self":[{"href":"https:\/\/appelloalpopolo.it\/index.php?rest_route=\/wp\/v2\/posts\/75848"}],"collection":[{"href":"https:\/\/appelloalpopolo.it\/index.php?rest_route=\/wp\/v2\/posts"}],"about":[{"href":"https:\/\/appelloalpopolo.it\/index.php?rest_route=\/wp\/v2\/types\/post"}],"author":[{"embeddable":true,"href":"https:\/\/appelloalpopolo.it\/index.php?rest_route=\/wp\/v2\/users\/103"}],"replies":[{"embeddable":true,"href":"https:\/\/appelloalpopolo.it\/index.php?rest_route=%2Fwp%2Fv2%2Fcomments&post=75848"}],"version-history":[{"count":2,"href":"https:\/\/appelloalpopolo.it\/index.php?rest_route=\/wp\/v2\/posts\/75848\/revisions"}],"predecessor-version":[{"id":75851,"href":"https:\/\/appelloalpopolo.it\/index.php?rest_route=\/wp\/v2\/posts\/75848\/revisions\/75851"}],"wp:featuredmedia":[{"embeddable":true,"href":"https:\/\/appelloalpopolo.it\/index.php?rest_route=\/wp\/v2\/media\/75854"}],"wp:attachment":[{"href":"https:\/\/appelloalpopolo.it\/index.php?rest_route=%2Fwp%2Fv2%2Fmedia&parent=75848"}],"wp:term":[{"taxonomy":"category","embeddable":true,"href":"https:\/\/appelloalpopolo.it\/index.php?rest_route=%2Fwp%2Fv2%2Fcategories&post=75848"},{"taxonomy":"post_tag","embeddable":true,"href":"https:\/\/appelloalpopolo.it\/index.php?rest_route=%2Fwp%2Fv2%2Ftags&post=75848"}],"curies":[{"name":"wp","href":"https:\/\/api.w.org\/{rel}","templated":true}]}}