{"id":75920,"date":"2022-12-09T10:51:49","date_gmt":"2022-12-09T09:51:49","guid":{"rendered":"https:\/\/appelloalpopolo.it\/?p=75920"},"modified":"2022-12-08T20:54:48","modified_gmt":"2022-12-08T19:54:48","slug":"lunica-popolazione-indigena-europea-continua-a-lottare-per-lautodeterminazione","status":"publish","type":"post","link":"https:\/\/appelloalpopolo.it\/?p=75920","title":{"rendered":"L\u2019unica popolazione indigena europea continua a lottare per l\u2019autodeterminazione"},"content":{"rendered":"<p>da <strong>L&#8217;INDIPENDENTE<\/strong> (Sara Tonini)<\/p>\n<p>&nbsp;<\/p>\n<p>Un controverso disegno di legge sull\u2019unica popolazione indigena riconosciuta in Europa, i sami, \u00e8 stato inviato dal governo finlandese alle commissioni parlamentari per esaminare la sua legittimit\u00e0. Non \u00e8 la prima volta che la Finlandia viene criticata per il trattamento riservato alle popolazioni native sul territorio: negli ultimi anni,\u00a0le Nazioni Unite\u00a0<a href=\"https:\/\/www.ohchr.org\/en\/press-releases\/2019\/02\/un-human-rights-experts-find-finland-violated-sami-political-rights-sami\" target=\"_blank\" rel=\"noopener\">hanno esortato<\/a>\u00a0pi\u00f9 volte il governo ad apportare modifiche alla legge per garantire il diritto dei sami all\u2019autodeterminazione. Lo scorso giugno, inoltre,\u00a0una commissione delle Nazioni Unite ha rilevato che la Finlandia<a href=\"https:\/\/www.euronews.com\/2022\/06\/15\/un-finds-finland-violated-political-rights-of-indigenous-sami-people\" target=\"_blank\" rel=\"noopener\">\u00a0ha violato<\/a>\u00a0una convenzione internazionale sui diritti umani\u00a0per discriminazione etnica dei sami in ambito politico. \u201cI popoli indigeni hanno il diritto di autodeterminare la propria identit\u00e0 o appartenenza in conformit\u00e0 con i loro costumi e le loro tradizioni\u201d si legge negli Articoli 3 e 4 della\u00a0<a href=\"https:\/\/www.un.org\/development\/desa\/indigenouspeoples\/wp-content\/uploads\/sites\/19\/2018\/11\/UNDRIP_E_web.pdf\" target=\"_blank\" rel=\"noopener\">Dichiarazione delle Nazioni Unite sui diritti dei popoli indigeni<\/a>\u00a0\u201ce di determinare le strutture e di scegliere i membri delle loro istituzioni in conformit\u00e0 con le loro procedure\u201d.<\/p>\n<p>I sami abitano in zone ancora incontaminate di<strong>\u00a0Finlandia, Norvegia, Svezia e Russia<\/strong>, dove riescono a mantenere intatte le loro antiche tradizioni e la loro cultura, resistendo ad un\u2019assimilazione totale con il mondo moderno. Spesso\u00a0<strong>chiamati erroneamente lapponi<\/strong>, sono l\u2019unico popolo indigeno d\u2019Europa ufficialmente riconosciuto e\u00a0contano una popolazione di\u00a0<a href=\"https:\/\/www.samediggi.fi\/sami-info\/?lang=en\" target=\"_blank\" rel=\"noopener\">pi\u00f9 di 75.000 persone totali<\/a>, 10 dei quali vivono in Finlandia.<\/p>\n<p>La controversa legge in questione riguarda la composizione del Parlamento sami in Finlandia, \u00e8 stata approvata nel 1996 e stabilisce che coloro i cui antenati cacciavano, pescavano, allevavano renne e, soprattutto,\u00a0<strong>che pagavano le tasse lapponi, possono votare e candidarsi al Parlamento sami<\/strong>, anche se sono etnicamente finlandesi e non indigeni. Ma questo violerebbe i trattati sui diritti umani, perch\u00e9 non garantirebbe il diritto del popolo indigeno all\u2019autodeterminazione attraverso un organo rappresentativo autogestito.\u00a0Attualmente, questo criterio secondo cui chiunque abbia pagato le tasse lapponi pu\u00f2 autodichiararsi sami, \u00e8 \u201cmolto problematico\u201d per Aslak Holmberg, presidente del Consiglio sami, perch\u00e9 i documenti fiscali parlano solo delle attivit\u00e0 legali e professionali e non dell\u2019etnia delle persone che erano contribuenti.\u00a0<strong>\u201cQuesto parametro include sia i finlandesi, che erano coloni, sia i sami, che erano gli indigeni<\/strong>. Questo \u00e8 l\u2019aspetto problematico della legislazione che l\u2019opposizione sembra non voler abbandonare, anche se non ha alcuna motivazione legale\u201d, ha detto Holmberg. \u201c<strong>Il Parlamento sami dovrebbe rappresentare la cultura e la lingua sami<\/strong>\u201c, ha aggiunto. In questo modo, secondo Holmberg, la Corte amministrativa suprema della Finlandia starebbe compromettendo la legittimit\u00e0 del Parlamento sami e indebolendo i rappresentanti e la autorit\u00e0 indigena nel Paese, poich\u00e9\u00a0<strong>coloro che \u201csostengono le strutture coloniali\u201d<\/strong>\u00a0e coloro che \u201cnon sono disposti a lottare per i diritti dei sami\u201d vengono\u00a0<strong>messi a capo<\/strong>\u00a0dei loro affari ed interessi.<\/p>\n<p>Lo scorso mese si \u00e8 nuovamente acceso il dibattito pubblico\u00a0sulla legge, cosa che ha causato forti attriti all\u2019interno della coalizione di governo finlandese\u00a0tanto da far parlare di una possibile caduta della premier Sanna Marin, e da far inviare il disegno di legge alla Commissione per il diritto costituzionale del Parlamento per un esame.<\/p>\n<p>Nel Paese ci sono stati numerosi tentativi di riformare la legge sui distretti sami per oltre un decennio, ma niente \u00e8 cambiato. I\u00a0<strong>maggiori oppositori sono il Partito di Centro<\/strong>, che ha bloccato qualsiasi cambiamento per paura di \u201cperdere il sostegno\u201d in Lapponia da parte di coloro che saranno colpiti dalla legge.\u00a0\u201cC\u2019\u00e8 molta frustrazione per il fatto che\u00a0<strong>non siamo riusciti a rinnovare questa legge per pi\u00f9 di 10 anni<\/strong>\u201d ha dichiarato Holmberg, secondo cui una nuova legge riformata rafforzerebbe il parlamento sami e il loro diritto all\u2019autodeterminazione. Per gli attivisti e politici indigeni si tratta di\u00a0<strong>una battaglia \u201canticoloniale\u201d<\/strong>, in cui i sami cercano di avere \u201cpi\u00f9 voce in capitolo sulle nostre questioni invece che sul governo finlandese\u201d, ha aggiunto.<\/p>\n<p>\u201cNon chiediamo molto: solo il diritto di determinare la nostra identit\u00e0 e appartenenza secondo i nostri costumi e tradizioni, come \u00e8 nostro diritto in quanto popolo indigeno secondo il diritto internazionale\u201d, ha aggiunto Pirita N\u00e4kk\u00e4l\u00e4j\u00e4rvi, membro del Parlamento S\u00e1mi.<\/p>\n<p>&nbsp;<\/p>\n<p><strong>FONTE:\u00a0 <a href=\"https:\/\/www.lindipendente.online\/2022\/12\/08\/lunica-popolazione-indigena-europea-continua-a-lottare-per-lautodeterminazione\/\">https:\/\/www.lindipendente.online\/2022\/12\/08\/lunica-popolazione-indigena-europea-continua-a-lottare-per-lautodeterminazione\/<\/a><\/strong><\/p>\n","protected":false},"excerpt":{"rendered":"<p>da L&#8217;INDIPENDENTE (Sara Tonini) &nbsp; Un controverso disegno di legge sull\u2019unica popolazione indigena riconosciuta in Europa, i sami, \u00e8 stato inviato dal governo finlandese alle commissioni parlamentari per esaminare la sua legittimit\u00e0. Non \u00e8 la prima volta che la Finlandia viene criticata per il trattamento riservato alle popolazioni native sul territorio: negli ultimi anni,\u00a0le Nazioni Unite\u00a0hanno esortato\u00a0pi\u00f9 volte il governo ad apportare modifiche alla legge per garantire il diritto dei sami all\u2019autodeterminazione. Lo scorso giugno,&#46;&#46;&#46;<\/p>\n","protected":false},"author":101,"featured_media":71834,"comment_status":"open","ping_status":"open","sticky":false,"template":"","format":"standard","meta":{"jetpack_post_was_ever_published":false,"_jetpack_newsletter_access":"","_jetpack_dont_email_post_to_subs":false,"_jetpack_newsletter_tier_id":0,"_jetpack_memberships_contains_paywalled_content":false,"_jetpack_memberships_contains_paid_content":false,"footnotes":"","jetpack_publicize_message":"","jetpack_publicize_feature_enabled":true,"jetpack_social_post_already_shared":true,"jetpack_social_options":{"image_generator_settings":{"template":"highway","enabled":false},"version":2}},"categories":[32],"tags":[],"jetpack_publicize_connections":[],"jetpack_featured_media_url":"https:\/\/appelloalpopolo.it\/wp-content\/uploads\/2022\/04\/IMG-20220422-WA0002.jpg","jetpack_sharing_enabled":true,"jetpack_shortlink":"https:\/\/wp.me\/p7ZaJ4-jKw","_links":{"self":[{"href":"https:\/\/appelloalpopolo.it\/index.php?rest_route=\/wp\/v2\/posts\/75920"}],"collection":[{"href":"https:\/\/appelloalpopolo.it\/index.php?rest_route=\/wp\/v2\/posts"}],"about":[{"href":"https:\/\/appelloalpopolo.it\/index.php?rest_route=\/wp\/v2\/types\/post"}],"author":[{"embeddable":true,"href":"https:\/\/appelloalpopolo.it\/index.php?rest_route=\/wp\/v2\/users\/101"}],"replies":[{"embeddable":true,"href":"https:\/\/appelloalpopolo.it\/index.php?rest_route=%2Fwp%2Fv2%2Fcomments&post=75920"}],"version-history":[{"count":1,"href":"https:\/\/appelloalpopolo.it\/index.php?rest_route=\/wp\/v2\/posts\/75920\/revisions"}],"predecessor-version":[{"id":75921,"href":"https:\/\/appelloalpopolo.it\/index.php?rest_route=\/wp\/v2\/posts\/75920\/revisions\/75921"}],"wp:featuredmedia":[{"embeddable":true,"href":"https:\/\/appelloalpopolo.it\/index.php?rest_route=\/wp\/v2\/media\/71834"}],"wp:attachment":[{"href":"https:\/\/appelloalpopolo.it\/index.php?rest_route=%2Fwp%2Fv2%2Fmedia&parent=75920"}],"wp:term":[{"taxonomy":"category","embeddable":true,"href":"https:\/\/appelloalpopolo.it\/index.php?rest_route=%2Fwp%2Fv2%2Fcategories&post=75920"},{"taxonomy":"post_tag","embeddable":true,"href":"https:\/\/appelloalpopolo.it\/index.php?rest_route=%2Fwp%2Fv2%2Ftags&post=75920"}],"curies":[{"name":"wp","href":"https:\/\/api.w.org\/{rel}","templated":true}]}}