{"id":75981,"date":"2022-12-14T08:00:01","date_gmt":"2022-12-14T07:00:01","guid":{"rendered":"https:\/\/appelloalpopolo.it\/?p=75981"},"modified":"2022-12-12T13:25:13","modified_gmt":"2022-12-12T12:25:13","slug":"oggi-guglielmo-marconi-lanciava-il-primo-segnale-radio-oltre-latlantico","status":"publish","type":"post","link":"https:\/\/appelloalpopolo.it\/?p=75981","title":{"rendered":"Oggi Guglielmo Marconi lanciava il primo segnale radio oltre l\u2019Atlantico"},"content":{"rendered":"<p><strong>di SCENARIECONOMICI (Giuseppina Perlasca)<\/strong><\/p>\n<header id=\"mvp-post-head\" class=\"left relative\">\n<div class=\"mvp-author-info-wrap left relative\">\n<div class=\"mvp-author-info-text left relative\">\n<div class=\"mvp-author-info-name left relative\"><\/div>\n<\/div>\n<\/div>\n<\/header>\n<div id=\"mvp-post-feat-img\" class=\"left relative mvp-post-feat-img-wide2\"><img loading=\"lazy\" decoding=\"async\" class=\"attachment- size- wp-post-image lazyautosizes lazyloaded\" src=\"https:\/\/scenarieconomici.it\/wp-content\/uploads\/2022\/12\/guglielmo-marconi-lo-scienziato-che-cambio-il-mondo.webp\" alt=\"\" width=\"1920\" height=\"1080\" data-src=\"https:\/\/scenarieconomici.it\/wp-content\/uploads\/2022\/12\/guglielmo-marconi-lo-scienziato-che-cambio-il-mondo.webp\" data-srcset=\"https:\/\/scenarieconomici.it\/wp-content\/uploads\/2022\/12\/guglielmo-marconi-lo-scienziato-che-cambio-il-mondo.webp 1920w, https:\/\/scenarieconomici.it\/wp-content\/uploads\/2022\/12\/guglielmo-marconi-lo-scienziato-che-cambio-il-mondo-300x169.webp 300w, https:\/\/scenarieconomici.it\/wp-content\/uploads\/2022\/12\/guglielmo-marconi-lo-scienziato-che-cambio-il-mondo-1024x576.webp 1024w, https:\/\/scenarieconomici.it\/wp-content\/uploads\/2022\/12\/guglielmo-marconi-lo-scienziato-che-cambio-il-mondo-768x432.webp 768w, https:\/\/scenarieconomici.it\/wp-content\/uploads\/2022\/12\/guglielmo-marconi-lo-scienziato-che-cambio-il-mondo-1536x864.webp 1536w\" data-sizes=\"auto\" \/><\/div>\n<div id=\"mvp-content-wrap\" class=\"left relative\">\n<div class=\"mvp-post-soc-out right relative\">\n<div class=\"mvp-post-soc-in\">\n<div id=\"mvp-content-body\" class=\"left relative\">\n<div id=\"mvp-content-body-top\" class=\"left relative\">\n<div id=\"mvp-content-main\" class=\"left relative\">\n<p>&nbsp;<\/p>\n<p>Guglielmo Marconi oggi realizzava uno dei propri esperimenti pi\u00f9 importanti: la prima trasmissione transatlantica, fra St John, nell\u2019isola canadese di Terranova, e Puldhu, in Cornovaglia. Il primo segnale radio transatlantico era ovviamente ancora in segnale morse e consisteva di solo tre punti, corrispondenti alla lettera \u201cS\u201d dell\u2019alfabeto Morse. La trasmissione dovette rimbalzare nella ionosfera per poter giungere a destinazione, un altro effetto scoperto dallo stesso Marconi.<\/p>\n<p>Premio Nobel per la fisica nel 1909 Marconi \u00e8 il quasi dimenticato padre delle radio comunicazioni e uno dei pi\u00f9 importanti studiosi del XX secolo delle onde elettromagnetiche. La sua grande capacit\u00e0 fu quella di tradurre in pratica, in strumenti utili, le scoperte proprie e del suo tempo. Nel 1898 effettua le prime comunicazione fra nave e terra, dallo Yacht reale inglese. Nel 1909 uno dei primi apparati radio installato sul transatlantico statunitense Republic lancia il primo messaggio di emergenza dopo una collisione in mare, portando al salvataggio di 1700 tra equipaggio e passeggeri. Famoso \u00e8 il caso d\u2019uso delle radiocomunicazioni nell\u2019affondamento del Titanic, dove le richieste di aiuto furono ignorate da una nave vicina solo perch\u00e9 il radio operatore era fuori servizio. Tra l\u2019altro Marconi avrebbe dovuto prendere parte al viaggio inaugurale con la famiglia, ma impegni lo avevano trattenuto negli USA, dove si rec\u00f2 ad accogliere e aiutare i naufraghi.\u00a0 Comunque dal 1907 esisteva la prima compagnia di radio comunicazioni internazionali, da lui fondata.<\/p>\n<div id=\"outbrain_widget_1\" class=\"OUTBRAIN\" data-src=\"https:\/\/scenarieconomici.it\/oggi-guglielmo-marconi-lanciava-il-primo-segnale-radio-oltre-latlantico\/\" data-widget-id=\"AR_3\" data-ob-mark=\"true\" data-browser=\"chrome\" data-os=\"macintel\" data-dynload=\"\" data-idx=\"1\">\n<div class=\"ob-widget ob-grid-layout AR_3 ob-cmn-AR_3\" data-dynamic-truncate=\"true\">\n<div class=\"ob-widget-items-container\"><\/div>\n<div class=\"ob-widget-footer\">\n<div class=\"ob_what ob_what_resp\"><\/div>\n<div class=\"ob-pixels\"><\/div>\n<\/div>\n<\/div>\n<\/div>\n<div id=\"attachment_171402\" class=\"wp-caption alignnone\"><a href=\"https:\/\/scenarieconomici.it\/wp-content\/uploads\/2022\/12\/elettra.jpg\"><img loading=\"lazy\" decoding=\"async\" class=\"size-full wp-image-171402 lazyautosizes ls-is-cached lazyloaded\" src=\"https:\/\/scenarieconomici.it\/wp-content\/uploads\/2022\/12\/elettra.jpg.webp\" alt=\"\" width=\"480\" height=\"307\" aria-describedby=\"caption-attachment-171402\" data-src=\"https:\/\/scenarieconomici.it\/wp-content\/uploads\/2022\/12\/elettra.jpg.webp\" data-srcset=\"https:\/\/scenarieconomici.it\/wp-content\/uploads\/2022\/12\/elettra.jpg.webp 480w, https:\/\/scenarieconomici.it\/wp-content\/uploads\/2022\/12\/elettra-300x192.jpg.webp 300w\" data-sizes=\"auto\" data-src-webp=\"https:\/\/scenarieconomici.it\/wp-content\/uploads\/2022\/12\/elettra.jpg.webp\" data-srcset-webp=\"https:\/\/scenarieconomici.it\/wp-content\/uploads\/2022\/12\/elettra.jpg.webp 480w, https:\/\/scenarieconomici.it\/wp-content\/uploads\/2022\/12\/elettra-300x192.jpg.webp 300w\" \/><\/a><\/p>\n<p id=\"caption-attachment-171402\" class=\"wp-caption-text\">La nave Elettra<\/p>\n<\/div>\n<p>Nel 1914 si arruol\u00f2 volontario nell\u2019esercito, venendo promosso capitano enl 1915, ma svolse il servizio sempre integrato nella Marina e prest\u00f2 servizio nel suo Istituto Radiotelegrafico, venendo promosso nuovamente a fine guerra. Nel 1920 inaugur\u00f2 la prima trasmissione radio pubblica dallo stabilimento Marconi nel Regno Unito, ma il suo apporto alla tecnologia non si ferm\u00f2 a questo punto, Negli anni 20 partecip\u00f2 alla nascita dei sistemi di radioguida, con gli esperimenti tramite radiofaro effettuati sul suo yacht Elettra e di radiocomando a distanza. L\u2019ultimo suo apporto, nel 1933, furono i primi esperimenti di individuazione radar effettuati tramite l\u2019identificazione, nei dintorni di Roma, di auto che si muovevano nella campagna riflettendo le onde radio. L\u2019effetto fu dimostrato di fronte ai comandi militari che, per\u00f2, non\u00a0 ne compresero le implicazioni, ma i suoi esperimenti portarono alle famose voci secondo cui Marconi avrebbe realizzato un \u201cRaggio della morte\u201d, poi messo da parte per volere del Papa.<\/p>\n<div id=\"outbrain_widget_2\" class=\"OUTBRAIN\" data-src=\"https:\/\/scenarieconomici.it\/oggi-guglielmo-marconi-lanciava-il-primo-segnale-radio-oltre-latlantico\/\" data-widget-id=\"AR_4\" data-ob-mark=\"true\" data-browser=\"chrome\" data-os=\"macintel\" data-dynload=\"\" data-idx=\"2\">\n<div class=\"ob-widget ob-grid-layout AR_4 ob-cmn-AR_3\" data-dynamic-truncate=\"true\">\n<div class=\"ob-widget-items-container\"><\/div>\n<div class=\"ob-widget-footer\">\n<div class=\"ob_what ob_what_resp\"><\/div>\n<div class=\"ob-pixels\"><\/div>\n<\/div>\n<\/div>\n<\/div>\n<p>Quindi oggi ricordiamo un grande italiano e un grande scienziato, ora quasi dimenticato.<\/p>\n<\/div>\n<\/div>\n<\/div>\n<\/div>\n<\/div>\n<\/div>\n<p>&nbsp;<\/p>\n<p><strong>FONTE:<\/strong>\u00a0<a href=\"https:\/\/scenarieconomici.it\/oggi-guglielmo-marconi-lanciava-il-primo-segnale-radio-oltre-latlantico\/\">https:\/\/scenarieconomici.it\/oggi-guglielmo-marconi-lanciava-il-primo-segnale-radio-oltre-latlantico\/<\/a><\/p>\n","protected":false},"excerpt":{"rendered":"<p>di SCENARIECONOMICI (Giuseppina Perlasca) &nbsp; Guglielmo Marconi oggi realizzava uno dei propri esperimenti pi\u00f9 importanti: la prima trasmissione transatlantica, fra St John, nell\u2019isola canadese di Terranova, e Puldhu, in Cornovaglia. Il primo segnale radio transatlantico era ovviamente ancora in segnale morse e consisteva di solo tre punti, corrispondenti alla lettera \u201cS\u201d dell\u2019alfabeto Morse. La trasmissione dovette rimbalzare nella ionosfera per poter giungere a destinazione, un altro effetto scoperto dallo stesso Marconi. Premio Nobel per la&#46;&#46;&#46;<\/p>\n","protected":false},"author":99,"featured_media":26680,"comment_status":"open","ping_status":"open","sticky":false,"template":"","format":"standard","meta":{"jetpack_post_was_ever_published":false,"_jetpack_newsletter_access":"","_jetpack_dont_email_post_to_subs":false,"_jetpack_newsletter_tier_id":0,"_jetpack_memberships_contains_paywalled_content":false,"_jetpack_memberships_contains_paid_content":false,"footnotes":"","jetpack_publicize_message":"","jetpack_publicize_feature_enabled":true,"jetpack_social_post_already_shared":true,"jetpack_social_options":{"image_generator_settings":{"template":"highway","enabled":false},"version":2}},"categories":[32],"tags":[],"jetpack_publicize_connections":[],"jetpack_featured_media_url":"https:\/\/appelloalpopolo.it\/wp-content\/uploads\/2016\/12\/Scenarieconomici.png","jetpack_sharing_enabled":true,"jetpack_shortlink":"https:\/\/wp.me\/p7ZaJ4-jLv","_links":{"self":[{"href":"https:\/\/appelloalpopolo.it\/index.php?rest_route=\/wp\/v2\/posts\/75981"}],"collection":[{"href":"https:\/\/appelloalpopolo.it\/index.php?rest_route=\/wp\/v2\/posts"}],"about":[{"href":"https:\/\/appelloalpopolo.it\/index.php?rest_route=\/wp\/v2\/types\/post"}],"author":[{"embeddable":true,"href":"https:\/\/appelloalpopolo.it\/index.php?rest_route=\/wp\/v2\/users\/99"}],"replies":[{"embeddable":true,"href":"https:\/\/appelloalpopolo.it\/index.php?rest_route=%2Fwp%2Fv2%2Fcomments&post=75981"}],"version-history":[{"count":1,"href":"https:\/\/appelloalpopolo.it\/index.php?rest_route=\/wp\/v2\/posts\/75981\/revisions"}],"predecessor-version":[{"id":75982,"href":"https:\/\/appelloalpopolo.it\/index.php?rest_route=\/wp\/v2\/posts\/75981\/revisions\/75982"}],"wp:featuredmedia":[{"embeddable":true,"href":"https:\/\/appelloalpopolo.it\/index.php?rest_route=\/wp\/v2\/media\/26680"}],"wp:attachment":[{"href":"https:\/\/appelloalpopolo.it\/index.php?rest_route=%2Fwp%2Fv2%2Fmedia&parent=75981"}],"wp:term":[{"taxonomy":"category","embeddable":true,"href":"https:\/\/appelloalpopolo.it\/index.php?rest_route=%2Fwp%2Fv2%2Fcategories&post=75981"},{"taxonomy":"post_tag","embeddable":true,"href":"https:\/\/appelloalpopolo.it\/index.php?rest_route=%2Fwp%2Fv2%2Ftags&post=75981"}],"curies":[{"name":"wp","href":"https:\/\/api.w.org\/{rel}","templated":true}]}}