{"id":75994,"date":"2022-12-14T01:57:07","date_gmt":"2022-12-14T00:57:07","guid":{"rendered":"https:\/\/appelloalpopolo.it\/?p=75994"},"modified":"2022-12-13T22:08:35","modified_gmt":"2022-12-13T21:08:35","slug":"la-storia-e-tutta-la-verita","status":"publish","type":"post","link":"https:\/\/appelloalpopolo.it\/?p=75994","title":{"rendered":"La storia \u00e8 tutta la verit\u00e0"},"content":{"rendered":"<p>di STEFANO D&#8217;ANDREA<\/p>\n<p style=\"text-align: justify;\">Studiare il capitalismo contemporaneo significa considerare il capitalismo attuale e sottrargli il capitalismo fino a una certa data (per me 1977-79).<\/p>\n<p style=\"text-align: justify;\">Il risultato della sottrazione \u00e8 il capitalismo contemporaneo.<\/p>\n<p style=\"text-align: justify;\">Poi si pu\u00f2 omettere il trentennio glorioso, ossia il trentennio socialdemocratico.<\/p>\n<p style=\"text-align: justify;\">In questo caso si tratta di sottrarre al capitalismo contemporaneo il capitalismo fino al 1929 (ma vi furono norme a favore del capitale anche durante il trentennio glorioso, che quindi fu caratterizzato da due direzioni).<\/p>\n<p style=\"text-align: justify;\">In entrambi i casi, \u00e8 chiaro che la verit\u00e0 sul capitalismo contemporaneo si scopre soltanto studiando LA STORIA.<\/p>\n<p style=\"text-align: justify;\">Il presente \u00e8 il presente meno il passato e dunque implica lo studio del passato.<\/p>\n<p style=\"text-align: justify;\">Senza studiare la storia \u00e8 impossibile conoscere il presente. La storia \u00e8 il fondamento di ogni verit\u00e0.<\/p>\n","protected":false},"excerpt":{"rendered":"<p>di STEFANO D&#8217;ANDREA Studiare il capitalismo contemporaneo significa considerare il capitalismo attuale e sottrargli il capitalismo fino a una certa data (per me 1977-79). Il risultato della sottrazione \u00e8 il capitalismo contemporaneo. Poi si pu\u00f2 omettere il trentennio glorioso, ossia il trentennio socialdemocratico. In questo caso si tratta di sottrarre al capitalismo contemporaneo il capitalismo fino al 1929 (ma vi furono norme a favore del capitale anche durante il trentennio glorioso, che quindi fu caratterizzato&#46;&#46;&#46;<\/p>\n","protected":false},"author":4,"featured_media":75995,"comment_status":"open","ping_status":"open","sticky":false,"template":"","format":"standard","meta":{"jetpack_post_was_ever_published":false,"_jetpack_newsletter_access":"","_jetpack_dont_email_post_to_subs":false,"_jetpack_newsletter_tier_id":0,"_jetpack_memberships_contains_paywalled_content":false,"_jetpack_memberships_contains_paid_content":false,"footnotes":"","jetpack_publicize_message":"","jetpack_publicize_feature_enabled":true,"jetpack_social_post_already_shared":true,"jetpack_social_options":{"image_generator_settings":{"template":"highway","enabled":false},"version":2}},"categories":[6196,6],"tags":[],"jetpack_publicize_connections":[],"jetpack_featured_media_url":"https:\/\/appelloalpopolo.it\/wp-content\/uploads\/2022\/12\/crisi-del-29-1200x900-1.jpg","jetpack_sharing_enabled":true,"jetpack_shortlink":"https:\/\/wp.me\/p7ZaJ4-jLI","_links":{"self":[{"href":"https:\/\/appelloalpopolo.it\/index.php?rest_route=\/wp\/v2\/posts\/75994"}],"collection":[{"href":"https:\/\/appelloalpopolo.it\/index.php?rest_route=\/wp\/v2\/posts"}],"about":[{"href":"https:\/\/appelloalpopolo.it\/index.php?rest_route=\/wp\/v2\/types\/post"}],"author":[{"embeddable":true,"href":"https:\/\/appelloalpopolo.it\/index.php?rest_route=\/wp\/v2\/users\/4"}],"replies":[{"embeddable":true,"href":"https:\/\/appelloalpopolo.it\/index.php?rest_route=%2Fwp%2Fv2%2Fcomments&post=75994"}],"version-history":[{"count":1,"href":"https:\/\/appelloalpopolo.it\/index.php?rest_route=\/wp\/v2\/posts\/75994\/revisions"}],"predecessor-version":[{"id":75996,"href":"https:\/\/appelloalpopolo.it\/index.php?rest_route=\/wp\/v2\/posts\/75994\/revisions\/75996"}],"wp:featuredmedia":[{"embeddable":true,"href":"https:\/\/appelloalpopolo.it\/index.php?rest_route=\/wp\/v2\/media\/75995"}],"wp:attachment":[{"href":"https:\/\/appelloalpopolo.it\/index.php?rest_route=%2Fwp%2Fv2%2Fmedia&parent=75994"}],"wp:term":[{"taxonomy":"category","embeddable":true,"href":"https:\/\/appelloalpopolo.it\/index.php?rest_route=%2Fwp%2Fv2%2Fcategories&post=75994"},{"taxonomy":"post_tag","embeddable":true,"href":"https:\/\/appelloalpopolo.it\/index.php?rest_route=%2Fwp%2Fv2%2Ftags&post=75994"}],"curies":[{"name":"wp","href":"https:\/\/api.w.org\/{rel}","templated":true}]}}