{"id":76028,"date":"2022-12-16T09:36:07","date_gmt":"2022-12-16T08:36:07","guid":{"rendered":"https:\/\/appelloalpopolo.it\/?p=76028"},"modified":"2022-12-15T08:38:40","modified_gmt":"2022-12-15T07:38:40","slug":"il-consenso-informato-al-trattamento-sanitario-sotto-la-vigenza-dellobbligo-vaccinale-anti-sars-cov-2","status":"publish","type":"post","link":"https:\/\/appelloalpopolo.it\/?p=76028","title":{"rendered":"IL \u201cCONSENSO INFORMATO\u201d AL TRATTAMENTO SANITARIO SOTTO LA VIGENZA DELL\u2019OBBLIGO VACCINALE ANTI SARS-COV-2"},"content":{"rendered":"<p><strong>di GIUBBE ROSSE NEWS (Osservatorio legale effetti avversi da vaccini)<\/strong><\/p>\n<header class=\"entry-header\">\n<div class=\"header-details-wrapper\">\n<div class=\"entry-header-details\">\n<div class=\"post-excerpt\">\n<p>Il consenso a un trattamento sanitario non pu\u00f2 essere mai espresso in forma libera, se rilasciato in presenza di un obbligo di legge il cui inadempimento \u00e8 sanzionato con la sospensione di diritti fondamentali riconosciuti inviolabili e garantiti da Convenzioni Internazionali e dalla Carta costituzionale.<\/p>\n<\/div>\n<\/div>\n<\/div>\n<\/header>\n<div class=\"entry-content\">\n<div class=\"elementor elementor-29452\" data-elementor-type=\"wp-post\" data-elementor-id=\"29452\">\n<div class=\"elementor-inner\">\n<div class=\"elementor-section-wrap\">\n<section class=\"elementor-section elementor-top-section elementor-element elementor-element-cb7494d elementor-section-boxed elementor-section-height-default elementor-section-height-default\" data-id=\"cb7494d\" data-element_type=\"section\">\n<div class=\"elementor-container elementor-column-gap-default\">\n<div class=\"elementor-row\">\n<div class=\"elementor-column elementor-col-100 elementor-top-column elementor-element elementor-element-d06c092\" data-id=\"d06c092\" data-element_type=\"column\">\n<div class=\"elementor-column-wrap elementor-element-populated\">\n<div class=\"elementor-widget-wrap\">\n<div class=\"elementor-element elementor-element-27a8d87 elementor-widget elementor-widget-image\" data-id=\"27a8d87\" data-element_type=\"widget\" data-widget_type=\"image.default\">\n<div class=\"elementor-widget-container\">\n<div class=\"elementor-image\"><img loading=\"lazy\" decoding=\"async\" class=\"attachment-full size-full wp-image-29463 lazyloaded\" src=\"https:\/\/i0.wp.com\/giubberosse.news\/wp-content\/uploads\/2022\/12\/ANMDO_consenso-informato-849x494-1.jpg?fit=849%2C494&amp;ssl=1\" alt=\"\" width=\"849\" height=\"494\" data-srcset=\"https:\/\/i0.wp.com\/giubberosse.news\/wp-content\/uploads\/2022\/12\/ANMDO_consenso-informato-849x494-1.jpg?w=849&amp;ssl=1 849w, https:\/\/i0.wp.com\/giubberosse.news\/wp-content\/uploads\/2022\/12\/ANMDO_consenso-informato-849x494-1.jpg?resize=300%2C175&amp;ssl=1 300w, https:\/\/i0.wp.com\/giubberosse.news\/wp-content\/uploads\/2022\/12\/ANMDO_consenso-informato-849x494-1.jpg?resize=768%2C447&amp;ssl=1 768w\" data-src=\"https:\/\/i0.wp.com\/giubberosse.news\/wp-content\/uploads\/2022\/12\/ANMDO_consenso-informato-849x494-1.jpg?fit=849%2C494&amp;ssl=1\" data-sizes=\"(max-width: 640px) 100vw, 640px\" \/><\/div>\n<\/div>\n<\/div>\n<\/div>\n<\/div>\n<\/div>\n<\/div>\n<\/div>\n<\/section>\n<section class=\"elementor-section elementor-top-section elementor-element elementor-element-1b2901b elementor-section-boxed elementor-section-height-default elementor-section-height-default\" data-id=\"1b2901b\" data-element_type=\"section\">\n<div class=\"elementor-container elementor-column-gap-default\">\n<div class=\"elementor-row\">\n<div class=\"elementor-column elementor-col-100 elementor-top-column elementor-element elementor-element-1c87625\" data-id=\"1c87625\" data-element_type=\"column\">\n<div class=\"elementor-column-wrap elementor-element-populated\">\n<div class=\"elementor-widget-wrap\">\n<section class=\"elementor-section elementor-inner-section elementor-element elementor-element-3fcebc3 elementor-section-boxed elementor-section-height-default elementor-section-height-default\" data-id=\"3fcebc3\" data-element_type=\"section\">\n<div class=\"elementor-container elementor-column-gap-default\">\n<div class=\"elementor-row\">\n<div class=\"elementor-column elementor-col-50 elementor-inner-column elementor-element elementor-element-03c14e0\" data-id=\"03c14e0\" data-element_type=\"column\">\n<div class=\"elementor-column-wrap elementor-element-populated\">\n<div class=\"elementor-widget-wrap\">\n<div class=\"elementor-element elementor-element-a5ffb5c elementor-widget elementor-widget-image\" data-id=\"a5ffb5c\" data-element_type=\"widget\" data-widget_type=\"image.default\">\n<div class=\"elementor-widget-container\">\n<div class=\"elementor-image\"><img loading=\"lazy\" decoding=\"async\" class=\"attachment-thumbnail size-thumbnail wp-image-29031 lazyloaded\" src=\"https:\/\/i0.wp.com\/giubberosse.news\/wp-content\/uploads\/2022\/12\/Osseervatorio-Legale-EAV-80x80-5.jpg?resize=80%2C80&amp;ssl=1\" alt=\"\" width=\"80\" height=\"80\" data-src=\"https:\/\/i0.wp.com\/giubberosse.news\/wp-content\/uploads\/2022\/12\/Osseervatorio-Legale-EAV-80x80-5.jpg?resize=80%2C80&amp;ssl=1\" \/><\/div>\n<\/div>\n<\/div>\n<\/div>\n<\/div>\n<\/div>\n<div class=\"elementor-column elementor-col-50 elementor-inner-column elementor-element elementor-element-119ac63\" data-id=\"119ac63\" data-element_type=\"column\">\n<div class=\"elementor-column-wrap elementor-element-populated\">\n<div class=\"elementor-widget-wrap\">\n<div class=\"elementor-element elementor-element-241c0fb elementor-widget elementor-widget-text-editor\" data-id=\"241c0fb\" data-element_type=\"widget\" data-widget_type=\"text-editor.default\">\n<div class=\"elementor-widget-container\">\n<div class=\"elementor-text-editor elementor-clearfix\">\n<p>&nbsp;<\/p>\n<p>Avv. Claudio Cuzzini,\u00a0Osservatorio Legale Effetti Avversi da Vaccini (E.A.V.)<\/p>\n<\/div>\n<\/div>\n<\/div>\n<\/div>\n<\/div>\n<\/div>\n<\/div>\n<\/div>\n<\/section>\n<\/div>\n<\/div>\n<\/div>\n<\/div>\n<\/div>\n<\/section>\n<section class=\"elementor-section elementor-top-section elementor-element elementor-element-925da4b elementor-section-boxed elementor-section-height-default elementor-section-height-default\" data-id=\"925da4b\" data-element_type=\"section\">\n<div class=\"elementor-container elementor-column-gap-default\">\n<div class=\"elementor-row\">\n<div class=\"elementor-column elementor-col-100 elementor-top-column elementor-element elementor-element-b1e66ec\" data-id=\"b1e66ec\" data-element_type=\"column\">\n<div class=\"elementor-column-wrap elementor-element-populated\">\n<div class=\"elementor-widget-wrap\">\n<div class=\"elementor-element elementor-element-9889e2c elementor-widget elementor-widget-text-editor\" data-id=\"9889e2c\" data-element_type=\"widget\" data-widget_type=\"text-editor.default\">\n<div class=\"elementor-widget-container\">\n<div class=\"elementor-text-editor elementor-clearfix\">\n<p>Con i decreti-legge 1\u00b0 aprile 2021, n. 44 (istitutivo dell\u2019obbligo vaccinale) e 22 aprile 2021, n. 52 (istitutivo della certificazione verde), il legislatore italiano ha sostenuto e dato forma a un impianto giuridico volto a garantire la piena efficacia della campagna di somministrazione obbligatoria di farmaci per la prevenzione dell\u2019infezione da SARS-CoV-2 che, al momento dell\u2019immissione in commercio, non avevano completato fondamentali fasi sperimentali cos\u00ec come, invece, avviene nelle procedure autorizzazione standard.<\/p>\n<\/div>\n<\/div>\n<\/div>\n<\/div>\n<\/div>\n<\/div>\n<\/div>\n<\/div>\n<\/section>\n<section class=\"elementor-section elementor-top-section elementor-element elementor-element-30aca34 elementor-section-boxed elementor-section-height-default elementor-section-height-default\" data-id=\"30aca34\" data-element_type=\"section\">\n<div class=\"elementor-container elementor-column-gap-default\">\n<div class=\"elementor-row\">\n<div class=\"elementor-column elementor-col-100 elementor-top-column elementor-element elementor-element-86e9b27\" data-id=\"86e9b27\" data-element_type=\"column\">\n<div class=\"elementor-column-wrap elementor-element-populated\">\n<div class=\"elementor-widget-wrap\">\n<div class=\"elementor-element elementor-element-4ed756e elementor-widget elementor-widget-text-editor\" data-id=\"4ed756e\" data-element_type=\"widget\" data-widget_type=\"text-editor.default\">\n<div class=\"elementor-widget-container\">\n<div class=\"elementor-text-editor elementor-clearfix\">\n<p>La normativa, emanata nel contesto dell\u2019emergenza sanitaria dichiarata con delibera del Consiglio dei Ministri del 31 gennaio 2020, ha avuto lo scopo di somministrare i suddetti farmaci alla maggior parte della popolazione imponendone l\u2019obbligo, almeno per alcune categorie di lavoratori (come per il comparto sanit\u00e0, difesa e pubblico impiego) e alle persone con oltre 50 anni di et\u00e0. L\u2019eventuale inadempimento \u00e8 stato sanzionato con la sospensione dall\u2019esercizio dell\u2019attivit\u00e0 lavorativa, con una sanzione amministrativa di \u20ac 100,00 e con invasive limitazioni della libert\u00e0 di circolazione e di utilizzo di servizi concesse solo ai titolari di certificazione verde.<\/p>\n<\/div>\n<\/div>\n<\/div>\n<\/div>\n<\/div>\n<\/div>\n<\/div>\n<\/div>\n<\/section>\n<section class=\"elementor-section elementor-top-section elementor-element elementor-element-b0639fb elementor-section-boxed elementor-section-height-default elementor-section-height-default\" data-id=\"b0639fb\" data-element_type=\"section\">\n<div class=\"elementor-container elementor-column-gap-default\">\n<div class=\"elementor-row\">\n<div class=\"elementor-column elementor-col-100 elementor-top-column elementor-element elementor-element-e28f824\" data-id=\"e28f824\" data-element_type=\"column\">\n<div class=\"elementor-column-wrap elementor-element-populated\">\n<div class=\"elementor-widget-wrap\">\n<div class=\"elementor-element elementor-element-9f118f9 elementor-widget elementor-widget-text-editor\" data-id=\"9f118f9\" data-element_type=\"widget\" data-widget_type=\"text-editor.default\">\n<div class=\"elementor-widget-container\">\n<div class=\"elementor-text-editor elementor-clearfix\">\n<p>In questo contesto di compressione e compromissione di alcune libert\u00e0 fondamentali, milioni di persone si sono trovate nella condizione di dovere esprimere il consenso alla somministrazione di farmaci come imposto dai decreti-legge sopra richiamati.<\/p>\n<\/div>\n<\/div>\n<\/div>\n<\/div>\n<\/div>\n<\/div>\n<\/div>\n<\/div>\n<\/section>\n<section class=\"elementor-section elementor-top-section elementor-element elementor-element-50fd64c elementor-section-boxed elementor-section-height-default elementor-section-height-default\" data-id=\"50fd64c\" data-element_type=\"section\">\n<div class=\"elementor-container elementor-column-gap-default\">\n<div class=\"elementor-row\">\n<div class=\"elementor-column elementor-col-100 elementor-top-column elementor-element elementor-element-4c9f475\" data-id=\"4c9f475\" data-element_type=\"column\">\n<div class=\"elementor-column-wrap elementor-element-populated\">\n<div class=\"elementor-widget-wrap\">\n<div class=\"elementor-element elementor-element-bc50cb4 elementor-widget elementor-widget-text-editor\" data-id=\"bc50cb4\" data-element_type=\"widget\" data-widget_type=\"text-editor.default\">\n<div class=\"elementor-widget-container\">\n<div class=\"elementor-text-editor elementor-clearfix\">\n<p>Sappiamo, inoltre, che l\u2019obbligo a un determinato trattamento sanitario pu\u00f2 essere imposto non\u00a0<em>tout court<\/em>\u00a0ma, in applicazione del comma 2 dell\u2019art. 32 della Costituzione, solo a fronte del rispetto di rigorose garanzie come affermato chiaramente dalla Corte costituzionale con la sentenza 22 giugno 1990, n. 307 secondo cui, appunto, la costituzionalit\u00e0 degli interventi normativi che dispongono l\u2019obbligatoriet\u00e0 di determinati trattamenti sanitari \u00e8 garantita quando: a) il trattamento sia diretto non solo a migliorare o a preservare lo stato di salute di chi vi \u00e8 assoggettato, ma anche a preservare lo stato di salute degli altri; b) un trattamento sanitario pu\u00f2 essere imposto solo nella previsione che esso non incida negativamente sullo stato di salute di colui che vi \u00e8 assoggettato, salvo che per quelle sole conseguenze, che, per la loro temporaneit\u00e0 e scarsa entit\u00e0, appaiano normali di ogni intervento sanitario, e pertanto tollerabili; c) che comunque venga assicurato, a carico della collettivit\u00e0, e per essa dello Stato che dispone il trattamento obbligatorio, il rimedio di un equo ristoro dell\u2019eventuale danno patito; d) che la legge impositiva di un trattamento sanitario o di esecuzione materiale del detto trattamento devono essere accompagnate dalle cautele o condotte secondo le modalit\u00e0 che lo stato delle conoscenze scientifiche e l\u2019arte prescrivono in relazione alla sua natura. E fra queste va ricompresa\u00a0<strong>la comunicazione alla persona che vi \u00e8 assoggettata, o alle persone che sono tenute a prendere decisioni per essa e\/o ad assisterla, di adeguate notizie circa i rischi di lesione (o, trattandosi di trattamenti antiepidemiologici, di contagio), nonch\u00e9 delle particolari precauzioni, che, sempre allo stato delle conoscenze scientifiche, siano rispettivamente verificabili e adottabili<\/strong>.<\/p>\n<\/div>\n<\/div>\n<\/div>\n<\/div>\n<\/div>\n<\/div>\n<\/div>\n<\/div>\n<\/section>\n<section class=\"elementor-section elementor-top-section elementor-element elementor-element-a1f13d6 elementor-section-boxed elementor-section-height-default elementor-section-height-default\" data-id=\"a1f13d6\" data-element_type=\"section\">\n<div class=\"elementor-container elementor-column-gap-default\">\n<div class=\"elementor-row\">\n<div class=\"elementor-column elementor-col-100 elementor-top-column elementor-element elementor-element-fe24b3f\" data-id=\"fe24b3f\" data-element_type=\"column\">\n<div class=\"elementor-column-wrap elementor-element-populated\">\n<div class=\"elementor-widget-wrap\">\n<div class=\"elementor-element elementor-element-bbe315c elementor-widget elementor-widget-text-editor\" data-id=\"bbe315c\" data-element_type=\"widget\" data-widget_type=\"text-editor.default\">\n<div class=\"elementor-widget-container\">\n<div class=\"elementor-text-editor elementor-clearfix\">\n<p>Sul\u00a0consenso informato, inteso quale espressione della consapevole adesione al trattamento sanitario proposto, vi \u00e8 da dire che, sempre secondo la Corte costituzionale,\u00a0<u>esso si configura quale vero e proprio diritto della persona e trova fondamento quale vero e proprio diritto della persona e trova fondamento nei principi espressi nell\u2019art. 2 della Costituzione, che ne tutela e promuove i diritti fondamentali, e negli artt. 13 e 32 della Costituzione, i quali stabiliscono, rispettivamente, che\u00a0<em>\u00ab<\/em>la libert\u00e0 personale \u00e8 inviolabile\u00bb<em>,\u00a0<\/em>e che \u00abnessuno pu\u00f2 essere obbligato a un determinato trattamento sanitario se non per disposizione di legge\u00bb<\/u>. Il consenso ai trattamenti sanitari \u00e8 previsto e garantito oltre che dalla normativa nazionale con l. 22 dicembre 2017, n. 219, da Convenzioni internazionali direttamente applicabili nel nostro ordinamento. L\u2019art. 24 della Convenzione sui diritti del fanciullo, firmata a New York il 20 novembre 1989, ratificata e resa esecutiva con legge 27 maggio 1991, n. 176 dispone che \u00ab<strong>tutti i gruppi della societ\u00e0 in particolare i genitori ed i minori ricevano informazioni sulla salute e sulla nutrizione del minore<\/strong>\u00bb; l\u2019art. 5 della Convenzione sui diritti dell\u2019uomo e sulla biomedicina, firmata ad Oviedo il 4 aprile 1997, ratificata dall\u2019Italia con legge 28 marzo 2001, n. 145, prevede che \u00ab<strong>un trattamento sanitario pu\u00f2 essere praticato solo se la persona interessata abbia prestato il proprio consenso libero ed informato<\/strong>\u00bb; l\u2019art. 3 della Carta dei diritti fondamentali dell\u2019Unione europea, proclamata a Nizza il 7 dicembre 2000, sancisce, poi, che \u00abogni individuo ha diritto alla propria integrit\u00e0 fisica e psichica\u00bb e che nell\u2019ambito della medicina e della biologia\u00a0<strong>deve essere in particolare rispettato, tra gli altri, \u00abil consenso libero e informato della persona interessata, secondo le modalit\u00e0 definite dalla legge<\/strong>\u00bb. (<strong>Corte costituzionale, sentenza 438\/2008<\/strong>).<\/p>\n<\/div>\n<\/div>\n<\/div>\n<\/div>\n<\/div>\n<\/div>\n<\/div>\n<\/div>\n<\/section>\n<section class=\"elementor-section elementor-top-section elementor-element elementor-element-5b53c3a elementor-section-boxed elementor-section-height-default elementor-section-height-default\" data-id=\"5b53c3a\" data-element_type=\"section\">\n<div class=\"elementor-container elementor-column-gap-default\">\n<div class=\"elementor-row\">\n<div class=\"elementor-column elementor-col-100 elementor-top-column elementor-element elementor-element-99333f1\" data-id=\"99333f1\" data-element_type=\"column\">\n<div class=\"elementor-column-wrap elementor-element-populated\">\n<div class=\"elementor-widget-wrap\">\n<div class=\"elementor-element elementor-element-d0a1d62 elementor-widget elementor-widget-text-editor\" data-id=\"d0a1d62\" data-element_type=\"widget\" data-widget_type=\"text-editor.default\">\n<div class=\"elementor-widget-container\">\n<div class=\"elementor-text-editor elementor-clearfix\">\n<p>In Italia dal mese di dicembre 2020, con l\u2019inizio della campagna di prevenzione dell\u2019infezione da SARS-CoV-2, il modulo di consenso informato che viene utilizzato, reperibile dal seguente link\u00a0\u00a0<a href=\"https:\/\/www.governo.it\/it\/dipartimenti\/commissario-straordinario-lemergenza-covid-19\/16500\">https:\/\/www.governo.it\/it\/dipartimenti\/commissario-straordinario-lemergenza-covid-19\/16500<\/a>\u00a0(versione aggiornata e in uso al mese di marzo 2021) non contiene alcune informazioni fondamentali affinch\u00e9 ciascun individuo possa effettivamente operare una scelta libera e informata. Ci riferiamo alla mancata indicazione delle reazioni avverse anche gravi, compresi i decessi, validati da Aifa secondo l\u2019algoritmo dell\u2019OMS (di cui parleremo in altre occasioni), parliamo ancora della mancata indicazione delle segnalazioni di sospette reazioni avverse contenute nelle banca dati dei Paesi dell\u2019Unione europea EudraVigilance\u00a0<a href=\"https:\/\/www.adrreports.eu\/it\/index.html\"><em>https:\/\/www.adrreports.eu\/it\/index.html<\/em><\/a>\u00a0e parliamo del fatto che nel consenso informato non viene espressamente indicato che i farmaci sono stati prodotti per la prevenzione dalla malattia Covid-19 causata da SARS-CoV-2 e che non hanno efficacia per interrompere o prevenire la trasmissione dell\u2019infezione SARS-CoV-2. Concludiamo, inoltre, sostenendo che la manifestazione del consenso non pu\u00f2 essere mai espressa in forma libera, in presenza di un obbligo di legge il cui inadempimento \u00e8 sanzionato con la sospensione di diritti fondamentali riconosciuti inviolabili e garantiti da Convenzioni Internazionali e dalla Carta costituzionale.<\/p>\n<p><strong>FONTE:<a href=\"https:\/\/giubberosse.news\/2022\/12\/14\/il-consenso-informato-al-trattamento-sanitario-sotto-la-vigenza-dellobbligo-vaccinale-anti-sars-cov-2\/\">https:\/\/giubberosse.news\/2022\/12\/14\/il-consenso-informato-al-trattamento-sanitario-sotto-la-vigenza-dellobbligo-vaccinale-anti-sars-cov-2\/<\/a><\/strong><\/p>\n<\/div>\n<\/div>\n<\/div>\n<\/div>\n<\/div>\n<\/div>\n<\/div>\n<\/div>\n<\/section>\n<\/div>\n<\/div>\n<\/div>\n<\/div>\n","protected":false},"excerpt":{"rendered":"<p>di GIUBBE ROSSE NEWS (Osservatorio legale effetti avversi da vaccini) Il consenso a un trattamento sanitario non pu\u00f2 essere mai espresso in forma libera, se rilasciato in presenza di un obbligo di legge il cui inadempimento \u00e8 sanzionato con la sospensione di diritti fondamentali riconosciuti inviolabili e garantiti da Convenzioni Internazionali e dalla Carta costituzionale. &nbsp; Avv. Claudio Cuzzini,\u00a0Osservatorio Legale Effetti Avversi da Vaccini (E.A.V.) Con i decreti-legge 1\u00b0 aprile 2021, n. 44 (istitutivo dell\u2019obbligo&#46;&#46;&#46;<\/p>\n","protected":false},"author":109,"featured_media":72556,"comment_status":"open","ping_status":"open","sticky":false,"template":"","format":"standard","meta":{"jetpack_post_was_ever_published":false,"_jetpack_newsletter_access":"","_jetpack_dont_email_post_to_subs":false,"_jetpack_newsletter_tier_id":0,"_jetpack_memberships_contains_paywalled_content":false,"_jetpack_memberships_contains_paid_content":false,"footnotes":"","jetpack_publicize_message":"","jetpack_publicize_feature_enabled":true,"jetpack_social_post_already_shared":true,"jetpack_social_options":{"image_generator_settings":{"template":"highway","enabled":false},"version":2}},"categories":[32],"tags":[],"jetpack_publicize_connections":[],"jetpack_featured_media_url":"https:\/\/appelloalpopolo.it\/wp-content\/uploads\/2022\/06\/logo-Giubbe-Rosse-News-grande-1.webp","jetpack_sharing_enabled":true,"jetpack_shortlink":"https:\/\/wp.me\/p7ZaJ4-jMg","_links":{"self":[{"href":"https:\/\/appelloalpopolo.it\/index.php?rest_route=\/wp\/v2\/posts\/76028"}],"collection":[{"href":"https:\/\/appelloalpopolo.it\/index.php?rest_route=\/wp\/v2\/posts"}],"about":[{"href":"https:\/\/appelloalpopolo.it\/index.php?rest_route=\/wp\/v2\/types\/post"}],"author":[{"embeddable":true,"href":"https:\/\/appelloalpopolo.it\/index.php?rest_route=\/wp\/v2\/users\/109"}],"replies":[{"embeddable":true,"href":"https:\/\/appelloalpopolo.it\/index.php?rest_route=%2Fwp%2Fv2%2Fcomments&post=76028"}],"version-history":[{"count":1,"href":"https:\/\/appelloalpopolo.it\/index.php?rest_route=\/wp\/v2\/posts\/76028\/revisions"}],"predecessor-version":[{"id":76029,"href":"https:\/\/appelloalpopolo.it\/index.php?rest_route=\/wp\/v2\/posts\/76028\/revisions\/76029"}],"wp:featuredmedia":[{"embeddable":true,"href":"https:\/\/appelloalpopolo.it\/index.php?rest_route=\/wp\/v2\/media\/72556"}],"wp:attachment":[{"href":"https:\/\/appelloalpopolo.it\/index.php?rest_route=%2Fwp%2Fv2%2Fmedia&parent=76028"}],"wp:term":[{"taxonomy":"category","embeddable":true,"href":"https:\/\/appelloalpopolo.it\/index.php?rest_route=%2Fwp%2Fv2%2Fcategories&post=76028"},{"taxonomy":"post_tag","embeddable":true,"href":"https:\/\/appelloalpopolo.it\/index.php?rest_route=%2Fwp%2Fv2%2Ftags&post=76028"}],"curies":[{"name":"wp","href":"https:\/\/api.w.org\/{rel}","templated":true}]}}