{"id":76853,"date":"2023-01-26T07:00:48","date_gmt":"2023-01-26T06:00:48","guid":{"rendered":"https:\/\/appelloalpopolo.it\/?p=76853"},"modified":"2023-01-26T07:34:08","modified_gmt":"2023-01-26T06:34:08","slug":"disgregazione-differenziata","status":"publish","type":"post","link":"https:\/\/appelloalpopolo.it\/?p=76853","title":{"rendered":"DISGREGAZIONE DIFFERENZIATA"},"content":{"rendered":"<p style=\"text-align: justify;\">di ANDREA D&#8217;AGOSTO<\/p>\n<p style=\"text-align: justify;\">Come perfettamente dimostrato da Stefano D&#8217;Andrea nel suo studio sull&#8217;UE (L&#8217;Italia nell&#8217;Ue tra europeismo retorico e dispotismo illuminato, Ed. Rubettino) la classe che ha concettualizzato e realizzato il progetto europeo era di natura perfettamente rivoluzionaria.<br \/>\nOgni dispositivo rivoluzionario tende in modo naturale alla sua espansione.<br \/>\nIl dispositivo dell&#8217;Ue \u00e8 stato concepito poi sin dal suo sorgere come un sistema imperiale poli-centrico in relazione sia al centro imperiale che alla periferia imperiale ed \u00e8 stato per questa ragione in grado di espandersi in modo travolgente.<br \/>\nInfatti, sia il centro dell&#8217;impero che la periferia non sono uniche e localizzate in una sola area, ma in ogni aree geografica in grado di concorrere o meno all&#8217;espansione economica e questo ha trovato tra i competitori un logico favore e a prescindere dallo sviluppo del resto delle altre aree geografiche, dando un vantaggio competitivo alle aree gi\u00e0 sviluppate e pi\u00f9 ricche in partenza.<br \/>\nIn altri termini, un sistema che ha consentito di consolidare le aree gi\u00e0 pi\u00f9 forti economicamente e deprimere quelle gi\u00e0 pi\u00f9 deboli.<br \/>\nIl paradiso delle aree geografiche europee dominanti che non potevano che sposare il progetto.<br \/>\nL&#8217;autonomia differenziata \u00e8 uno svolgimento del tema principale.<\/p>\n","protected":false},"excerpt":{"rendered":"<p>di ANDREA D&#8217;AGOSTO Come perfettamente dimostrato da Stefano D&#8217;Andrea nel suo studio sull&#8217;UE (L&#8217;Italia nell&#8217;Ue tra europeismo retorico e dispotismo illuminato, Ed. Rubettino) la classe che ha concettualizzato e realizzato il progetto europeo era di natura perfettamente rivoluzionaria. Ogni dispositivo rivoluzionario tende in modo naturale alla sua espansione. Il dispositivo dell&#8217;Ue \u00e8 stato concepito poi sin dal suo sorgere come un sistema imperiale poli-centrico in relazione sia al centro imperiale che alla periferia imperiale ed&#46;&#46;&#46;<\/p>\n","protected":false},"author":110,"featured_media":73669,"comment_status":"open","ping_status":"open","sticky":false,"template":"","format":"standard","meta":{"jetpack_post_was_ever_published":false,"_jetpack_newsletter_access":"","_jetpack_dont_email_post_to_subs":false,"_jetpack_newsletter_tier_id":0,"_jetpack_memberships_contains_paywalled_content":false,"_jetpack_memberships_contains_paid_content":false,"footnotes":"","jetpack_publicize_message":"","jetpack_publicize_feature_enabled":true,"jetpack_social_post_already_shared":true,"jetpack_social_options":{"image_generator_settings":{"template":"highway","enabled":false},"version":2}},"categories":[6196,6],"tags":[],"jetpack_publicize_connections":[],"jetpack_featured_media_url":"https:\/\/appelloalpopolo.it\/wp-content\/uploads\/2022\/07\/inbound9039820034252996888.jpg","jetpack_sharing_enabled":true,"jetpack_shortlink":"https:\/\/wp.me\/p7ZaJ4-jZz","_links":{"self":[{"href":"https:\/\/appelloalpopolo.it\/index.php?rest_route=\/wp\/v2\/posts\/76853"}],"collection":[{"href":"https:\/\/appelloalpopolo.it\/index.php?rest_route=\/wp\/v2\/posts"}],"about":[{"href":"https:\/\/appelloalpopolo.it\/index.php?rest_route=\/wp\/v2\/types\/post"}],"author":[{"embeddable":true,"href":"https:\/\/appelloalpopolo.it\/index.php?rest_route=\/wp\/v2\/users\/110"}],"replies":[{"embeddable":true,"href":"https:\/\/appelloalpopolo.it\/index.php?rest_route=%2Fwp%2Fv2%2Fcomments&post=76853"}],"version-history":[{"count":2,"href":"https:\/\/appelloalpopolo.it\/index.php?rest_route=\/wp\/v2\/posts\/76853\/revisions"}],"predecessor-version":[{"id":76871,"href":"https:\/\/appelloalpopolo.it\/index.php?rest_route=\/wp\/v2\/posts\/76853\/revisions\/76871"}],"wp:featuredmedia":[{"embeddable":true,"href":"https:\/\/appelloalpopolo.it\/index.php?rest_route=\/wp\/v2\/media\/73669"}],"wp:attachment":[{"href":"https:\/\/appelloalpopolo.it\/index.php?rest_route=%2Fwp%2Fv2%2Fmedia&parent=76853"}],"wp:term":[{"taxonomy":"category","embeddable":true,"href":"https:\/\/appelloalpopolo.it\/index.php?rest_route=%2Fwp%2Fv2%2Fcategories&post=76853"},{"taxonomy":"post_tag","embeddable":true,"href":"https:\/\/appelloalpopolo.it\/index.php?rest_route=%2Fwp%2Fv2%2Ftags&post=76853"}],"curies":[{"name":"wp","href":"https:\/\/api.w.org\/{rel}","templated":true}]}}