{"id":76964,"date":"2023-02-02T11:28:06","date_gmt":"2023-02-02T10:28:06","guid":{"rendered":"https:\/\/appelloalpopolo.it\/?p=76964"},"modified":"2023-01-31T11:30:15","modified_gmt":"2023-01-31T10:30:15","slug":"dopo-il-raid-la-rappresaglia-come-potrebbe-rispondere-liran","status":"publish","type":"post","link":"https:\/\/appelloalpopolo.it\/?p=76964","title":{"rendered":"Dopo il raid, la rappresaglia? Come potrebbe rispondere l\u2019Iran"},"content":{"rendered":"<p><strong>di INSIDEOVER (Lorenzo Vita)<\/strong><\/p>\n<p>L\u2019<strong>Iran<\/strong>\u00a0non sembra avere dubbi: le indagini continuano, ma per gran parte del sistema politico e militare c\u2019\u00e8\u00a0<strong>Israele<\/strong>\u00a0dietro\u00a0<a href=\"https:\/\/www.ilgiornale.it\/news\/politica\/droni-contro-base-iran-e-minaccia-nucleare-usa-azione-2110559.html\">gli attacchi<\/a>\u00a0condotti sul territorio della Repubblica islamica, di cui uno, a Isfahan, ha centrato un importante sito militare. Una fonte di Teheran intervistata dall\u2019emittente\u00a0<em>Al Jazeera<\/em>\u00a0ha affermato un punto essenziale: \u201cIsraele sa benissimo che ricever\u00e0 una risposta, come \u00e8 successo in passato\u201d. E questo anche se diverse fonti, principalmente arabe, parlano di una responsabilit\u00e0 di pi\u00f9 autori,\u00a0<a href=\"https:\/\/www.ilgiornale.it\/news\/politica-estera\/attaccate-droni-alcune-basi-iran-azione-degli-stati-uniti-2110420.html\">tra cui gli Stati Uniti<\/a>.<\/p>\n<p>Sul punto \u00e8 sempre difficile identificare in molto netto dove finisca la propaganda e dove inizi invece la minaccia reale. \u00c8 chiaro che l\u2019Iran, in questo momento, ha due esigenze: dimostrare che gli attacchi non hanno inferto danni ingenti e soprattutto incolpare quello che per il sistema degli Ayatollah \u00e8 il principale\u00a0<strong>avversario regionale<\/strong>, Israele. In questo duplice binario della diplomazia iraniana, avvertire lo Stato ebraico di aspettarsi una risposta \u00e8 il primo segnale di un modo che hanno i funzionari locali sia di distogliere l\u2019attenzione sui buchi della propria intelligence, sia di compattare un fronte interno particolarmente spaccato da mesi di proteste e crisi.<\/p>\n<h2>Non \u00e8 detto che Teheran decida per una rappresaglia<\/h2>\n<p>E non va nemmeno escluso che Teheran possa anche decidere di non\u00a0<strong>reagire\u00a0<\/strong>a questo attacco. In parte per evitare una potenziale escalation regionale che diventerebbe molto rischiosa anche per la propria stabilit\u00e0.\u00a0<a href=\"https:\/\/www.timesofisrael.com\/iran-warns-israel-not-to-play-with-fire-after-drone-attack-on-defense-facility\/\">Lo stesso funzionario sentito da\u00a0<em>Al Jazeera\u00a0<\/em>ha detto<\/a>\u00a0che \u201ccoloro che giocano con il fuoco sono i primi a bruciarsi se decidono di iniziare una guerra regionale\u201d, facendo capire che il rischio \u00e8 reale ma senza che Teheran abbia interesse a concretizzarlo. E del resto Teheran ora ha bisogno di tutto fuorch\u00e9 di incendiare la regione provocando ulteriori perdite economiche e l\u2019inevitabile frattura di gi\u00e0 fragili partnership. In parte, la rappresaglia potrebbe mancare per la mancanza di strumenti in grado di colpire in modo uguale e contrario i responsabili. Infine, l\u2019Iran potrebbe avere interesse a evitare una reazione troppo \u201cvisibile\u201d. In questo senso, interessante l\u2019appunto di\u00a0<strong>Meir\u00a0Litvak\u00a0<\/strong>ad\u00a0<em>Adnkronos\u00a0<\/em>sul fatto che Teheran potrebbe pensare a una risposta in scenari lontani dai radar mediorientali, dove comunque \u00e8 attiva la rete di interessi di Israele.<\/p>\n<div class=\"gptslot\" data-adunitid=\"2\">\n<div id=\"gpt-slot-2\" class=\"optiload\"><\/div>\n<\/div>\n<h2>La guerra ombra e il livello cyber<\/h2>\n<p>Fatta questa premessa, la\u00a0<strong>minaccia iraniana\u00a0<\/strong>va comunque inquadrata come un rischio concreto da parte di Israele. E questo perch\u00e9 da diversi anni, da quando \u00e8 iniziata questa\u00a0<strong>guerra \u201combra\u201d<\/strong>\u00a0tra i due Paesi, abbiamo assistito ad attacchi e sabotaggi, operazioni chirurgiche e\u00a0<a href=\"https:\/\/insideover.ilgiornale.it\/guerra\/il-mitra-robot-e-quella-guerra-ombra-tra-iran-e-israele.html\">omicidi eccellenti<\/a>\u00a0sempre avvolti nel mistero, cos\u00ec come al coinvolgimento di partner locali e alleati. Una conflittualit\u00e0 latente che si inserisce in quadro regionale non solo profondamente inquieto, ma anche ricco di potenziali luoghi, sia fisici che cibernetici, in cui pu\u00f2 rivolgersi una possibile azione di uno Stato. E quindi anche la reazione da parte del Paese colpito.<\/p>\n<p>L\u2019Iran, da parte sua, ha gi\u00e0 dimostrato di avere delle opzioni credibili con cui colpire Israele e su livelli molto diversi fra loro. Escludendo ipotesi di attacchi diretti contro lo Stato ebraico (che non ha rivendicato n\u00e9 rivendicher\u00e0 probabilmente mai l\u2019attacco), una prima possibile reazione pu\u00f2 essere quella legata ad attacchi cibernetici contro le infrastrutture israeliane. Non sarebbe una novit\u00e0: Teheran in questi anni ha rafforzato in modo sensibile le proprie capacit\u00e0 di svolgere\u00a0<a href=\"https:\/\/insideover.ilgiornale.it\/guerra\/attacchi-informatici-e-hacker-laltra-guerra-ombra-in-iran-e-israele.html\">attacchi nel\u00a0<strong>dominio cibernetico<\/strong><\/a>, e lo hanno confermato diversi eventi che hanno coinvolto non solo direttamente lo stesso Israele, ma anche avversari regionali come l\u2019Arabia Saudita. Dai siti governativi alle applicazioni fino alle reti idriche, le unit\u00e0 cyber dell\u2019Iran o gruppi a esse collegati (si pensi al\u00a0<strong>Black Shadow<\/strong>) hanno bucato le reti di sicurezza avversarie mostrando notevoli capacit\u00e0 di manovra contro un avversario altamente preparato.<\/p>\n<h2>Il nodo dei partner regionali<\/h2>\n<div class=\"gptslot\" data-adunitid=\"2\">\n<div id=\"gpt-slot-3\" class=\"optiload\"><\/div>\n<\/div>\n<p>Altro possibile scenario \u00e8 quello dell\u2019attivazione dei\u00a0<strong><em>proxy<\/em>\u00a0iraniani<\/strong>\u00a0ai confini o all\u2019interno di Israele. Prima dell\u2019attacco a Isfahan,\u00a0<a href=\"https:\/\/www.politico.com\/news\/2023\/01\/29\/drones-convoy-syria-iraq-00080100\">nella Siria orientale<\/a>\u00a0sono stati distrutti diversi camion pieni di armi iraniane. Secondo alcune fonti, sarebbe stata opera di un attacco con droni, mentre altre parlano di aerei non identificati. Quello che \u00e8 certo, \u00e8 che l\u2019intera area siriana \u00e8 un campo di battaglia in cui le milizie sciite e le forze di Teheran si muovono pi\u00f9 o meno liberamente e dove agiscono anche le unit\u00e0 dell\u2019aviazione israeliana sotto gli occhi vigili ma cauti della Russia. Anche in Libano, attraverso il partito-milizia di Hezbollah, l\u2019Iran ha strumenti in grado di mettere sotto pressione il confine settentrionale di Israele. E non vanno sottovalutati anche i\u00a0<a href=\"https:\/\/www.middleeastmonitor.com\/20220808-israel-targeted-palestinian-islamic-jihad-due-to-its-closeness-to-iran\/\">legami costruiti in questi anni tra Iran e Jihad islamica palestinese<\/a>.<\/p>\n<h2>Il fronte navale del conflitto<\/h2>\n<p>Infine, un ruolo fondamentale lo hanno anche le possibili implicazioni su un\u2019altra dimensione della \u201cguerra ombra\u201d: quella\u00a0<strong>navale<\/strong>. Dal Golfo Persico a quello di Aden, dal Mar Rosso\u00a0<a href=\"https:\/\/insideover.ilgiornale.it\/guerra\/raid-notturno-su-latakia-il-nuovo-fronte-della-guerra-ombra-tra-iran-e-israele.html\">fino al Mediterraneo orientale<\/a>, sono numerosi gli episodi che hanno coinvolto imbarcazioni iraniane e navi in qualche modo legate a Israele. Dai sabotaggi ai sequestri fino ad attacchi avvenuti in circostante spesso misteriose, i mari mediorientali sono stati spesso teatro di operazioni di intelligence o di forze d\u2019\u00e9lite israeliane e iraniane.<\/p>\n<p><strong>FONTE:<a href=\"https:\/\/insideover.ilgiornale.it\/guerra\/dopo-il-raid-la-rappresaglia-come-potrebbe-rispondere-liran.html\">https:\/\/insideover.ilgiornale.it\/guerra\/dopo-il-raid-la-rappresaglia-come-potrebbe-rispondere-liran.html<\/a><\/strong><\/p>\n","protected":false},"excerpt":{"rendered":"<p>di INSIDEOVER (Lorenzo Vita) L\u2019Iran\u00a0non sembra avere dubbi: le indagini continuano, ma per gran parte del sistema politico e militare c\u2019\u00e8\u00a0Israele\u00a0dietro\u00a0gli attacchi\u00a0condotti sul territorio della Repubblica islamica, di cui uno, a Isfahan, ha centrato un importante sito militare. Una fonte di Teheran intervistata dall\u2019emittente\u00a0Al Jazeera\u00a0ha affermato un punto essenziale: \u201cIsraele sa benissimo che ricever\u00e0 una risposta, come \u00e8 successo in passato\u201d. E questo anche se diverse fonti, principalmente arabe, parlano di una responsabilit\u00e0 di pi\u00f9&#46;&#46;&#46;<\/p>\n","protected":false},"author":109,"featured_media":51253,"comment_status":"open","ping_status":"open","sticky":false,"template":"","format":"standard","meta":{"jetpack_post_was_ever_published":false,"_jetpack_newsletter_access":"","_jetpack_dont_email_post_to_subs":false,"_jetpack_newsletter_tier_id":0,"_jetpack_memberships_contains_paywalled_content":false,"_jetpack_memberships_contains_paid_content":false,"footnotes":"","jetpack_publicize_message":"","jetpack_publicize_feature_enabled":true,"jetpack_social_post_already_shared":true,"jetpack_social_options":{"image_generator_settings":{"template":"highway","enabled":false},"version":2}},"categories":[32],"tags":[],"jetpack_publicize_connections":[],"jetpack_featured_media_url":"https:\/\/appelloalpopolo.it\/wp-content\/uploads\/2019\/05\/insideover.png","jetpack_sharing_enabled":true,"jetpack_shortlink":"https:\/\/wp.me\/p7ZaJ4-k1m","_links":{"self":[{"href":"https:\/\/appelloalpopolo.it\/index.php?rest_route=\/wp\/v2\/posts\/76964"}],"collection":[{"href":"https:\/\/appelloalpopolo.it\/index.php?rest_route=\/wp\/v2\/posts"}],"about":[{"href":"https:\/\/appelloalpopolo.it\/index.php?rest_route=\/wp\/v2\/types\/post"}],"author":[{"embeddable":true,"href":"https:\/\/appelloalpopolo.it\/index.php?rest_route=\/wp\/v2\/users\/109"}],"replies":[{"embeddable":true,"href":"https:\/\/appelloalpopolo.it\/index.php?rest_route=%2Fwp%2Fv2%2Fcomments&post=76964"}],"version-history":[{"count":1,"href":"https:\/\/appelloalpopolo.it\/index.php?rest_route=\/wp\/v2\/posts\/76964\/revisions"}],"predecessor-version":[{"id":76965,"href":"https:\/\/appelloalpopolo.it\/index.php?rest_route=\/wp\/v2\/posts\/76964\/revisions\/76965"}],"wp:featuredmedia":[{"embeddable":true,"href":"https:\/\/appelloalpopolo.it\/index.php?rest_route=\/wp\/v2\/media\/51253"}],"wp:attachment":[{"href":"https:\/\/appelloalpopolo.it\/index.php?rest_route=%2Fwp%2Fv2%2Fmedia&parent=76964"}],"wp:term":[{"taxonomy":"category","embeddable":true,"href":"https:\/\/appelloalpopolo.it\/index.php?rest_route=%2Fwp%2Fv2%2Fcategories&post=76964"},{"taxonomy":"post_tag","embeddable":true,"href":"https:\/\/appelloalpopolo.it\/index.php?rest_route=%2Fwp%2Fv2%2Ftags&post=76964"}],"curies":[{"name":"wp","href":"https:\/\/api.w.org\/{rel}","templated":true}]}}