{"id":77005,"date":"2023-02-02T11:00:54","date_gmt":"2023-02-02T10:00:54","guid":{"rendered":"https:\/\/appelloalpopolo.it\/?p=77005"},"modified":"2023-02-01T15:46:17","modified_gmt":"2023-02-01T14:46:17","slug":"il-modello-talitha-kum","status":"publish","type":"post","link":"https:\/\/appelloalpopolo.it\/?p=77005","title":{"rendered":"Il modello Talitha Kum"},"content":{"rendered":"<p style=\"text-align: justify\"><strong>di L&#8217;OSSERVATORE ROMANO (Vittoria Prisciandaro)<\/strong><\/p>\n<p><img loading=\"lazy\" decoding=\"async\" class=\"alignnone size-medium wp-image-77008\" src=\"https:\/\/appelloalpopolo.it\/wp-content\/uploads\/2023\/02\/cq5dam.thumbnail.cropped.500.281-300x169.jpeg\" alt=\"\" width=\"300\" height=\"169\" srcset=\"https:\/\/appelloalpopolo.it\/wp-content\/uploads\/2023\/02\/cq5dam.thumbnail.cropped.500.281-300x169.jpeg 300w, https:\/\/appelloalpopolo.it\/wp-content\/uploads\/2023\/02\/cq5dam.thumbnail.cropped.500.281.jpeg 500w\" sizes=\"(max-width: 300px) 100vw, 300px\" \/><\/p>\n<p style=\"text-align: justify\">Sono cresciute nella consapevolezza della propria leadership, maturata a partire dall\u2019esperienza, dalla cura e dalla condivisione della vita con chi vive ai margini. Leader contro il traffico di esseri umani, un ruolo nella Chiesa che le religiose di Talitha Kum, la rete internazionale di contrasto alla tratta, hanno consolidato negli anni, sostenute dalle superiore generali e riconosciute dai vescovi. Un cammino di consapevolezza che hanno percorso insieme. Ma che ciascuno ha iniziato nel suo piccolo, a partire da piccole cose.<\/p>\n<p style=\"text-align: justify\">Come il frammento di vita che torna alla mente di suor Abby Avelino, dal primo settembre scorso Coordinatrice internazionale della rete, e che spiega senza troppo giri di parole cosa voglia dire lavorare sulla propria consapevolezza. \u00abIl mio parroco continuava a tenere fuori alla porta una serie di persone che erano nel bisogno. Ho deciso di farmi forza e andargli a parlare: \u201cPadre lei ogni domenica nell\u2019omelia dice certe cose e poi nella pratica\u2026 Non basta fare l\u2019adorazione, pregare\u2026bisogna accogliere le persone\u201d\u00bb. Suor Abby, 57 anni, nata nelle Filippine e cresciuta negli Stati Uniti, prima di entrare a far parte delle suore Domenicane di Maryknoll si \u00e8 laureata in ingegneria e ha lavorato come ingegnere meccanico e di sistema. Da quel confronto con il parroco, dice, ha imparato che \u00aba volte non lottiamo a sufficienza per ci\u00f2 che riteniamo giusto. Ci sentiamo impreparate, fragili. Per questo bisogna insistere tanto sulla formazione\u00bb. Non a caso dal 2017 Talitha Kum organizza corsi di formazione alla leadership.<\/p>\n<p style=\"text-align: justify\">Suor Avelino succede a suor Gabriella Bottani, comboniana, che dal 2014 \u00e8 stata alla guida di Talitha Kum e ne ha curato la crescita. Nata 15 anni fa in seno all\u2019Unione internazionale delle superiori generali ( UISG ), la rete \u00e8 un interessante esempio di leadership al femminile. Oggi riunisce pi\u00f9 di 6.000 suore cattoliche, collaboratori e amici nei cinque continenti, e promuove la collaborazione tra reti, guidate da religiose, organizzate a livello nazionale, regionale e continentale, dove ogni realt\u00e0 mantiene la sua identit\u00e0 unica e opera all&#8217;interno del proprio paese o regione, mentre il Coordinamento internazionale alla UISG sostiene lo sviluppo delle competenze e la formazione delle reti e dei membri. La forza della rete risiede nel suo impegno della base attraverso una strategia bottom-up (dal basso verso l\u2019alto) e nella sua impostazione incentrata sulla persona e sulla comunit\u00e0, che garantisce la vicinanza alle vittime e ai sopravvissuti alla tratta.<\/p>\n<p style=\"text-align: justify\">\u00abIl nostro \u00e8 un modello di leadership partecipata, perch\u00e9 c\u2019\u00e8 una reale collaborazione e condivisione dei doni per contribuire a rendere efficace il nostro servizio: siamo religiose di diverse Congregazioni, e nelle nostre scelte vogliamo che sia presente non solo la voce delle suore ma anche quella delle persone che accompagniamo\u00bb.<\/p>\n<p style=\"text-align: justify\">Da questa consapevolezza lo scorso anno \u00e8 nato un appello, \u201cCall to action\u201d, rivolta alle suore, alla Chiesa cattolica, ai leader religiosi di altre tradizioni religiose o spirituali, ai non credenti, ai collaboratori, agli amici e a tutte le persone di buona volont\u00e0 che condividono la visione di un mondo libero dalla tratta di persone e dallo sfruttamento.<\/p>\n<p style=\"text-align: justify\">L\u2019impegno che la nuova coordinatrice ha di fronte, in continuit\u00e0 con la strada tracciata, consister\u00e0 nel curare la crescita di tutte le reti, nonch\u00e9 nel potenziare le partnership collaborative esistenti con organizzazioni vaticane e con altre realt\u00e0. \u00abHo accolto questo ruolo di leadership all\u2019interno di Talitha Kum, abbracciandone l\u2019identit\u00e0 unica, di rete priva di strutture organizzative tradizionali. Lavorando insieme condividiamo non solo doni e disponibilit\u00e0, ma una leadership comune. Credo fermamente che ognuno possegga i propri doni, da gestire con profonda fede in Dio.<\/p>\n<p style=\"text-align: justify\">Se crediamo nella nostra leadership, potremo dare forza e sostenerci gli uni con gli altri, ricevendo sostegno e forza a nostra volta\u00bb.<\/p>\n<p style=\"text-align: justify\">Insomma la leader ha un ruolo di coordinamento, che si esercita in modo diverso rispetto a quanto tradizionalmente avviene nella gerarchia ecclesiastica: se la superiora di un Istituto ha un carisma rivolto alla governance, le suore di Talitha Kum si fanno ponte tra la struttura tradizionale e quella della rete, in dialogo e corresponsabilit\u00e0, non in sovrapposizione con le figure apicali delle Congregazioni. \u00c8 importante riconoscere che questa leadership delle consacrate matura nelle realt\u00e0 pi\u00f9 marginali e vulnerabili e diventa strumento per la trasformazione della societ\u00e0 a partire dai valori del Vangelo. \u00abNoi abbiamo un\u2019esperienza condivisa, dialoghiamo, questa \u00e8 la differenza. In Talitha Kum come coordinatrice dell\u2019Asia dovevo ascoltare, negoziare, mettere sul tavolo le proposte delle diverse reti e poi cercare una mediazione. Si decide insieme, in un Coordinamento dove si inseriscono anche figure non apicali\u00bb. In Asia, racconta Abby, \u00abTalitha Kum ha un meeting al mese tra i coordinatori delle 14 reti. La mia leadership era esercitata nel confronto con il mio team e con i coordinatori. E questo, che \u00e8 stata la mia forza, desidero accada anche in Africa, America latina, negli altri continenti. E qui a Roma\u00bb.<\/p>\n<p style=\"text-align: justify\">Una scelta in sintonia con la missione della rete. \u00abLa nostra cura alle vittime e i sopravvissuti alla tratta di persone \u00e8 fondata sulla convinzione che la dignit\u00e0 degli oppressi e degli sfruttati pu\u00f2 essere ripristinata attraverso relazioni sororali e fraterne\u00bb, spiega Abby. \u00abIn una relazione tra pari, le suore camminano insieme alle vittime lungo il percorso di guarigione\u00bb.<\/p>\n<p style=\"text-align: justify\">Un metodo condiviso, tra le religiose delle diverse Congregazioni che si trovano a fare rete insieme sul tema della tratta e che all\u2019esterno si presentano come realt\u00e0 con una loro autorevolezza a livello ecclesiale. In Giappone, per esempio, dove ha lavorato Abby, la conferenza episcopale ha inserito la rete tra gli organismi della sezione migrazioni, e cos\u00ec, pur mantenendo la sua autonomia, Talitha Kum ha la possibilit\u00e0 di essere presente nei contesti istituzionali laici e dire la sua sul tema dei diritti e della tratta a nome della Chiesa nipponica.<\/p>\n<p style=\"text-align: justify\">Suor Abby ricorda gli inizi del suo ministero in Giappone, presso la parrocchia di sant\u2019Ignazio a Tokio. \u00abNon conoscevo la lingua. Capivo perfettamente la condizione delle decine di donne straniere che venivano in chiesa anche solo per trovare un ambiente accogliente\u00bb. Sono tante le storie, i volti, che tornano in mente. \u00abA Kawazaki abbiamo realizzato una ong, perch\u00e9 sono tante le donne filippine che vengono trafficate in Giappone. Si chiama \u201cKalakasan\u201d che in tagalog vuol dire \u201cforza\u201d. Abbiamo riscontrato casi di traffico anche di &#8220;Japanese Filipino Children&#8221; ( JFC )\u00bb. Sono i figli di donne filippine e uomini giapponesi. Le madri spesso sono state trafficate. I bambini, a pochi mesi, li hanno affidati alla famiglia nelle Filippine, perch\u00e9 a causa dell\u2019alto costo della vita non sarebbero sopravvissuti in Giappone. \u00ab\u00c8 un fenomeno molto diffuso. Questi ragazzi, una volta diventati adolescenti, sono tornati in Giappone, ma spesso sono sfruttati, abusati, bullizzati. Non sanno chi sono, non parlano la lingua, non sono integrati. Abbiamo provato ad aiutarli a trovare una loro identit\u00e0, con un programma che coinvolge anche le madri\u00bb. Ma i giovani sono anche al centro dei progetti contro la tratta, per gli interventi nelle scuole.<\/p>\n<p style=\"text-align: justify\">\u00abAscoltando le loro osservazioni, vedendo la loro passione, ho imparato molto\u00bb, dice Abby.<\/p>\n<p style=\"text-align: justify\">Lavorare con le altre consorelle, studiare insieme, aiuta a darsi forza reciprocamente. E a resistere anche nelle situazioni pi\u00f9 difficili. \u00abAbbiamo di fronte un obiettivo preciso, la lotta alla tratta, e come donne consacrate abbiamo qualcosa di specifico da dire che scaturisce da un\u2019esperienza di vita diretta con le vittime e con chi ha vissuto la violenza della tratta. Possiamo fare la differenza, insieme, in rete\u00bb. Una di leadership condivisa che alla Chiesa in cammino sinodale ha molto da dire. Un suggerimento? Abby lo esprime a partire dalla sua esperienza: \u00abPrima di pensare a come risolvere un problema, quando si ha di fronte una persona occorre curare la relazione, l\u2019incontro. Ascoltare, ascoltare, ascoltare\u00bb.<\/p>\n<p style=\"text-align: justify\"><strong>Fonte:\u00a0<a href=\"https:\/\/www.osservatoreromano.va\/it\/news\/2023-01\/dcm-001\/il-modello-talitha-kum.html\">https:\/\/www.osservatoreromano.va\/it\/news\/2023-01\/dcm-001\/il-modello-talitha-kum.html<\/a><\/strong><\/p>\n","protected":false},"excerpt":{"rendered":"<p>di L&#8217;OSSERVATORE ROMANO (Vittoria Prisciandaro) Sono cresciute nella consapevolezza della propria leadership, maturata a partire dall\u2019esperienza, dalla cura e dalla condivisione della vita con chi vive ai margini. Leader contro il traffico di esseri umani, un ruolo nella Chiesa che le religiose di Talitha Kum, la rete internazionale di contrasto alla tratta, hanno consolidato negli anni, sostenute dalle superiore generali e riconosciute dai vescovi. Un cammino di consapevolezza che hanno percorso insieme. Ma che ciascuno&#46;&#46;&#46;<\/p>\n","protected":false},"author":95,"featured_media":77010,"comment_status":"open","ping_status":"open","sticky":false,"template":"","format":"standard","meta":{"jetpack_post_was_ever_published":false,"_jetpack_newsletter_access":"","_jetpack_dont_email_post_to_subs":false,"_jetpack_newsletter_tier_id":0,"_jetpack_memberships_contains_paywalled_content":false,"_jetpack_memberships_contains_paid_content":false,"footnotes":"","jetpack_publicize_message":"","jetpack_publicize_feature_enabled":true,"jetpack_social_post_already_shared":true,"jetpack_social_options":{"image_generator_settings":{"template":"highway","enabled":false},"version":2}},"categories":[32],"tags":[],"jetpack_publicize_connections":[],"jetpack_featured_media_url":"https:\/\/appelloalpopolo.it\/wp-content\/uploads\/2023\/02\/default-icon.png","jetpack_sharing_enabled":true,"jetpack_shortlink":"https:\/\/wp.me\/p7ZaJ4-k21","_links":{"self":[{"href":"https:\/\/appelloalpopolo.it\/index.php?rest_route=\/wp\/v2\/posts\/77005"}],"collection":[{"href":"https:\/\/appelloalpopolo.it\/index.php?rest_route=\/wp\/v2\/posts"}],"about":[{"href":"https:\/\/appelloalpopolo.it\/index.php?rest_route=\/wp\/v2\/types\/post"}],"author":[{"embeddable":true,"href":"https:\/\/appelloalpopolo.it\/index.php?rest_route=\/wp\/v2\/users\/95"}],"replies":[{"embeddable":true,"href":"https:\/\/appelloalpopolo.it\/index.php?rest_route=%2Fwp%2Fv2%2Fcomments&post=77005"}],"version-history":[{"count":1,"href":"https:\/\/appelloalpopolo.it\/index.php?rest_route=\/wp\/v2\/posts\/77005\/revisions"}],"predecessor-version":[{"id":77011,"href":"https:\/\/appelloalpopolo.it\/index.php?rest_route=\/wp\/v2\/posts\/77005\/revisions\/77011"}],"wp:featuredmedia":[{"embeddable":true,"href":"https:\/\/appelloalpopolo.it\/index.php?rest_route=\/wp\/v2\/media\/77010"}],"wp:attachment":[{"href":"https:\/\/appelloalpopolo.it\/index.php?rest_route=%2Fwp%2Fv2%2Fmedia&parent=77005"}],"wp:term":[{"taxonomy":"category","embeddable":true,"href":"https:\/\/appelloalpopolo.it\/index.php?rest_route=%2Fwp%2Fv2%2Fcategories&post=77005"},{"taxonomy":"post_tag","embeddable":true,"href":"https:\/\/appelloalpopolo.it\/index.php?rest_route=%2Fwp%2Fv2%2Ftags&post=77005"}],"curies":[{"name":"wp","href":"https:\/\/api.w.org\/{rel}","templated":true}]}}