{"id":77174,"date":"2023-02-10T07:00:45","date_gmt":"2023-02-10T06:00:45","guid":{"rendered":"https:\/\/appelloalpopolo.it\/?p=77174"},"modified":"2023-02-09T23:41:39","modified_gmt":"2023-02-09T22:41:39","slug":"non-ce-vera-liberta-senza-giustizia-sociale","status":"publish","type":"post","link":"https:\/\/appelloalpopolo.it\/?p=77174","title":{"rendered":"NON C&#8217;\u00c8 VERA LIBERT\u00c0 SENZA GIUSTIZIA SOCIALE"},"content":{"rendered":"<p style=\"text-align: justify;\">di LORENZO D&#8217;ONOFRIO<\/p>\n<p style=\"text-align: justify;\">&#8220;Tu ti senti libero?&#8221;<br \/>\n&#8220;Certo, posso fare quel che mi pare!&#8221;<\/p>\n<p style=\"text-align: justify;\">Domanda e risposta devono far riflettere, perch\u00e9 lo facciamo troppo poco.<br \/>\nSiamo abituati a pensare alla libert\u00e0 quasi esclusivamente come un concetto corporale, come assenza di costrizioni fisiche.<\/p>\n<p style=\"text-align: justify;\">Oggi la libert\u00e0 \u00e8 solo quella del consumatore, ovvero si \u00e8 liberi di consumare quello che il sistema di produzione, pubblicit\u00e0 e consumo ci porta a desiderare.<br \/>\nMa nel momento in cui si esce dal circuito del &#8220;libero&#8221; consumo, per costrizione (mancanza di lavoro e risorse finanziarie) o per dissidenza, le restrizioni delle libert\u00e0 diventano evidenti, cos\u00ec come emergono nel momento in cui ci si trova a dovere far valere i propri diritti.<\/p>\n<p style=\"text-align: justify;\">Pi\u00f9 in generale le limitazioni della libert\u00e0 sembrano oggi poco evidenti a molti, perch\u00e9 tutti chiusi nella propria sfera individuale e non partecipano davvero alla vita sociale e politica del Paese (&#8220;Posso fare quel che mi pare!&#8221;).<\/p>\n<p style=\"text-align: justify;\">Ma nel momento in cui ti metti in testa di partecipare, soprattutto politicamente ed al di fuori dei grossi centri di potere, ti ritrovi a fare i conti con una vera e propria emergenza democratica, che diventa sempre pi\u00f9 oppressiva ad ogni modifica normativa del nostro sistema istituzionale ed elettorale e che ricorda sempre pi\u00f9 da vicino i tempi bui in cui il Paese si \u00e8 trovato a fare i conti con una dittatura, divenuta evidente ai pi\u00f9 solo nel momento delle privazioni delle libert\u00e0 corporali: anche allora, infatti, le limitazioni al confronto politico democratico e alla rappresentanza furono salutate come una svolta verso la governabilit\u00e0.<\/p>\n","protected":false},"excerpt":{"rendered":"<p>di LORENZO D&#8217;ONOFRIO &#8220;Tu ti senti libero?&#8221; &#8220;Certo, posso fare quel che mi pare!&#8221; Domanda e risposta devono far riflettere, perch\u00e9 lo facciamo troppo poco. Siamo abituati a pensare alla libert\u00e0 quasi esclusivamente come un concetto corporale, come assenza di costrizioni fisiche. Oggi la libert\u00e0 \u00e8 solo quella del consumatore, ovvero si \u00e8 liberi di consumare quello che il sistema di produzione, pubblicit\u00e0 e consumo ci porta a desiderare. Ma nel momento in cui si&#46;&#46;&#46;<\/p>\n","protected":false},"author":110,"featured_media":77175,"comment_status":"open","ping_status":"open","sticky":false,"template":"","format":"standard","meta":{"jetpack_post_was_ever_published":false,"_jetpack_newsletter_access":"","_jetpack_dont_email_post_to_subs":false,"_jetpack_newsletter_tier_id":0,"_jetpack_memberships_contains_paywalled_content":false,"_jetpack_memberships_contains_paid_content":false,"footnotes":"","jetpack_publicize_message":"","jetpack_publicize_feature_enabled":true,"jetpack_social_post_already_shared":true,"jetpack_social_options":{"image_generator_settings":{"template":"highway","enabled":false},"version":2}},"categories":[6196,6],"tags":[],"jetpack_publicize_connections":[],"jetpack_featured_media_url":"https:\/\/appelloalpopolo.it\/wp-content\/uploads\/2023\/02\/inbound2679643470147871940.jpg","jetpack_sharing_enabled":true,"jetpack_shortlink":"https:\/\/wp.me\/p7ZaJ4-k4K","_links":{"self":[{"href":"https:\/\/appelloalpopolo.it\/index.php?rest_route=\/wp\/v2\/posts\/77174"}],"collection":[{"href":"https:\/\/appelloalpopolo.it\/index.php?rest_route=\/wp\/v2\/posts"}],"about":[{"href":"https:\/\/appelloalpopolo.it\/index.php?rest_route=\/wp\/v2\/types\/post"}],"author":[{"embeddable":true,"href":"https:\/\/appelloalpopolo.it\/index.php?rest_route=\/wp\/v2\/users\/110"}],"replies":[{"embeddable":true,"href":"https:\/\/appelloalpopolo.it\/index.php?rest_route=%2Fwp%2Fv2%2Fcomments&post=77174"}],"version-history":[{"count":2,"href":"https:\/\/appelloalpopolo.it\/index.php?rest_route=\/wp\/v2\/posts\/77174\/revisions"}],"predecessor-version":[{"id":77191,"href":"https:\/\/appelloalpopolo.it\/index.php?rest_route=\/wp\/v2\/posts\/77174\/revisions\/77191"}],"wp:featuredmedia":[{"embeddable":true,"href":"https:\/\/appelloalpopolo.it\/index.php?rest_route=\/wp\/v2\/media\/77175"}],"wp:attachment":[{"href":"https:\/\/appelloalpopolo.it\/index.php?rest_route=%2Fwp%2Fv2%2Fmedia&parent=77174"}],"wp:term":[{"taxonomy":"category","embeddable":true,"href":"https:\/\/appelloalpopolo.it\/index.php?rest_route=%2Fwp%2Fv2%2Fcategories&post=77174"},{"taxonomy":"post_tag","embeddable":true,"href":"https:\/\/appelloalpopolo.it\/index.php?rest_route=%2Fwp%2Fv2%2Ftags&post=77174"}],"curies":[{"name":"wp","href":"https:\/\/api.w.org\/{rel}","templated":true}]}}