{"id":77945,"date":"2023-03-16T10:43:01","date_gmt":"2023-03-16T09:43:01","guid":{"rendered":"https:\/\/appelloalpopolo.it\/?p=77945"},"modified":"2023-03-14T16:46:00","modified_gmt":"2023-03-14T15:46:00","slug":"emergenza-migranti-subito-un-piano-europeo-di-sviluppo-o-le-partenze-continueranno","status":"publish","type":"post","link":"https:\/\/appelloalpopolo.it\/?p=77945","title":{"rendered":"EMERGENZA MIGRANTI\/ \u201cSubito un piano europeo di sviluppo o le partenze continueranno\u201d"},"content":{"rendered":"<p><strong>di IL SUSSIDIARIO (Stefano Piazza)<\/strong><\/p>\n<h2 class=\"description\">I servizi italiani dicono che la situazione peggiorer\u00e0. Senza un grande piano europeo per lo sviluppo dei Paesi di origine non sar\u00e0 possibile arginare i flussi<\/h2>\n<div class=\"flexbox mobile_view\">\n<div class=\"single_left_column flex_8\">\n<div class=\"image\"><img decoding=\"async\" class=\"attachment-medium size-medium wp-post-image\" src=\"https:\/\/cdnx.ilsussidiario.net\/wp-content\/uploads\/2022\/06\/06\/immigrazione_migranti_ong_aitamary_1_lapresse1280-640x300.jpg\" alt=\"immigrazione migranti ong aitamary 1 lapresse1280 640x300\" \/>\u00a0<span class=\"alt_image\">(LaPresse)<\/span><\/div>\n<div class=\"single_box flexbox row\">\n<div class=\"single_text_left\">\n<div class=\"social-shares-wrapper\"><\/div>\n<\/div>\n<div class=\"single_text_right\">\n<div class=\"single_text\">\n<p><a href=\"https:\/\/www.ilsussidiario.net\/news\/caos-migranti-migliaia-in-arrivo-e-leffetto-congiunto-libia-tunisia-e-mare-calmo\/2503287\/\" target=\"_blank\" rel=\"noopener\">Gli sbarchi non si fermano<\/a>. Eppure gli esperti di sicurezza e gli analisti hanno prospettato al Governo uno scenario se possibile ancora peggiore: 685mila persone in\u00a0<a href=\"https:\/\/www.ilsussidiario.net\/news\/caos-migranti-migliaia-in-arrivo-e-leffetto-congiunto-libia-tunisia-e-mare-calmo\/2503287\/\" target=\"_blank\" rel=\"noopener\">Libia<\/a>, ora nei campi di detenzione o in altri luoghi, pronte a tentare di arrivare in Italia. Sette volte in pi\u00f9 rispetto agli arrivi del 2022. Guerre, instabilit\u00e0 economica, ma anche gli effetti dei cambiamenti climatici e una forte spinta demografica sono le ragioni che alimentano senza soluzione di continuit\u00e0 il flusso migratorio.<\/p>\n<p>Le prime cinque nazionalit\u00e0 di richiedenti asilo in Italia, comunque, non vengono da Paesi in guerra, anche se il conflitto ucraino, con la conseguente crisi del grano, ha influito sui livelli di povert\u00e0 di diverse nazioni. \u201cIl vero problema \u2013 spiega\u00a0<strong>Stefano Piazza<\/strong>,\u00a0<em>giornalista, scrittore, esperto di sicurezza e terrorismo\u00a0\u2013<\/em>\u00a0\u00e8 che non c\u2019\u00e8 una visione strategica. E che l\u2019Italia \u00e8 stata lasciata sola ad affrontare un fenomeno per il quale dovrebbe muoversi l\u2019Europa\u201d.<\/p>\n<p><strong>Da dove nasce la valutazione degli apparati di sicurezza su questa nuova ondata di migranti in arrivo dalla Libia?<\/strong><\/p>\n<p>I servizi segreti italiani sono molto presenti in quell\u2019area, conoscono la situazione, hanno uomini sul campo. L\u2019intelligence segue questi flussi perch\u00e9 si tratta di sicurezza nazionale. Il loro allarme viene dall\u2019osservazione ma anche dai rapporti con le intelligence di questi Paesi. Tra la moltitudine dei migranti c\u2019\u00e8 anche la possibilit\u00e0, perch\u00e9 la storia ce lo ha dimostrato nel recente passato, che si infiltrino terroristi. Si \u00e8 visto decine di volte. Un recente report di un\u2019intelligence israeliana ha mostrato come l\u2019Italia sia punto di approdo anche di queste persone.<\/p>\n<p><strong>Nelle aree di partenza dei migranti spesso hanno un ruolo anche nazioni straniere: quanto contano nello sviluppo dei flussi migratori?<\/strong><\/p>\n<p>La questione delle potenze straniere, mi riferisco al Qatar, alla Turchia, alla Russia, che sono presenti in questi luoghi \u00e8 un aspetto molto importante. Questo uso dei migranti come una sorta di \u201cbomba umana\u201d viene espressamente scelto a volte per fare un danno o solo come minaccia per fare pressione. Sappiamo che Erdogan usa i migranti per fare pressione sull\u2019Europa.<\/p>\n<p><strong>I rapporti dell\u2019intelligence dicono perch\u00e9 in Libia si sono ammassate tutte queste persone, pronte ad arrivare in Italia? Si parla di un flusso sette volte superiore al passato.<\/strong><\/p>\n<p>I servizi dicono che c\u2019\u00e8 un aumento marcato dei flussi su tutte le rotte marine. L\u2019Italia, in linea con gli anni precedenti, continua a essere la principale porta di ingresso e di transito dei migranti verso l\u2019Unione Europea. Tutta una serie di ragioni, a partire dalle attuali aree di crisi e instabilit\u00e0 sociopolitica, continuano a spingere un numero enorme di persone a emigrare. In Italia le prime cinque nazionalit\u00e0 dei richiedenti asilo, comunque, sono da Paesi dove non c\u2019\u00e8 la guerra: Bangladesh 18%,\u00a0<a href=\"https:\/\/www.ilsussidiario.net\/news\/trafficanti-di-migranti-ecco-chi-sono-i-nuovi-padroni-della-rotta-turca-via-mare\/2502531\/\" target=\"_blank\" rel=\"noopener\">Pakistan<\/a>\u00a014%, Egitto 10%,\u00a0<a href=\"https:\/\/www.ilsussidiario.net\/news\/tunisia-al-collasso-subito-laiuto-dellitalia-per-evitare-il-crack-e-una-bomba-migratoria\/2498818\/\" target=\"_blank\" rel=\"noopener\">Tunisia<\/a>\u00a07%, Nigeria 6%. L\u2019Italia \u00e8 stata presa d\u2019assalto nel 2022 ma questa situazione continuer\u00e0. In Africa ci sono attentati di ogni tipo, gente ammazzata, instabilit\u00e0, alla fine la gente fugge.<\/p>\n<p><strong>Quanto \u00e8 grave la situazione?<\/strong><\/p>\n<p>Ora che c\u2019\u00e8 il centrodestra al governo, di migranti si parla in continuazione, ma in questi anni nel Mediterraneo sono morte 20mila persone, quando c\u2019erano governi di ogni tipo, gialloverde, giallorosso, governi tecnici.<\/p>\n<p><strong>Un problema trasversale a tutti i governi.<\/strong><\/p>\n<p>S\u00ec, ma la verit\u00e0 \u00e8 che l\u2019Italia \u00e8 stata lasciata sola, e alla fine viene criticata ogni volta. Secondo me in questo caso opposizione e maggioranza dovrebbero unirsi di fronte a questo tema. Questo \u00e8 un Paese \u201cattaccato\u201d da migliaia di disperati, dove muoiono donne e bambini: al di l\u00e0 dello sdegno, della condanna, del dolore per la perdita di esseri umani, possibile che le forze politiche non si rendano conto che bisogna essere uniti e affrontare il tema a livello europeo? Non serve mettersi uno contro l\u2019altro, qui muoiono persone. \u00c8 un\u2019emergenza nazionale. Dovrebbero andare insieme a Bruxelles a dire: \u201cDobbiamo risolvere il problema\u201d. Non costruendo dei campi dove mettere questa gente, ma individuando politiche comuni per portare sviluppo, per bloccare gli sbarchi, per fermare le partenze.<\/p>\n<p><b>Intende dire che serve un approccio pi\u00f9 ampio e di lungo periodo?<\/b><\/p>\n<p>\u00c8 da tempo che il Mediterraneo \u00e8 ormai preso d\u2019assalto da migliaia di disperati che fuggono da guerre, da crisi, dalla povert\u00e0, ma si interviene sempre a spot: si fa un accordo\u00a0<a href=\"https:\/\/www.ilsussidiario.net\/news\/caos-libia-occorre-subito-depotenziare-le-milizie-serve-un-piano-dellonu\/2441499\/\" target=\"_blank\" rel=\"noopener\">con una milizia<\/a>\u00a0dando un po\u2019 di soldi, un altro Governo fa un altro accordo, ma non \u00e8 che ci sia un vero progetto sistemico studiato con l\u2019Europa. L\u2019unico modo per evitare queste tragedie \u00e8 non farli partire.<\/p>\n<p><strong>Per non farli partire per\u00f2 ci vogliono condizioni migliori nei Paesi d\u2019origine.<\/strong><\/p>\n<p>Esatto. Tutto il resto sono cose portate via dal vento. Bisogna che questi Paesi vengano uniti in un grande progetto di sviluppo. Finch\u00e9 non ci sar\u00e0 un progetto geopolitico globale, sar\u00e0 sempre peggio, queste tragedie continueranno. Non c\u2019\u00e8 alternativa a un serio ragionamento europeo in termini di migranti. L\u2019Italia non ha la capacit\u00e0 e i soldi per agire da sola, la soluzione va trovata insieme agli altri.<\/p>\n<p><strong>C\u2019\u00e8 una carenza di politica estera, anche a livello europeo? Negli Stati da cui arrivano i migranti spesso sono presenti altre potenze straniere: c\u2019\u00e8 sempre qualcuno che \u00e8 l\u00ec e lavora solo per i suoi interessi?<\/strong><\/p>\n<p>Bisogna partire dal presupposto che i migranti sono anche un grande affare economico, che servono sicuramente ai trafficanti di esseri umani, ma che permettono anche a questi Paesi, e alle milizie che vi operano, finanziate a pi\u00f9 livelli, di esercitare il loro potere. Come fa uno Stato come l\u2019Italia, con un debito pubblico come quello italiano, a fronteggiare da sola milizie e Paesi falliti come la Libia? Non pu\u00f2. Finch\u00e9 l\u2019Europa non decide di affrontare seriamente il problema sar\u00e0 sempre peggio.<\/p>\n<p><strong>Parlando di trafficanti, i nostri servizi hanno un quadro preciso su chi siano?<\/strong><\/p>\n<p>Basta leggere l\u2019ultimo report: sanno esattamente\u00a0<a href=\"https:\/\/www.ilsussidiario.net\/news\/naufragio-migranti-nuove-leggi-ue-e-guerra-ai-trafficanti-dove-passa-la-via-stretta-del-governo\/2498315\/\" target=\"_blank\" rel=\"noopener\">come si svolge il fenomeno<\/a>. Tra i trafficanti c\u2019\u00e8 di tutto: delinquenti comuni, gruppi organizzati, ex terroristi, ex militari che hanno perso il lavoro. Chiunque voglia guadagnare soldi con facilit\u00e0.<\/p>\n<p><strong>Poi c\u2019\u00e8 quello che di fatto \u00e8 diventato il pi\u00f9 grande hub dei migranti che \u00e8 la Libia: per come \u00e8 messo oggi stabilizzare questo Paese sar\u00e0 un rebus.<\/strong><\/p>\n<p>La Libia \u00e8 un Paese del quale negli ultimi anni ci si \u00e8 occupati poco, ma \u00e8 il vero problema, perch\u00e9 \u00e8 pronto ad esplodere in qualsiasi momento.<\/p>\n<p><strong>FONTE:<a href=\"https:\/\/www.ilsussidiario.net\/news\/emergenza-migranti-subito-un-piano-europeo-di-sviluppo-o-le-partenze-continueranno\/2504425\/\">https:\/\/www.ilsussidiario.net\/news\/emergenza-migranti-subito-un-piano-europeo-di-sviluppo-o-le-partenze-continueranno\/2504425\/<\/a><\/strong><\/p>\n<\/div>\n<\/div>\n<\/div>\n<\/div>\n<\/div>\n","protected":false},"excerpt":{"rendered":"<p>di IL SUSSIDIARIO (Stefano Piazza) I servizi italiani dicono che la situazione peggiorer\u00e0. Senza un grande piano europeo per lo sviluppo dei Paesi di origine non sar\u00e0 possibile arginare i flussi \u00a0(LaPresse) Gli sbarchi non si fermano. Eppure gli esperti di sicurezza e gli analisti hanno prospettato al Governo uno scenario se possibile ancora peggiore: 685mila persone in\u00a0Libia, ora nei campi di detenzione o in altri luoghi, pronte a tentare di arrivare in Italia. Sette&#46;&#46;&#46;<\/p>\n","protected":false},"author":109,"featured_media":63606,"comment_status":"open","ping_status":"open","sticky":false,"template":"","format":"standard","meta":{"jetpack_post_was_ever_published":false,"_jetpack_newsletter_access":"","_jetpack_dont_email_post_to_subs":false,"_jetpack_newsletter_tier_id":0,"_jetpack_memberships_contains_paywalled_content":false,"_jetpack_memberships_contains_paid_content":false,"footnotes":"","jetpack_publicize_message":"","jetpack_publicize_feature_enabled":true,"jetpack_social_post_already_shared":true,"jetpack_social_options":{"image_generator_settings":{"template":"highway","enabled":false},"version":2}},"categories":[32],"tags":[],"jetpack_publicize_connections":[],"jetpack_featured_media_url":"https:\/\/appelloalpopolo.it\/wp-content\/uploads\/2021\/03\/il-sussidiario-1.png","jetpack_sharing_enabled":true,"jetpack_shortlink":"https:\/\/wp.me\/p7ZaJ4-khb","_links":{"self":[{"href":"https:\/\/appelloalpopolo.it\/index.php?rest_route=\/wp\/v2\/posts\/77945"}],"collection":[{"href":"https:\/\/appelloalpopolo.it\/index.php?rest_route=\/wp\/v2\/posts"}],"about":[{"href":"https:\/\/appelloalpopolo.it\/index.php?rest_route=\/wp\/v2\/types\/post"}],"author":[{"embeddable":true,"href":"https:\/\/appelloalpopolo.it\/index.php?rest_route=\/wp\/v2\/users\/109"}],"replies":[{"embeddable":true,"href":"https:\/\/appelloalpopolo.it\/index.php?rest_route=%2Fwp%2Fv2%2Fcomments&post=77945"}],"version-history":[{"count":1,"href":"https:\/\/appelloalpopolo.it\/index.php?rest_route=\/wp\/v2\/posts\/77945\/revisions"}],"predecessor-version":[{"id":77946,"href":"https:\/\/appelloalpopolo.it\/index.php?rest_route=\/wp\/v2\/posts\/77945\/revisions\/77946"}],"wp:featuredmedia":[{"embeddable":true,"href":"https:\/\/appelloalpopolo.it\/index.php?rest_route=\/wp\/v2\/media\/63606"}],"wp:attachment":[{"href":"https:\/\/appelloalpopolo.it\/index.php?rest_route=%2Fwp%2Fv2%2Fmedia&parent=77945"}],"wp:term":[{"taxonomy":"category","embeddable":true,"href":"https:\/\/appelloalpopolo.it\/index.php?rest_route=%2Fwp%2Fv2%2Fcategories&post=77945"},{"taxonomy":"post_tag","embeddable":true,"href":"https:\/\/appelloalpopolo.it\/index.php?rest_route=%2Fwp%2Fv2%2Ftags&post=77945"}],"curies":[{"name":"wp","href":"https:\/\/api.w.org\/{rel}","templated":true}]}}