{"id":80207,"date":"2023-06-29T10:00:16","date_gmt":"2023-06-29T08:00:16","guid":{"rendered":"https:\/\/appelloalpopolo.it\/?p=80207"},"modified":"2023-06-28T18:57:25","modified_gmt":"2023-06-28T16:57:25","slug":"laspra-querelle-kiev-tel-aviv-e-lipotesi-netanyahu-in-cina","status":"publish","type":"post","link":"https:\/\/appelloalpopolo.it\/?p=80207","title":{"rendered":"L&#8217;aspra querelle Kiev-Tel Aviv e l&#8217;ipotesi Netanyahu in Cina"},"content":{"rendered":"<p><strong>da PICCOLE NOTE (Davide Malacaria)<\/strong><\/p>\n<p><img loading=\"lazy\" decoding=\"async\" class=\"featured-image wp-post-image lazyloaded\" src=\"https:\/\/sp-ao.shortpixel.ai\/client\/to_auto,q_glossy,ret_img,w_700,h_398\/https:\/\/www.piccolenote.it\/wp-content\/uploads\/zelensky-vs-netanyahu-700x398.jpg\" alt=\"zelensky vs netanyahu\" width=\"700\" height=\"398\" data-src=\"https:\/\/sp-ao.shortpixel.ai\/client\/to_auto,q_glossy,ret_img,w_700,h_398\/https:\/\/www.piccolenote.it\/wp-content\/uploads\/zelensky-vs-netanyahu-700x398.jpg\" data-srcset=\"https:\/\/sp-ao.shortpixel.ai\/client\/to_auto,q_glossy,ret_img,w_700\/https:\/\/www.piccolenote.it\/wp-content\/uploads\/zelensky-vs-netanyahu-700x398.jpg 700w, https:\/\/sp-ao.shortpixel.ai\/client\/to_auto,q_glossy,ret_img,w_205\/https:\/\/www.piccolenote.it\/wp-content\/uploads\/zelensky-vs-netanyahu-205x117.jpg 205w, https:\/\/sp-ao.shortpixel.ai\/client\/to_auto,q_glossy,ret_img,w_1024\/https:\/\/www.piccolenote.it\/wp-content\/uploads\/zelensky-vs-netanyahu-1024x582.jpg 1024w, https:\/\/sp-ao.shortpixel.ai\/client\/to_auto,q_glossy,ret_img,w_1536\/https:\/\/www.piccolenote.it\/wp-content\/uploads\/zelensky-vs-netanyahu-1536x873.jpg 1536w, https:\/\/sp-ao.shortpixel.ai\/client\/to_auto,q_glossy,ret_img,w_2048\/https:\/\/www.piccolenote.it\/wp-content\/uploads\/zelensky-vs-netanyahu-2048x1164.jpg 2048w\" data-sizes=\"(max-width: 700px) 100vw, 700px\" \/><\/p>\n<p>L\u2019Ucraina sembra aver ingaggiato un vero e proprio duello con il governo israeliano. A innescare la querelle le dichiarazioni di Netanyahu sulle riserve di Tel Aviv riguardo la fornitura di armi a Kiev, perch\u00e9 potrebbero finire nelle mani del nemico (anzi \u201csono gi\u00e0 ai nostri confini\u201d, ha chiosato il premier israeliano).<\/p>\n<h2>Le critiche dell\u2019ambasciatore<\/h2>\n<p>Affermazioni \u201cdel tutto fittizie e speculative\u201d, ha commentato l\u2019ambasciatore ucraino a Tel Aviv Yevgen Korniychuk, che ha anche criticato la lentezza con la quale gli aiuti israeliani giungono a Kiev, lentezza dovuta al fatto che i donatori \u201cnon sono in guerra\u201d.<\/p>\n<p>Non solo, domenica scorsa, l\u2019ambasciata ucraina ha ulteriormente criticato Israele per aver condotto \u201cdue cicli di negoziati politici di alto livello con il ministero degli Affari esteri russo\u201d e l\u2019accordo raggiunto con Mosca grazie al quale la Russia ha \u201caccettato di aprire una filiale della propria ambasciata a Gerusalemme\u201d.<\/p>\n<p>Inoltre, \u201cKiev ha accusato alti funzionari israeliani che hanno partecipato al ricevimento del Russia Day a Gerusalemme all\u2019inizio di questo mese di \u2018un palese disprezzo per i valori morali\u2019.<\/p>\n<p>\u201cInoltre, Korniychuk si \u00e8 anche lamentato del fatto che Netanyahu si \u00e8 rifiutato di incontrare la First Lady ucraina Olena Zelenska in occasione della sua visita in Israele avvenuta la scorsa settimana, mandando al suo posto la moglie Sara\u201d (cosa, in genere, prevista dai protocolli, ma nel caso specifico \u00e8 evidentemente apparso un reato di lesa maest\u00e0).<\/p>\n<h2>Il diplomatico d\u2019assalto<\/h2>\n<p>Fin qui le scaramucce, quindi la bordata alzo zero. Cos\u00ec sul comunicato dell\u2019ambasciata di domenica: \u201cMentre il popolo ucraino, compresa la sua consistente comunit\u00e0 ebraica, sanguina sotto l\u2019assalto dei missili russi e dei droni iraniani, la leadership israeliana, nascondendosi dietro la demagogia verbale riguardante la propria neutralit\u00e0 (sebbene non la nasconda pi\u00f9), <strong>stringe attivamente relazioni con la Federazione Russa<\/strong>\u201d.<\/p>\n<p>Israele, che in precedenza aveva risposto alle lamentele elencando i tanti passi pro-Ucraina fatti finora, ha perso la pazienza. Cos\u00ec Korniychuk \u00e8 stato convocato per la la prossima settimana al Ministero degli Esteri israeliano per \u201cchiarire\u201d le dichiarazioni suddette. Allo stesso tempo, Tel Aviv ha fatto partecipe del proprio disappunto anche Kiev.<\/p>\n<p>La querelle \u00e8 stata riportata dal <a href=\"https:\/\/www.timesofisrael.com\/netanyahu-set-to-visit-china-next-month-in-trip-seen-likely-to-annoy-biden\/\" target=\"_blank\" rel=\"noopener noreferrer\">Timesofisrael<\/a>, che chiude con una dichiarazione alquanto forte di Korniychuk rivolta a Netanyahu: \u201cIl modo pi\u00f9 veloce per raggiungere la Casa Bianca \u00e8 senza dubbio passare per Kiev\u201d.<\/p>\n<p>Il premier israeliano, infatti, \u00e8 ai ferri corti con Washington a motivo della sua politica a dir poco aggressiva nei confronti dei palestinesi e soprattutto della <a href=\"https:\/\/www.piccolenote.it\/mondo\/la-lotta-per-la-liberta-in-israele-e-la-questione-palestinese\">riforma giudiziaria<\/a> varata dal suo governo, che sta suscitando reazioni durissime perch\u00e9 liberticida.<\/p>\n<h2>La nuova Israele e l\u2019originaria (e unica)<\/h2>\n<p>Dall\u2019inizio della guerra, l\u2019Ucraina ha avuto un rapporto contrastato con Tel Aviv, sia con il precedente governo Bennet, che tent\u00f2 una <a href=\"https:\/\/www.piccolenote.it\/mondo\/bennet-quando-usa-e-gb-hanno-fatto-saltare-laccordo-mosca-kiev\">difficile mediazione<\/a> tra Kiev e Mosca, sia ora con Netanyahu. Ma mai il dissidio \u00e8 stato tanto acceso.<\/p>\n<p>Il leader ucraino, ebreo, in passato aveva dichiarato con enfasi di volere che l\u2019Ucraina diventi una \u201c<a href=\"https:\/\/www.aljazeera.com\/news\/2022\/4\/5\/zelenskyy-says-wants-ukraine-to-become-a-big-israel\" target=\"_blank\" rel=\"noopener noreferrer\">grande Israele<\/a>\u201c, forse non accorgendosi che la \u201cgrande Israele\u201d appartiene al sogno delle destra religiosa ebraica che chiede l\u2019annessione della Palestina (peraltro, le forze politiche che appoggiano Netanyahu hanno fatto propria tale aspirazione). Insomma, una suggestione geopolitica e insieme mistica.<\/p>\n<p>Ma al di l\u00e0 del particolare, l\u2019idea dell\u2019Ucraina come una nuova Israele conficcata nel cuore dell\u2019Europa \u00e8 stata ripresa da tanti in Occidente. E a tale prospettiva, oltre che a un quadro di riferimento geopolitico, si richiama in qualche modo anche l\u2019idea di offrire all\u2019Ucraina, in un futuro post bellico (semmai ci sar\u00e0), pi\u00f9 che l\u2019ombrello Nato, un sistema di sicurezza sul <a href=\"https:\/\/www.eurointegration.com.ua\/eng\/news\/2023\/05\/22\/7162181\/\" target=\"_blank\" rel=\"noopener noreferrer\">modello israeliano<\/a>.<\/p>\n<p>Cos\u00ec la nuova e grande Israele sembra aver ingaggiato un aspro duello con l\u2019originaria. Bizzarrie del destino e della dirigenza ucraina, che si muove nell\u2019agone internazionale come se potesse dare ordini a tutti. Se con alcuni il gioco \u00e8 facile, con Netanyahu ha trovato un osso duro. Aggrappato al suo scranno, ancora resiste a pressioni che avrebbero incenerito altri.<\/p>\n<h2>Netanyahu in Cina?<\/h2>\n<p>Imprevedibile e pragmatico, secondo fonti israeliane Netanyahu si appresterebbe a visitare la Cina, dove dovrebbe incontrare Xi Jinping. Lo rivela ancora <a href=\"https:\/\/www.timesofisrael.com\/ukraines-envoy-to-be-summoned-after-he-blasted-israels-stance-on-war\/\" target=\"_blank\" rel=\"noopener noreferrer\">Timesofisrael<\/a>, che spiega come tale iniziativa avrebbe preso forma dalla volont\u00e0 di interfacciarsi con Pechino per il ruolo che questa ha ormai assunto nel medio oriente (dove ha stretto relazioni feconde con quasi tutti gli Stati).<\/p>\n<p>Instaurare un rapporto con la Cina, quindi, per Israele sarebbe pi\u00f9 o meno necessario, ma Timesofisrael suggerisce, non a torto, che ci\u00f2 irriterebbe i partner statunitensi.<\/p>\n<p>Il media israeliano, per\u00f2, fa anche presente che la visita giungerebbe dopo quella recente del presidente della Palestina Abu Mazen, nel corso della quale Pechino ha espresso il suo favore per la nascita di uno Stato palestinese.<\/p>\n<p>La contraddizione \u00e8 evidente, essendo Netanyahu a capo del governo pi\u00f9 avverso ai palestinesi e alla nascita di un loro Stato della storia israeliana. Ma \u00e8 inutile tentare di sciogliere le contraddizioni mediorientali, e quelle israeliane in particolare, ci limitiamo a registrarle.<\/p>\n<p>Di certo la visita di Netanyahu in Cina, semmai avverr\u00e0, avr\u00e0 appunto una coda non piacevole nei rapporti con gli Stati Uniti. Ma potrebbe essere foriera di novit\u00e0 non del tutto negative per il martoriato Medio oriente. Vedremo.<\/p>\n<p>&nbsp;<\/p>\n<p><strong>FONTE: <a href=\"https:\/\/www.piccolenote.it\/mondo\/laspra-querelle-kiev-tel-aviv-e-lipotesi-netanyahu-in-cina\">https:\/\/www.piccolenote.it\/mondo\/laspra-querelle-kiev-tel-aviv-e-lipotesi-netanyahu-in-cina<\/a><\/strong><\/p>\n","protected":false},"excerpt":{"rendered":"<p>da PICCOLE NOTE (Davide Malacaria) L\u2019Ucraina sembra aver ingaggiato un vero e proprio duello con il governo israeliano. A innescare la querelle le dichiarazioni di Netanyahu sulle riserve di Tel Aviv riguardo la fornitura di armi a Kiev, perch\u00e9 potrebbero finire nelle mani del nemico (anzi \u201csono gi\u00e0 ai nostri confini\u201d, ha chiosato il premier israeliano). Le critiche dell\u2019ambasciatore Affermazioni \u201cdel tutto fittizie e speculative\u201d, ha commentato l\u2019ambasciatore ucraino a Tel Aviv Yevgen Korniychuk, che&#46;&#46;&#46;<\/p>\n","protected":false},"author":107,"featured_media":0,"comment_status":"open","ping_status":"open","sticky":false,"template":"","format":"standard","meta":{"jetpack_post_was_ever_published":false,"_jetpack_newsletter_access":"","_jetpack_dont_email_post_to_subs":false,"_jetpack_newsletter_tier_id":0,"_jetpack_memberships_contains_paywalled_content":false,"_jetpack_memberships_contains_paid_content":false,"footnotes":"","jetpack_publicize_message":"","jetpack_publicize_feature_enabled":true,"jetpack_social_post_already_shared":true,"jetpack_social_options":{"image_generator_settings":{"template":"highway","enabled":false},"version":2}},"categories":[32],"tags":[],"jetpack_publicize_connections":[],"jetpack_featured_media_url":"","jetpack_sharing_enabled":true,"jetpack_shortlink":"https:\/\/wp.me\/p7ZaJ4-kRF","_links":{"self":[{"href":"https:\/\/appelloalpopolo.it\/index.php?rest_route=\/wp\/v2\/posts\/80207"}],"collection":[{"href":"https:\/\/appelloalpopolo.it\/index.php?rest_route=\/wp\/v2\/posts"}],"about":[{"href":"https:\/\/appelloalpopolo.it\/index.php?rest_route=\/wp\/v2\/types\/post"}],"author":[{"embeddable":true,"href":"https:\/\/appelloalpopolo.it\/index.php?rest_route=\/wp\/v2\/users\/107"}],"replies":[{"embeddable":true,"href":"https:\/\/appelloalpopolo.it\/index.php?rest_route=%2Fwp%2Fv2%2Fcomments&post=80207"}],"version-history":[{"count":1,"href":"https:\/\/appelloalpopolo.it\/index.php?rest_route=\/wp\/v2\/posts\/80207\/revisions"}],"predecessor-version":[{"id":80208,"href":"https:\/\/appelloalpopolo.it\/index.php?rest_route=\/wp\/v2\/posts\/80207\/revisions\/80208"}],"wp:attachment":[{"href":"https:\/\/appelloalpopolo.it\/index.php?rest_route=%2Fwp%2Fv2%2Fmedia&parent=80207"}],"wp:term":[{"taxonomy":"category","embeddable":true,"href":"https:\/\/appelloalpopolo.it\/index.php?rest_route=%2Fwp%2Fv2%2Fcategories&post=80207"},{"taxonomy":"post_tag","embeddable":true,"href":"https:\/\/appelloalpopolo.it\/index.php?rest_route=%2Fwp%2Fv2%2Ftags&post=80207"}],"curies":[{"name":"wp","href":"https:\/\/api.w.org\/{rel}","templated":true}]}}