{"id":80388,"date":"2023-07-10T09:30:50","date_gmt":"2023-07-10T07:30:50","guid":{"rendered":"https:\/\/appelloalpopolo.it\/?p=80388"},"modified":"2023-07-08T15:00:59","modified_gmt":"2023-07-08T13:00:59","slug":"la-forza-discreta-della-comunicazione-visiva","status":"publish","type":"post","link":"https:\/\/appelloalpopolo.it\/?p=80388","title":{"rendered":"La forza discreta della comunicazione visiva"},"content":{"rendered":"<p style=\"text-align: justify\"><strong>di OSSERVATORIO GLOBALIZZAZIONE (Andrea Zotti)<\/strong><\/p>\n<p><img loading=\"lazy\" decoding=\"async\" class=\"alignnone size-medium wp-image-80389\" src=\"https:\/\/appelloalpopolo.it\/wp-content\/uploads\/2023\/07\/italia-risulta-piu-stabile-nel-mercato-extra-eu-che-eu-300x169.jpg\" alt=\"\" width=\"300\" height=\"169\" srcset=\"https:\/\/appelloalpopolo.it\/wp-content\/uploads\/2023\/07\/italia-risulta-piu-stabile-nel-mercato-extra-eu-che-eu-300x169.jpg 300w, https:\/\/appelloalpopolo.it\/wp-content\/uploads\/2023\/07\/italia-risulta-piu-stabile-nel-mercato-extra-eu-che-eu.jpg 768w\" sizes=\"(max-width: 300px) 100vw, 300px\" \/><\/p>\n<p style=\"text-align: justify\">L\u2019arena post-industriale nella quale competono gli attuali sistemi economici impone una riflessione sui driver dello sviluppo e le economie pi\u00f9 avanzate stannoriorientando i sistemi socio-produttivi grazie a paradigmi basati sul rapporto cultura\/creativit\u00e0\/innovazione, quale fonte di vantaggio competitivo.<\/p>\n<p style=\"text-align: justify\">Questa visione rappresenta il quadro d\u00ec riferimento dell\u2019approccio \u2018creative driven\u2019, che caratterizza imprese capaci di rinnovarsi grazie alla contaminazione tra cultura e capitale umano, per cogliere le sfide della grande transizione sociale che stiamo vivendo.<\/p>\n<p style=\"text-align: justify\">Il consumatore divenuto soggetto sempre pi\u00f9 attivo nel processo di comunicazione, dove, appunto, svolge un ruolo centrale. \u00c8 quindi importante interpretarne umori, esigenze e diverse sensibilit\u00e0; d\u2019altronde \u00e8 noto che, al giorno d\u2019oggi, commenti, feedback, scambi di opinioni tra i clienti assumono una notevole rilevanza poich\u00e9 determinano l\u2019andamento dell\u2019attivit\u00e0 di impresa e definiscono il valore del servizio offerto.<\/p>\n<p style=\"text-align: justify\">L\u2019utente moderno vuole personalizzazione, differenziando la propria esperienza di consumo e il proprio profilo. Tale esigenza ha indotto le aziende a dedicare maggior cura ai touchpoint dei canali di comunicazione con l\u2019esterno, perch\u00e9 ogni punto di contatto permette di andare incontro e di soddisfare le esigenze del cliente, in ogni fase del customer journey.<\/p>\n<p style=\"text-align: justify\">Il rebranding \u00e8 finalizzato a cambiare la brand image di un servizio o di un prodotto esistente, modificando quindi la percezione dei consumatori, rispetto all\u2019offerta aziendale. \u00c8 un processo necessario? Ovviamente s\u00ec, se consideriamo che nel tempo le aziende cambiano e introducono nuovi prodotti e servizi, mutano, inoltre, le esigenze del pubblico e varia anche il target di riferimento. L\u2019immagine coordinata di un\u2019azienda \u00e8 determinata dal sapiente mix di una serie di prodotti tipografici. Ma perch\u00e9 la comunicazione visiva assume sempre pi\u00f9 importanza, al netto di queste premesse? Proviamo a rispondere a questa domanda partendo dalla sua definizione:<\/p>\n<p style=\"text-align: justify\">La comunicazione visiva consiste nella trasmissione di un messaggio, che pu\u00f2 includere idee, istruzioni, dati o altro genere di informazione, e pu\u00f2 essere definita come un sistema di comunicazione che utilizza le immagini come mezzo di espressione, tutto basato fortemente nella semiotica. Questa comunicazione avviene perch\u00e9 spesso i simboli hanno un passato, una storia o sono parte di una cultura e permettono di trasmettere messaggi complessi, a volte attraverso un semplice sguardo. Le immagini hanno sempre costituito un linguaggio efficace che permette di raggiungere il massimo effetto comunicativo nel pi\u00f9 breve tempo possibile.<\/p>\n<p style=\"text-align: justify\">Il messaggio visivo spesso anticipa il contenuto del concetto che il messaggio stesso si propone di comunicare ed arriva per primo alla mente del destinatario, suscitando in lui sensazioni di primo acchito che rimarranno pi\u00f9 facilmente impresse nella sua mente, concetto che, se fosse presentato in formato testuale non avrebbe il medesimo impatto.<\/p>\n<p style=\"text-align: justify\">Tra le principali ragioni per cui la comunicazione visiva sia importante, troviamo le seguenti:<\/p>\n<ul>\n<li style=\"text-align: justify\">Attira l\u2019attenzione e aumenta il coinvolgimento;<\/li>\n<li style=\"text-align: justify\">fa provare emozioni pi\u00f9 forti al pubblico di riferimento;<\/li>\n<li style=\"text-align: justify\">consente di ricordare meglio le informazioni;<\/li>\n<li style=\"text-align: justify\">fa risparmiare tempo, dato che le informazioni vengono trasmesse in modo pi\u00f9 rapido ed efficace;<\/li>\n<li style=\"text-align: justify\">Consolida l\u2019identit\u00e0 del brand, fornendo un\u2019esperienza condivisa e un messaggio unificato.<\/li>\n<\/ul>\n<p style=\"text-align: justify\">Le parole dunque non sono pi\u00f9 sufficienti se non accompagnate da contenuti visivi in grado di deliziare, informare e coinvolgere il pubblico. Questa via, inoltre, apre una serie di opportunit\u00e0 all\u2019azienda: i contenuti visivi sono in grado non solo di coinvolgere ed emozionare ma anche di umanizzare l\u2019azienda, aumentando il senso di appartenenza ai valori del brand e incoraggiando una maggiore interazione. i contenuti visivi possono raggiungere gli utenti in un modo in cui le parole non riescono.<\/p>\n<p style=\"text-align: justify\">Foto, immagini e grafiche godono di un\u2019enorme portata comunicativa. Non a caso, l\u2019utilizzo di elementi visivi \u00e8 essenziale nella realizzazione di contenuti in grado di comunicare il messaggio desiderato in modo chiaro e veloce. Il visual content deve seguire una logica convincente per sfruttare nel modo corretto la narrazione visiva e una chiara pianificazione per raggiungere risultati significativi.<\/p>\n<p style=\"text-align: justify\"><strong>Fonte:\u00a0<a href=\"https:\/\/osservatorioglobalizzazione.it\/osservatorio\/la-forza-discreta-della-comunicazione-visiva\/\">https:\/\/osservatorioglobalizzazione.it\/osservatorio\/la-forza-discreta-della-comunicazione-visiva\/<\/a><\/strong><\/p>\n","protected":false},"excerpt":{"rendered":"<p>di OSSERVATORIO GLOBALIZZAZIONE (Andrea Zotti) L\u2019arena post-industriale nella quale competono gli attuali sistemi economici impone una riflessione sui driver dello sviluppo e le economie pi\u00f9 avanzate stannoriorientando i sistemi socio-produttivi grazie a paradigmi basati sul rapporto cultura\/creativit\u00e0\/innovazione, quale fonte di vantaggio competitivo. Questa visione rappresenta il quadro d\u00ec riferimento dell\u2019approccio \u2018creative driven\u2019, che caratterizza imprese capaci di rinnovarsi grazie alla contaminazione tra cultura e capitale umano, per cogliere le sfide della grande transizione sociale che&#46;&#46;&#46;<\/p>\n","protected":false},"author":95,"featured_media":67447,"comment_status":"open","ping_status":"open","sticky":false,"template":"","format":"standard","meta":{"jetpack_post_was_ever_published":false,"_jetpack_newsletter_access":"","_jetpack_dont_email_post_to_subs":false,"_jetpack_newsletter_tier_id":0,"_jetpack_memberships_contains_paywalled_content":false,"_jetpack_memberships_contains_paid_content":false,"footnotes":"","jetpack_publicize_message":"","jetpack_publicize_feature_enabled":true,"jetpack_social_post_already_shared":true,"jetpack_social_options":{"image_generator_settings":{"template":"highway","enabled":false},"version":2}},"categories":[32],"tags":[],"jetpack_publicize_connections":[],"jetpack_featured_media_url":"https:\/\/appelloalpopolo.it\/wp-content\/uploads\/2021\/09\/auton8813-89573.png","jetpack_sharing_enabled":true,"jetpack_shortlink":"https:\/\/wp.me\/p7ZaJ4-kUA","_links":{"self":[{"href":"https:\/\/appelloalpopolo.it\/index.php?rest_route=\/wp\/v2\/posts\/80388"}],"collection":[{"href":"https:\/\/appelloalpopolo.it\/index.php?rest_route=\/wp\/v2\/posts"}],"about":[{"href":"https:\/\/appelloalpopolo.it\/index.php?rest_route=\/wp\/v2\/types\/post"}],"author":[{"embeddable":true,"href":"https:\/\/appelloalpopolo.it\/index.php?rest_route=\/wp\/v2\/users\/95"}],"replies":[{"embeddable":true,"href":"https:\/\/appelloalpopolo.it\/index.php?rest_route=%2Fwp%2Fv2%2Fcomments&post=80388"}],"version-history":[{"count":1,"href":"https:\/\/appelloalpopolo.it\/index.php?rest_route=\/wp\/v2\/posts\/80388\/revisions"}],"predecessor-version":[{"id":80390,"href":"https:\/\/appelloalpopolo.it\/index.php?rest_route=\/wp\/v2\/posts\/80388\/revisions\/80390"}],"wp:featuredmedia":[{"embeddable":true,"href":"https:\/\/appelloalpopolo.it\/index.php?rest_route=\/wp\/v2\/media\/67447"}],"wp:attachment":[{"href":"https:\/\/appelloalpopolo.it\/index.php?rest_route=%2Fwp%2Fv2%2Fmedia&parent=80388"}],"wp:term":[{"taxonomy":"category","embeddable":true,"href":"https:\/\/appelloalpopolo.it\/index.php?rest_route=%2Fwp%2Fv2%2Fcategories&post=80388"},{"taxonomy":"post_tag","embeddable":true,"href":"https:\/\/appelloalpopolo.it\/index.php?rest_route=%2Fwp%2Fv2%2Ftags&post=80388"}],"curies":[{"name":"wp","href":"https:\/\/api.w.org\/{rel}","templated":true}]}}