{"id":81170,"date":"2023-08-17T11:30:39","date_gmt":"2023-08-17T09:30:39","guid":{"rendered":"https:\/\/appelloalpopolo.it\/?p=81170"},"modified":"2023-08-16T18:00:23","modified_gmt":"2023-08-16T16:00:23","slug":"liberismo-e-polizie-nel-continente-e-lora-della-destra","status":"publish","type":"post","link":"https:\/\/appelloalpopolo.it\/?p=81170","title":{"rendered":"Liberismo e polizie. Nel continente \u00e8 l\u2019ora della destra"},"content":{"rendered":"<p><strong>di IL MANIFESTO (Claudia Fanti)<\/strong><\/p>\n<div class=\"PostTitleFirstTemplate_postHeader__6rbnw\">\n<div class=\"PostTitleFirstTemplate_marginTop__3A_B8 container\">\n<div class=\"row\">\n<div class=\"col-lg-9\">\n<div class=\"PostTitleFirstTemplate_summary__reA5J\">\n<div class=\"PostSummary_PostSummary__hi6E0\">BUENOS AIRES E OLTRE.\u00a0Il candidato di estrema destra ha indicato il presidente salvadoregno Nayib Bukele come un esempio da seguire<\/div>\n<\/div>\n<\/div>\n<\/div>\n<\/div>\n<\/div>\n<div class=\"container\">\n<div class=\"row\">\n<div class=\"col-lg-9\">\n<div class=\"PostTitleFirstTemplate_featuredImage__7VJfO\">\n<div class=\"PostImage_PostImage__CjnoE PostImage_standard__Bl3tF PostImage\">\n<figure class=\"figure\"><img decoding=\"async\" src=\"https:\/\/static.ilmanifesto.it\/2023\/08\/15est1f01-argentina-javier-milei-the-presidential-candidate-of-the-liberty-advances-coalition-foto-ap.jpg\" \/><\/figure>\n<div class=\"p-0 container\"><span class=\"PostImageCaption_PostImageCaption__MaDFS PostImageCaption_caption__9Fzz1\">Javier Milei<\/span><\/div>\n<\/div>\n<\/div>\n<div class=\"container\">\n<div class=\"justify-content-md-center row\">\n<div class=\"col-lg-10\">\n<div class=\"PostTitleFirstTemplate_articleBody__PiMcd\">\n<div class=\"ArticleBody\">\n<p>&nbsp;<\/p>\n<p>Il primo a restare sorpreso per la sua vittoria \u00e8 stato proprio Javier Milei: se fosse arrivato al 20% delle preferenze, aveva detto, sarebbe stato un successo. Primo con oltre il 30% dei voti alle primarie di domenica in Argentina, l\u2019economista ultraneoliberista pu\u00f2 guardare ora con rinnovate ambizioni alle presidenziali di ottobre. E sono in molti a chiedersi se dietro il voto per il candidato di estrema destra ci sia qualcosa di pi\u00f9 di una variante particolarmente aggressiva del\u00a0<em>que se vayan todos<\/em>, legata ai suoi furiosi attacchi contro la casta dei politici da prendere \u00aba calci in culo\u00bb (con le sole eccezioni di Carlos Menem e di Mauricio Macri).<\/p>\n<p>Impensabile che l\u2019istrionico candidato di La Libertad Avanza, per il quale persino la vendita di organi costituirebbe un\u2019espressione come un\u2019altra del mercato, possa offrire risposta a un popolo stremato dai micidiali effetti dei programmi di aggiustamento imposti dal Fondo monetario internazionale, nel quadro dell\u2019accordo raggiunto con il governo Fern\u00e1ndez, all\u2019inizio del 2022, sulla ristrutturazione del colossale debito contratto durante la presidenza Macri. Con tutte le sue conseguenze in termini di aumento del precariato, salari al di sotto della soglia di povert\u00e0 per la met\u00e0 dei lavoratori, piani assistenziali che non bastano neppure a coprire le necessit\u00e0 di base. Oltre a un\u2019accelerazione del modello estrattivista predatorio ed ecocida, che ha prodotto le innumerevoli rivolte socio-ambientali che attraversano il paese.<\/p>\n<p>Se sono proprio tali conseguenze a spiegare il deludente risultato, all\u2019interno delle primarie di Uni\u00f3n por la Patria, del ministro dell\u2019Economia Sergio Massa, il candidato gradito all\u2019ambasciata Usa e al Fondo monetario, la ricetta di Milei \u2013 nel segno dell\u2019individualismo pi\u00f9 estremo, una sorta di \u00absi salvi chi pu\u00f2\u00bb \u2013 \u00e8 ancora pi\u00f9 drastica: \u00abL\u2019Fmi non dovrebbe avere problemi con il nostro programma, considerando che noi proponiamo un aggiustamento fiscale molto pi\u00f9 profondo del suo\u00bb.<\/p>\n<p>Piuttosto, se il voto per Milei \u00e8 in grande misura un voto anti-sistema, ad attrarre una parte dell\u2019elettorato \u00e8 stata anche la sua promessa di usare il pugno di ferro contro il crimine \u2013 \u00abNo es mano dura, es mano justa\u00bb, ha spiegato \u2013 tanto pi\u00f9 di fronte all\u2019impatto che ha avuto sul paese il caso dell\u2019undicenne Morena Dom\u00ednguez, morta in seguito all\u2019aggressione di due criminali che volevano derubarla.<\/p>\n<p>Non a caso, il candidato di estrema destra ha indicato il presidente salvadoregno Nayib Bukele come un esempio da seguire, inviando in El Salvador un suo deputato della provincia di Buenos Aires, Nahuel Sotelo, per studiare proprio quello che \u00e8 stato definito come \u00absistema Bukele\u00bb: l\u2019impressionante offensiva contro le bande criminali con cui il \u00abdittatore pi\u00f9 cool del mondo\u00bb, come lui stesso si \u00e8 definito, ha praticamente azzerato la presenza delle gang nei territori, ma nel pi\u00f9 completo disprezzo dei diritti umani e della democrazia. Cosicch\u00e9 dopo pi\u00f9 di un anno e mezzo di regime di eccezione, grazie a cui polizia e militari possono arrestare chiunque appaia loro sospetto, 69mila persone \u2013 l\u20191% della popolazione \u2013 si trovano ora in carcere, spesso senza neppure sapere per quali reati siano accusate e altrettanto spesso vittime di maltrattamenti e torture.<\/p>\n<p>Ma non \u00e8 solo in Argentina che si guarda al modello \u00abvincente\u00bb di Bukele. Molti sono i suoi ammiratori in Cile, dove la destra \u00e8 riuscita a imporre la sua agenda securitaria di fronte alle crescenti preoccupazioni della cittadinanza riguardo all\u2019aumento della criminalit\u00e0 nel paese. Gi\u00e0 a settembre del 2022, infatti, l\u2019ex candidato presidenziale di estrema destra Jos\u00e9 Antonio Kast si augurava su Twitter che il presidente salvadoregno, durante l\u2019Assemblea delle Nazioni unite, desse a Boric \u00abun paio di consigli su come affrontare la crisi di sicurezza in Cile\u00bb: \u00abMentre in El Salvador gli omicidi calano, in Cile sono fuori controllo\u00bb.<\/p>\n<p>Ed \u00e8 comprensibile che ancora pi\u00f9 consensi Bukele raccolga in Ecuador, il paese con il maggior aumento di omicidi in America Latina, dove il recente assassinio del candidato presidenziale Fernando Villavicencio ha portato ancor di pi\u00f9 alla ribalta, alla vigilia delle presidenziali del 20 agosto, il tema della lotta alla criminalit\u00e0 in stile salvadoregno, di cui si \u00e8 fatto portavoce in particolare l\u2019imprenditore Jan Topic, gi\u00e0 soldato della Legione straniera francese, soprannominato il \u00abBukele ecuadoriano\u00bb.<\/p>\n<p>Ma non \u00e8 solo l\u2019estrema destra a cedere alle sirene di una scorciatoia autoritaria in tema di lotta alla criminalit\u00e0: anche in Honduras il governo progressista di Xiomara Castro, che pure aveva promesso di smilitarizzare la sicurezza pubblica e di adottare un approccio preventivo alla violenza, ha operato una svolta di 180 gradi, imponendo lo stato di emergenza, annunciando l\u2019intenzione di costruire una nuova prigione per i criminali pi\u00f9 pericolosi e soprattutto cominciando a mostrare le stesse immagini del paese vicino di detenuti con la testa rapata, seminudi e ammassati come animali.<\/p>\n<p>L\u2019idea delle enormi prigioni sul modello salvadoregno \u00e8 approdata anche in Colombia, incontrando tuttavia il rifiuto indignato del presidente Petro, entrato recentemente in polemica proprio con Bukele riguardo alle strategie da impiegare per contrastare il crimine. In Colombia, aveva scritto su Twitter, \u00ababbiamo ridotto i tassi di omicidi e violenza, non con mega carceri ma con scuole e universit\u00e0\u00bb.<\/p>\n<p><strong>FONTE:<a href=\"https:\/\/ilmanifesto.it\/liberismo-e-polizie-nel-continente-e-lora-della-destra\">https:\/\/ilmanifesto.it\/liberismo-e-polizie-nel-continente-e-lora-della-destra<\/a><\/strong><\/p>\n<\/div>\n<\/div>\n<\/div>\n<\/div>\n<\/div>\n<\/div>\n<\/div>\n<\/div>\n","protected":false},"excerpt":{"rendered":"<p>di IL MANIFESTO (Claudia Fanti) BUENOS AIRES E OLTRE.\u00a0Il candidato di estrema destra ha indicato il presidente salvadoregno Nayib Bukele come un esempio da seguire Javier Milei &nbsp; Il primo a restare sorpreso per la sua vittoria \u00e8 stato proprio Javier Milei: se fosse arrivato al 20% delle preferenze, aveva detto, sarebbe stato un successo. Primo con oltre il 30% dei voti alle primarie di domenica in Argentina, l\u2019economista ultraneoliberista pu\u00f2 guardare ora con rinnovate&#46;&#46;&#46;<\/p>\n","protected":false},"author":109,"featured_media":39841,"comment_status":"open","ping_status":"open","sticky":false,"template":"","format":"standard","meta":{"jetpack_post_was_ever_published":false,"_jetpack_newsletter_access":"","_jetpack_dont_email_post_to_subs":false,"_jetpack_newsletter_tier_id":0,"_jetpack_memberships_contains_paywalled_content":false,"_jetpack_memberships_contains_paid_content":false,"footnotes":"","jetpack_publicize_message":"","jetpack_publicize_feature_enabled":true,"jetpack_social_post_already_shared":true,"jetpack_social_options":{"image_generator_settings":{"template":"highway","enabled":false},"version":2}},"categories":[32],"tags":[],"jetpack_publicize_connections":[],"jetpack_featured_media_url":"https:\/\/appelloalpopolo.it\/wp-content\/uploads\/2018\/03\/il-manifesto.jpg","jetpack_sharing_enabled":true,"jetpack_shortlink":"https:\/\/wp.me\/p7ZaJ4-l7c","_links":{"self":[{"href":"https:\/\/appelloalpopolo.it\/index.php?rest_route=\/wp\/v2\/posts\/81170"}],"collection":[{"href":"https:\/\/appelloalpopolo.it\/index.php?rest_route=\/wp\/v2\/posts"}],"about":[{"href":"https:\/\/appelloalpopolo.it\/index.php?rest_route=\/wp\/v2\/types\/post"}],"author":[{"embeddable":true,"href":"https:\/\/appelloalpopolo.it\/index.php?rest_route=\/wp\/v2\/users\/109"}],"replies":[{"embeddable":true,"href":"https:\/\/appelloalpopolo.it\/index.php?rest_route=%2Fwp%2Fv2%2Fcomments&post=81170"}],"version-history":[{"count":2,"href":"https:\/\/appelloalpopolo.it\/index.php?rest_route=\/wp\/v2\/posts\/81170\/revisions"}],"predecessor-version":[{"id":81172,"href":"https:\/\/appelloalpopolo.it\/index.php?rest_route=\/wp\/v2\/posts\/81170\/revisions\/81172"}],"wp:featuredmedia":[{"embeddable":true,"href":"https:\/\/appelloalpopolo.it\/index.php?rest_route=\/wp\/v2\/media\/39841"}],"wp:attachment":[{"href":"https:\/\/appelloalpopolo.it\/index.php?rest_route=%2Fwp%2Fv2%2Fmedia&parent=81170"}],"wp:term":[{"taxonomy":"category","embeddable":true,"href":"https:\/\/appelloalpopolo.it\/index.php?rest_route=%2Fwp%2Fv2%2Fcategories&post=81170"},{"taxonomy":"post_tag","embeddable":true,"href":"https:\/\/appelloalpopolo.it\/index.php?rest_route=%2Fwp%2Fv2%2Ftags&post=81170"}],"curies":[{"name":"wp","href":"https:\/\/api.w.org\/{rel}","templated":true}]}}