{"id":81979,"date":"2023-10-17T08:45:55","date_gmt":"2023-10-17T06:45:55","guid":{"rendered":"https:\/\/appelloalpopolo.it\/?p=81979"},"modified":"2023-10-15T22:13:29","modified_gmt":"2023-10-15T20:13:29","slug":"quando-il-falso-diventa-vero","status":"publish","type":"post","link":"https:\/\/appelloalpopolo.it\/?p=81979","title":{"rendered":"Quando il falso diventa vero"},"content":{"rendered":"<p><strong>da QUOD LIBET, Rubrica UNA VOCE (Giorgio Agamben)<\/strong><\/p>\n<p>Mi \u00e8 stato detto che su Facebook figurano uno o pi\u00f9 profili a mio nome e con la mia fotografia, sui quali vengono pubblicati testi e fotografie e scambiate \u2013 anche se non so bene cosa significhi \u2013 amicizie. Questi profili sono falsi e io non ne sono in alcun modo responsabile.<br \/>\nSono parte anch\u2019essi a loro modo del tentativo ormai in corso da tempo, ma che si \u00e8 accelerato senza limiti negli ultimi tre anni, di cambiare lo statuto del vero e del falso nei rapporti fra gli uomini. Anche in questo caso, tuttavia, la contraddizione fra il progetto consapevole e i suoi risultati mostra che chi crede oggi di governare il mondo non sa pi\u00f9 che cosa sta facendo. Come abbiamo gi\u00e0 avuto modo di suggerire in questa rubrica, se la sostituzione del falso al vero diventa integrale, chi mente non sa pi\u00f9 di mentire e verit\u00e0 e menzogna, buona fede e mala fede si confondono nella sua mente fino a diventare indiscernibili. Ci\u00f2 significa che la menzogna sfugge al suo controllo e pu\u00f2 ritorcersi innanzitutto contro di lui, costringendolo ad agire contro i suoi stessi interessi fino a portarlo eventualmente all\u2019autodistruzione. Non \u00e8 certamente facile capire in che modo sia possibile comunicare fra uomini che non sono pi\u00f9 in grado di discernere il vero dal falso. Dobbiamo, tuttavia, senza farci illusioni, ostinatamente provarci.<\/p>\n<p><strong>FONTE:\u00a0<a href=\"https:\/\/www.quodlibet.it\/giorgio-agamben-quando-il-falso-diventa-vero\">https:\/\/www.quodlibet.it\/giorgio-agamben-quando-il-falso-diventa-vero<\/a><\/strong><\/p>\n","protected":false},"excerpt":{"rendered":"<p>da QUOD LIBET, Rubrica UNA VOCE (Giorgio Agamben) Mi \u00e8 stato detto che su Facebook figurano uno o pi\u00f9 profili a mio nome e con la mia fotografia, sui quali vengono pubblicati testi e fotografie e scambiate \u2013 anche se non so bene cosa significhi \u2013 amicizie. Questi profili sono falsi e io non ne sono in alcun modo responsabile. Sono parte anch\u2019essi a loro modo del tentativo ormai in corso da tempo, ma che&#46;&#46;&#46;<\/p>\n","protected":false},"author":103,"featured_media":77771,"comment_status":"open","ping_status":"open","sticky":false,"template":"","format":"standard","meta":{"jetpack_post_was_ever_published":false,"_jetpack_newsletter_access":"","_jetpack_dont_email_post_to_subs":false,"_jetpack_newsletter_tier_id":0,"_jetpack_memberships_contains_paywalled_content":false,"_jetpack_memberships_contains_paid_content":false,"footnotes":"","jetpack_publicize_message":"","jetpack_publicize_feature_enabled":true,"jetpack_social_post_already_shared":true,"jetpack_social_options":{"image_generator_settings":{"template":"highway","enabled":false},"version":2}},"categories":[32],"tags":[],"jetpack_publicize_connections":[],"jetpack_featured_media_url":"https:\/\/appelloalpopolo.it\/wp-content\/uploads\/2023\/03\/Quodlibet-XL.png","jetpack_sharing_enabled":true,"jetpack_shortlink":"https:\/\/wp.me\/p7ZaJ4-lkf","_links":{"self":[{"href":"https:\/\/appelloalpopolo.it\/index.php?rest_route=\/wp\/v2\/posts\/81979"}],"collection":[{"href":"https:\/\/appelloalpopolo.it\/index.php?rest_route=\/wp\/v2\/posts"}],"about":[{"href":"https:\/\/appelloalpopolo.it\/index.php?rest_route=\/wp\/v2\/types\/post"}],"author":[{"embeddable":true,"href":"https:\/\/appelloalpopolo.it\/index.php?rest_route=\/wp\/v2\/users\/103"}],"replies":[{"embeddable":true,"href":"https:\/\/appelloalpopolo.it\/index.php?rest_route=%2Fwp%2Fv2%2Fcomments&post=81979"}],"version-history":[{"count":1,"href":"https:\/\/appelloalpopolo.it\/index.php?rest_route=\/wp\/v2\/posts\/81979\/revisions"}],"predecessor-version":[{"id":81980,"href":"https:\/\/appelloalpopolo.it\/index.php?rest_route=\/wp\/v2\/posts\/81979\/revisions\/81980"}],"wp:featuredmedia":[{"embeddable":true,"href":"https:\/\/appelloalpopolo.it\/index.php?rest_route=\/wp\/v2\/media\/77771"}],"wp:attachment":[{"href":"https:\/\/appelloalpopolo.it\/index.php?rest_route=%2Fwp%2Fv2%2Fmedia&parent=81979"}],"wp:term":[{"taxonomy":"category","embeddable":true,"href":"https:\/\/appelloalpopolo.it\/index.php?rest_route=%2Fwp%2Fv2%2Fcategories&post=81979"},{"taxonomy":"post_tag","embeddable":true,"href":"https:\/\/appelloalpopolo.it\/index.php?rest_route=%2Fwp%2Fv2%2Ftags&post=81979"}],"curies":[{"name":"wp","href":"https:\/\/api.w.org\/{rel}","templated":true}]}}