{"id":84082,"date":"2024-02-23T10:00:50","date_gmt":"2024-02-23T09:00:50","guid":{"rendered":"https:\/\/appelloalpopolo.it\/?p=84082"},"modified":"2024-02-21T18:07:58","modified_gmt":"2024-02-21T17:07:58","slug":"verso-la-rimozione-di-biden","status":"publish","type":"post","link":"https:\/\/appelloalpopolo.it\/?p=84082","title":{"rendered":"Verso la rimozione di Biden"},"content":{"rendered":"<p><strong>da IL SIMPLICISSIMUS<\/strong><\/p>\n<figure class=\"post-image clear-fix\"><img loading=\"lazy\" decoding=\"async\" class=\"attachment-rowling-post-image size-rowling-post-image wp-post-image\" src=\"https:\/\/i0.wp.com\/ilsimplicissimus2.com\/wp-content\/uploads\/2024\/02\/biden6.jpg?fit=720%2C405&amp;ssl=1\" alt=\"\" width=\"720\" height=\"405\" data-attachment-id=\"174659\" data-permalink=\"https:\/\/ilsimplicissimus2.com\/2024\/02\/20\/verso-la-rimozione-di-biden\/biden6\/\" data-orig-file=\"https:\/\/i0.wp.com\/ilsimplicissimus2.com\/wp-content\/uploads\/2024\/02\/biden6.jpg?fit=720%2C405&amp;ssl=1\" data-orig-size=\"720,405\" data-comments-opened=\"1\" data-image-meta=\"{&quot;aperture&quot;:&quot;0&quot;,&quot;credit&quot;:&quot;&quot;,&quot;camera&quot;:&quot;&quot;,&quot;caption&quot;:&quot;&quot;,&quot;created_timestamp&quot;:&quot;0&quot;,&quot;copyright&quot;:&quot;&quot;,&quot;focal_length&quot;:&quot;0&quot;,&quot;iso&quot;:&quot;0&quot;,&quot;shutter_speed&quot;:&quot;0&quot;,&quot;title&quot;:&quot;&quot;,&quot;orientation&quot;:&quot;1&quot;}\" data-image-title=\"biden6\" data-image-description=\"\" data-image-caption=\"\" data-medium-file=\"https:\/\/i0.wp.com\/ilsimplicissimus2.com\/wp-content\/uploads\/2024\/02\/biden6.jpg?fit=300%2C169&amp;ssl=1\" data-large-file=\"https:\/\/i0.wp.com\/ilsimplicissimus2.com\/wp-content\/uploads\/2024\/02\/biden6.jpg?fit=616%2C347&amp;ssl=1\" \/><\/figure>\n<div class=\"post-inner\">\n<div class=\"post-content\">\n<p>Per quattro lunghi anni l\u2019informazione occidentale ha negato l\u2019evidenza, ovvero la demenza senile di Biden cercando di minimizzare tutti gli episodi sconcertanti che riguardano il presidente Usa, ma da qualche settimana a questa parte, come se fosse arrivato un contrordine, tutti i media a cominciare da quelli americani pubblicano ogni giorno diversi articoli sulle preoccupanti condizioni dell\u2019inquilino della Casa Bianca, sottintendendo nemmeno troppo fra e righe una richiesta di rimozione dalla carica. Tutto lo spettacolo\u00a0 \u00e8 cominciato \u00a0dopo la pubblicazione del rapporto del procuratore speciale Robert Hur, che descriveva Biden come un uomo anziano e con scarsa memoria e quindi non condannabile per aver gestito male i documenti oggetto di segreto di stato. Poi l\u2019ex medico della Casa Bianca Ronny Jackson ha dichiarato: \u201cOggi ho inviato un\u2019altra lettera al presidente. Questa \u00e8 la quinta lettera che invio. Gli chiedo di darci informazioni oneste sulle sue capacit\u00e0 fisiche e mentali e sui risultati dell\u2019esame. La sua visita medica annuale avverr\u00e0 tra pochi mesi, ma ci \u00e8 gi\u00e0 stato detto che non saranno programmati test cognitivi.\u201d<\/p>\n<p>Tuttavia, le cose sono progredite al punto che nemmeno un certificato medico \u2013 che certamente sarebbe fasullo \u2013 potr\u00e0 far cambiare idea agli americani. L\u201986% di loro ritiene che Biden sia troppo vecchio per un secondo mandato.\u00a0Ne \u00e8 convinta anche la met\u00e0 dei democratici ed \u00e8 una situazione che non pu\u00f2 pi\u00f9 essere gestita. Infatti questa sorta di coro cos\u00ec ben concertato e temporalmente coordinato fa ritenere che la sostituzione di Biden sia stata decisa col\u00e0 dove si puote e che il veccho sleepy Joe \u00a0non rester\u00e0 pi\u00f9 presidente fino alle elezioni. L\u2019unica domanda \u00e8 quando i democratici faranno partire l\u2019operazione di rimozione. Dato che il vicepresidente Kamala Harris, \u2013 ancora pi\u00f9 impopolare di Biden e paradossalmente\u00a0 ancora meno sveglia\u00a0 di lui \u2013 gli succederebbe nella carica, \u00e8 probabile che gli strateghi democratici scelgano\u00a0 un momento per la partenza di Biden che renderebbe impossibile per la\u00a0 Harris candidarsi per i democratici. La cacciata di Biden potrebbe quindi essere ritardata fino all\u2019estate in modo che i democratici possano tirare fuori un altro candidato dal cilindro durante la conferenza del partito, senza ricorrere alle primarie.<\/p>\n<p>Certo sar\u00e0 difficile trovare qualcuno che potr\u00e0 vedersela con Trump e poi ci sono problemi che incalzano, quelli della Palestina, che costringono la Casa Bianca a creare ogni giorno un equilibrio tra l\u2019appoggio al tentato genocidio che di certo non fa benne a un\u2019immagine Usa sempre pi\u00f9 appannata e la potente lobby ebraica che pu\u00f2 spostare molto in termini elettorali. Ma soprattutto quelli dell\u2019Ucraina che ormai comincia a vivere una sua inaspettata guerra civile o forse inaspettate solo per gli americani che notoriamente non sono troppo flessibili. Bande partigiane che operano contro il regime di Kiev tre giorni fa\u00a0 hanno fatto deragliare un treno che trasportava missili e munizioni per l\u2019esercito ucraino e ieri hanno dato alle fiamme uno stabilimento per la produzione di droni. Quest\u2019ultimo colpo \u00e8 avvenuto a Leopoli ovvero nell\u2019area culla del nazionalismi ucraino e incubatrice del neo nazismo di Maidan, insomma dove non si sarebbe aspettato di vedere in azione partigiani. Questo unito al fatto che anche fra le truppe ucraine di \u00e9lite comincia a serpeggiare il rifiuto di combattere fino all\u2019ultimo uomo. fa pensare che la vicenda ucraina possa avere esiti del tutto inesplorati e questo ovviamente avr\u00e0 un enorme peso nelle elezioni e un peso che per Biden potrebbe essere molto negativo anche se paradossalmente il Pentagono \u00e8 pieno di idioti pronti a Giurare che la Russia ha perso, testimonianza palese non solo del clima di menzogna che \u00e8 stato instaurati, ma anche della incredulit\u00e0 deli americani nel fatto che stanno perdendo la sfida.\u00a0 E pi\u00f9 sono increduli e pi\u00f9 continueranno a perderla.<\/p>\n<p>Per\u00f2 scaricare Biden potrebbe anche corrispondere a scaricare l\u2019Ucraina e addebitare la sconfitta alla senilit\u00e0 del presidente che peraltro era evidente ancor prima delle elezioni. Non si sa dove possa portare una narrativa ormai ridicola.<\/p>\n<\/div>\n<\/div>\n<p>&nbsp;<\/p>\n<p><strong>FONTE: <a href=\"https:\/\/ilsimplicissimus2.com\/2024\/02\/20\/verso-la-rimozione-di-biden\/\">https:\/\/ilsimplicissimus2.com\/2024\/02\/20\/verso-la-rimozione-di-biden\/<\/a><\/strong><\/p>\n","protected":false},"excerpt":{"rendered":"<p>da IL SIMPLICISSIMUS Per quattro lunghi anni l\u2019informazione occidentale ha negato l\u2019evidenza, ovvero la demenza senile di Biden cercando di minimizzare tutti gli episodi sconcertanti che riguardano il presidente Usa, ma da qualche settimana a questa parte, come se fosse arrivato un contrordine, tutti i media a cominciare da quelli americani pubblicano ogni giorno diversi articoli sulle preoccupanti condizioni dell\u2019inquilino della Casa Bianca, sottintendendo nemmeno troppo fra e righe una richiesta di rimozione dalla carica.&#46;&#46;&#46;<\/p>\n","protected":false},"author":107,"featured_media":45653,"comment_status":"open","ping_status":"open","sticky":false,"template":"","format":"standard","meta":{"jetpack_post_was_ever_published":false,"_jetpack_newsletter_access":"","_jetpack_dont_email_post_to_subs":false,"_jetpack_newsletter_tier_id":0,"_jetpack_memberships_contains_paywalled_content":false,"_jetpack_memberships_contains_paid_content":false,"footnotes":"","jetpack_publicize_message":"","jetpack_publicize_feature_enabled":true,"jetpack_social_post_already_shared":true,"jetpack_social_options":{"image_generator_settings":{"template":"highway","enabled":false},"version":2}},"categories":[32],"tags":[],"jetpack_publicize_connections":[],"jetpack_featured_media_url":"https:\/\/appelloalpopolo.it\/wp-content\/uploads\/2018\/11\/ilsimplicissimus.jpg","jetpack_sharing_enabled":true,"jetpack_shortlink":"https:\/\/wp.me\/p7ZaJ4-lSa","_links":{"self":[{"href":"https:\/\/appelloalpopolo.it\/index.php?rest_route=\/wp\/v2\/posts\/84082"}],"collection":[{"href":"https:\/\/appelloalpopolo.it\/index.php?rest_route=\/wp\/v2\/posts"}],"about":[{"href":"https:\/\/appelloalpopolo.it\/index.php?rest_route=\/wp\/v2\/types\/post"}],"author":[{"embeddable":true,"href":"https:\/\/appelloalpopolo.it\/index.php?rest_route=\/wp\/v2\/users\/107"}],"replies":[{"embeddable":true,"href":"https:\/\/appelloalpopolo.it\/index.php?rest_route=%2Fwp%2Fv2%2Fcomments&post=84082"}],"version-history":[{"count":1,"href":"https:\/\/appelloalpopolo.it\/index.php?rest_route=\/wp\/v2\/posts\/84082\/revisions"}],"predecessor-version":[{"id":84083,"href":"https:\/\/appelloalpopolo.it\/index.php?rest_route=\/wp\/v2\/posts\/84082\/revisions\/84083"}],"wp:featuredmedia":[{"embeddable":true,"href":"https:\/\/appelloalpopolo.it\/index.php?rest_route=\/wp\/v2\/media\/45653"}],"wp:attachment":[{"href":"https:\/\/appelloalpopolo.it\/index.php?rest_route=%2Fwp%2Fv2%2Fmedia&parent=84082"}],"wp:term":[{"taxonomy":"category","embeddable":true,"href":"https:\/\/appelloalpopolo.it\/index.php?rest_route=%2Fwp%2Fv2%2Fcategories&post=84082"},{"taxonomy":"post_tag","embeddable":true,"href":"https:\/\/appelloalpopolo.it\/index.php?rest_route=%2Fwp%2Fv2%2Ftags&post=84082"}],"curies":[{"name":"wp","href":"https:\/\/api.w.org\/{rel}","templated":true}]}}