{"id":84142,"date":"2024-02-27T08:00:39","date_gmt":"2024-02-27T07:00:39","guid":{"rendered":"https:\/\/appelloalpopolo.it\/?p=84142"},"modified":"2024-02-26T15:37:11","modified_gmt":"2024-02-26T14:37:11","slug":"a-monaco-si-e-deciso-la-rottura-della-nato-che-conoscevamo","status":"publish","type":"post","link":"https:\/\/appelloalpopolo.it\/?p=84142","title":{"rendered":"A Monaco si \u00e8 deciso la rottura della NATO che conoscevamo"},"content":{"rendered":"<p><strong>di L&#8217;ANTIDIPLOMATICO (Giuseppe Masala)<\/strong><\/p>\n<div class=\"post-media post-featured-image\"><\/div>\n<div class=\"entry-content\">\n<p>Mai come quest&#8217;anno \u00e8 stata di cruciale importanza la Conferenza sulla sicurezza di Monaco (M\u00fcnchner Sicherheitskonferenz MSC) che si \u00e8 svolta la settimana scorsa nella citt\u00e0 bavarese e che ha visto le \u00e9lites dei paesi pi\u00f9 importanti sotto l&#8217;aspetto diplomatico e militare dibattere sui temi d&#8217;attualit\u00e0 della sicurezza mondiale. Inutile sottolineare che ovviamente la Russia non \u00e8 stata invitata in ossequio alla strategia che vorrebbe trasformare Mosca in un\u00a0<em>paria<\/em>\u00a0mondiale.<\/p>\n<p>Naturalmente i mass media generalisti si sono concentrati sugli aspetti ormai quasi folkloristici dei vertici internazionali, come per esempio il solito &#8211; trito e ritrito &#8211; discorso del Presidente ucraino Zelenskij a caccia di armi e finanziamenti dai cosiddetti paesi \u201cdonatori\u201d e alleati.<\/p>\n<p>Comunque, dietro il palcoscenico spesso accadono le cose pi\u00f9 importanti. A mio avviso \u00e8 stato cos\u00ec anche in questa conferenza di Monaco. Aleggiava infatti nei discorsi pubblici e nelle interviste ai giornalisti, un Convitato di Pietra, innominato ed innominabile, ma non per questo meno importante. Si tratta dell&#8217;ex presidente degli Stati Uniti Donald Trump. Fantasma reale e palpabile, non foss&#8217;altro che per il semplice fatto che \u00e8 candidato \u2013 e grande favorito \u2013 nelle elezioni presidenziali di fine anno.<\/p>\n<p>Sappiamo tutti qual \u00e8 l&#8217;opinione di Trump sulla Nato: si tratta per il\u00a0<em>Tycoon<\/em>\u00a0newyorkese di una organizzazione desueta, costosissima e non pi\u00f9 funzionale agli interessi americani. Anzi, ad essere pi\u00f9 precisi, per Trump la Nato \u00e8 dannosa per gli interessi americani perch\u00e9 costringe Washington a pagare le spese per la difesa di paesi (leggi la Germania) che non solo fanno accordi sottobanco con i presunti avversari della Nato (leggi Putin) ma utilizzano altres\u00ec le spese risparmiate in ambito militare per favorire le aziende nazionali che faranno cos\u00ec una concorrenza sfrenata a quelle americane. Credo che nulla meglio possa chiarire la situazione di quanto\u00a0<a href=\"https:\/\/www.corriere.it\/esteri\/24_febbraio_11\/donald-trump-delinquenti-paesi-nato-che-non-pagano-incoraggerei-russia-ad-attaccarli-9e5fdd40-c8b2-11ee-8d4a-27f0689a3891.shtml\">detto da Trump ad un comizio elettorale tenuto in Carolina del Sud proprio qualche giorno fa: \u00abIncoraggerei la Russia ad attaccare i paesi Nato che non pagano\u00bb<\/a>.<\/p>\n<p>E&#8217; proprio in questo contesto che alla conferenza di Monaco si \u00e8 dibattuto della sicurezza mondiale, in sostanza senza sapere se la pi\u00f9 importante alleanza militare degli ultimi settanta anni esister\u00e0 ancora tra appena dodici mesi.\u00a0<a href=\"https:\/\/www.ilsole24ore.com\/art\/scudo-nucleare-europa-sicurezza-mondo-discussa-50-capi-stato-monaco-AFFFUSjC?refresh_ce=1\">Secondo il Sole24Ore<\/a>, una delle idee pi\u00f9 sconvolgenti presentate alla conferenza sarebbe quella secondo cui l&#8217;UE dovrebbe acquistare dagli USA mille bombe atomiche, prima che ritorni al potere Trump. Una chiara provocazione, visto che non basta acquistare gli ordigni, ma bisogna avere anche le piattaforme da cui verrebbero lanciati come per esempio i sottomarini, le installazioni a terra e gli aerei strategici per quanto riguarda il deterrente strategico, senza contare poi che serve anche il personale addestrato, il sistema satellitare di puntamento e via dicendo. Insomma prima che l&#8217;UE possa avere un simile\u00a0<em>background<\/em>\u00a0sarebbero necessari comunque molti anni.<\/p>\n<p>&nbsp;<\/p>\n<p>Comunque sia, simili idee chiariscono quanto siano potenti le fibrillazioni europee per un possibile disimpegno americano dalla Nato.<\/p>\n<p><a href=\"https:\/\/www.corriere.it\/esteri\/24_febbraio_14\/europa-oltre-nato-l-idea-un-nuovo-scudo-atomico-matrice-francese-2db1a9a4-cb3f-11ee-9708-e0c8616c74ac.shtml\">Per la verit\u00e0 \u00e8 gi\u00e0 da parecchi anni chiaro agli osservatori pi\u00f9 attenti che il deterrente strategico nucleare americano non sar\u00e0 mai posto a difesa dell&#8217;Europa<\/a>: soltanto gli ingenui potrebbero credere che gli americani possono rischiare di vedere bruciare New York, Chicago e Los Angeles per difendere Berlino, Roma o Varsavia. Questo chiaramente vale anche per francesi e inglesi che non metteranno mai a rischio Londra e Parigi per Bratislava o Bucarest. Infatti ormai da anni in Germania si dibatte sulla necessit\u00e0 di avere un \u201combrello nucleare europeo\u201d, che tradotto in termini brutali significa l&#8217;allargamento dell&#8217;ombrello nucleare francese fino a Berlino.<\/p>\n<p>Molto interessanti anche le voci che arrivano da oltre Atlantico a commento della Conferenza sulla Sicurezza di Monaco.\u00a0<a href=\"https:\/\/www.washingtonpost.com\/world\/2024\/02\/18\/munich-security-conference-trump-nato-europe\/\">Secondo il Washington Post<\/a>, quotidiano notoriamente voce delle \u00e9lites statunitensi, l&#8217;Europa si sta attrezzando per la costituzione di un alleanza che garantisca la sicurezza collettiva dei paesi europei anche in caso di disimpegno americano per decisione di Trump nel caso in cui egli ritorni alla Casa Bianca. L&#8217;importante quotidiano americano nella sua disamina non nasconde le difficolt\u00e0 europee innanzitutto legate a chi dovr\u00e0 sobbarcarsi le spese relative alla difesa collettiva. \u201cChi pagher\u00e0 il banchetto?\u201d effettivamente appare il perfetto slogan per questa nuova avventura europea, anche in considerazione dei precedenti europei degni dell&#8217;avaro di Moli\u00e8re!<\/p>\n<p>L&#8217;altro tema fondamentale appare poi legato alla fiducia tra i contraenti di questo ipotetico nuovo patto di difesa. E&#8217; chiaro che le esigenze difensive del Portogallo sono ben diverse da quelle dei paesi baltici spesso legate anche a idiosincrasie e fobie verso Mosca: a Lisbona (o a Barcellona) saranno disponibili a tirare la cinghia (ed eventualmente a morire) per Riga?\u00a0 Sinceramente ne dubito.<\/p>\n<p>La verit\u00e0 vera \u00e8 che i paesi dell&#8217;Europa &#8211; anche sul piano della difesa &#8211; hanno diversissime esigenze: se la penisola iberica \u00e8 proiettata naturalmente verso le americhe, i piccoli paesi baltici e la Polonia sono sovrastati dal grande colosso eurasiatico russo. Allo stesso modo, la Grecia vede nella Turchia il grande e unico nemico da cui l&#8217;Europa deve difenderla mentre l&#8217;Italia \u2013 giustamente \u2013 ha come pensiero fondamentale quello del controllo del cosiddetto \u201cMediterraneo allargato\u201d.<\/p>\n<p>Un puzzle, come emerge chiaramente, difficilmente componibile nel concreto. Ma come ben sappiamo i politici europei sono bravissimi nel produrre slogan ma molto meno bravi a risolvere problemi complessi. Dubito fortemente che anche in questo caso la situazione sar\u00e0 diversa.<\/p>\n<\/div>\n<p>&nbsp;<\/p>\n<p><strong>FONTE:<\/strong>\u00a0<a href=\"https:\/\/www.lantidiplomatico.it\/dettnews-a_monaco_si__deciso_la_rottura_della_nato_che_conoscevamo\/29296_53191\/\">https:\/\/www.lantidiplomatico.it\/dettnews-a_monaco_si__deciso_la_rottura_della_nato_che_conoscevamo\/29296_53191\/<\/a><\/p>\n","protected":false},"excerpt":{"rendered":"<p>di L&#8217;ANTIDIPLOMATICO (Giuseppe Masala) Mai come quest&#8217;anno \u00e8 stata di cruciale importanza la Conferenza sulla sicurezza di Monaco (M\u00fcnchner Sicherheitskonferenz MSC) che si \u00e8 svolta la settimana scorsa nella citt\u00e0 bavarese e che ha visto le \u00e9lites dei paesi pi\u00f9 importanti sotto l&#8217;aspetto diplomatico e militare dibattere sui temi d&#8217;attualit\u00e0 della sicurezza mondiale. Inutile sottolineare che ovviamente la Russia non \u00e8 stata invitata in ossequio alla strategia che vorrebbe trasformare Mosca in un\u00a0paria\u00a0mondiale. Naturalmente i&#46;&#46;&#46;<\/p>\n","protected":false},"author":99,"featured_media":39159,"comment_status":"open","ping_status":"open","sticky":false,"template":"","format":"standard","meta":{"jetpack_post_was_ever_published":false,"_jetpack_newsletter_access":"","_jetpack_dont_email_post_to_subs":false,"_jetpack_newsletter_tier_id":0,"_jetpack_memberships_contains_paywalled_content":false,"_jetpack_memberships_contains_paid_content":false,"footnotes":"","jetpack_publicize_message":"","jetpack_publicize_feature_enabled":true,"jetpack_social_post_already_shared":true,"jetpack_social_options":{"image_generator_settings":{"template":"highway","enabled":false},"version":2}},"categories":[32],"tags":[],"jetpack_publicize_connections":[],"jetpack_featured_media_url":"https:\/\/appelloalpopolo.it\/wp-content\/uploads\/2018\/02\/antidiplomatico-1353756142_280.jpg","jetpack_sharing_enabled":true,"jetpack_shortlink":"https:\/\/wp.me\/p7ZaJ4-lT8","_links":{"self":[{"href":"https:\/\/appelloalpopolo.it\/index.php?rest_route=\/wp\/v2\/posts\/84142"}],"collection":[{"href":"https:\/\/appelloalpopolo.it\/index.php?rest_route=\/wp\/v2\/posts"}],"about":[{"href":"https:\/\/appelloalpopolo.it\/index.php?rest_route=\/wp\/v2\/types\/post"}],"author":[{"embeddable":true,"href":"https:\/\/appelloalpopolo.it\/index.php?rest_route=\/wp\/v2\/users\/99"}],"replies":[{"embeddable":true,"href":"https:\/\/appelloalpopolo.it\/index.php?rest_route=%2Fwp%2Fv2%2Fcomments&post=84142"}],"version-history":[{"count":2,"href":"https:\/\/appelloalpopolo.it\/index.php?rest_route=\/wp\/v2\/posts\/84142\/revisions"}],"predecessor-version":[{"id":84144,"href":"https:\/\/appelloalpopolo.it\/index.php?rest_route=\/wp\/v2\/posts\/84142\/revisions\/84144"}],"wp:featuredmedia":[{"embeddable":true,"href":"https:\/\/appelloalpopolo.it\/index.php?rest_route=\/wp\/v2\/media\/39159"}],"wp:attachment":[{"href":"https:\/\/appelloalpopolo.it\/index.php?rest_route=%2Fwp%2Fv2%2Fmedia&parent=84142"}],"wp:term":[{"taxonomy":"category","embeddable":true,"href":"https:\/\/appelloalpopolo.it\/index.php?rest_route=%2Fwp%2Fv2%2Fcategories&post=84142"},{"taxonomy":"post_tag","embeddable":true,"href":"https:\/\/appelloalpopolo.it\/index.php?rest_route=%2Fwp%2Fv2%2Ftags&post=84142"}],"curies":[{"name":"wp","href":"https:\/\/api.w.org\/{rel}","templated":true}]}}