{"id":84880,"date":"2024-04-09T10:30:02","date_gmt":"2024-04-09T08:30:02","guid":{"rendered":"https:\/\/appelloalpopolo.it\/?p=84880"},"modified":"2024-04-09T09:59:16","modified_gmt":"2024-04-09T07:59:16","slug":"linsopportabile-autonomia","status":"publish","type":"post","link":"https:\/\/appelloalpopolo.it\/?p=84880","title":{"rendered":"L\u2019insopportabile autonomia"},"content":{"rendered":"<p><strong>DA LA FIONDA (Di Dario Raffone)<\/strong><\/p>\n<p><img loading=\"lazy\" decoding=\"async\" class=\"aligncenter\" src=\"https:\/\/www.lafionda.org\/wp-content\/uploads\/2024\/04\/riforma-giustizia-gi-1287241482-jpg.jpg\" width=\"357\" height=\"193\" \/><\/p>\n<p style=\"text-align: justify\">Il governo Meloni \u00e8 spesso accusato, dalle opposizioni, di una sostanziale inerzia in molti settori. Ma su di un campo questa critica non \u00e8 fondata\u00a0 ed \u00e8 quello della Giustizia. Infatti, non passa giorno che il Ministro Nordio o il Parlamento non ci annuncino squillanti e decisive riforme per la cura di questo settore asseritamente compromesso .<\/p>\n<p style=\"text-align: justify\">L\u2019ultima riguarda la somministrazione di test psicoattitudinali nei confronti degli aspiranti magistrati. Peralto, sembra, non per tutti i giudici ma solo per quelli ordinari. Il che, se fosse vero, non stupirebbe pi\u00f9 di tanto atteso che TAR, Consiglio di Stato e Corte dei Conti non rientrano quasi mai nel mirino dei nostri eccellenti governanti.<\/p>\n<p style=\"text-align: justify\">La novit\u00e0 in questione non sembra una cosa molto seria ma torna comunque utile per seminare discredito sui giudici in continuit\u00e0 con le delegittimazioni di berlusconiana memoria.<\/p>\n<p style=\"text-align: justify\">Essa fa seguito a tante altre: da quelle, in campo penale, relative alle intercettazioni, all\u2019abuso di ufficio, al collegio di tre giudici per l\u2019applicazione di misure cautelari con annesso preavviso telefonico all\u2019indagato,\u00a0 a quelle in campo civile con la predisposizione di controlli sempre pi\u00f9 stringenti in tema di produttivit\u00e0 e di smaltimento dell\u2019arretrato e di conformit\u00e0 ai precedenti della Cassazione sino alla formulazione di indicazioni sul modo di scrittura uniforme ed abbreviata degli atti difensivi e dei \u00a0provvedimenti giudiziari.<\/p>\n<p style=\"text-align: justify\">Ma nulla di quanto precede potr\u00e0 appagare pi\u00f9 dell\u2019agognata riforma delle riforme: la separazione delle carriere all\u2019esito della quale avremo finalmente un P.M. compiutamente burocratizzato. \u00a0E, in coerenza con ci\u00f2, nella proposta in discussione vi \u00e8 anche, fra numerose altre, l\u2019abolizione dell\u2019art.107 c.3 della Costituzione che stabilisce che i magistrati (tutti e non solo i PM) si distinguono solo per funzioni. Abolizione di cui nessuno parla ma che condurrebbe di filato ad una gerarchizzazione a cascata di tutta la magistratura con conseguenze facilmente immaginabili.<\/p>\n<p style=\"text-align: justify\">Non si comprende, poi, quali positive ricadute avrebbe tutto ci\u00f2 sulla funzionalit\u00e0 di quella sorta di cadavere che \u00e8 oggi il processo penale che andrebbe ripensato nel profondo.\u00a0 Nell\u2019attesa della salvifica separazione delle carriere, si sono prodotte strampalate riforme come l\u2019improcedibilit\u00e0 del giudizio dopo due anni di pendenza in appello o, ancora peggio, l\u2019estensione dell\u2019area dei reati perseguibili a querela. Con le note, ma taciute e forse volute, disincentivanti \u00a0conseguenze \u00a0nei casi di soggezione della vittima del reato di fronte al reo, specialmente se questi \u00e8 un potente o un delinquente incallito.<\/p>\n<p style=\"text-align: justify\">Non \u00e8 di questi tempi una riflessione seria e pacata sul tema del giudizio, in genere. Nel campo civile, ad esempio, lo si vorrebbe solo come veicolo per lo smaltimento di pratiche standardizzate in linea, peraltro, con un mondo totalmente mercificato in cui il valore di scambio soppianta ogni valore d\u2019uso.<\/p>\n<p style=\"text-align: justify\">Sarebbe, invece, necessaria una discussione articolata e collettiva, connotata da misura ed equilibrio \u00a0che faccia comprendere che ogni \u201cfascicolo\u201d, civile o penale (dietro cui si cela sempre un dramma, grande o piccolo che sia), necessita di tempi diversi e non compiutamente prevedibili, senza che questo implichi sempre neghittosit\u00e0 o inutili barocchismi che pure, in passato, \u00a0non sono mancati. Una discussione che renda palese che la legge \u00e8 cosa morta se non intervengono attivit\u00e0 umane, quelle degli avvocati e dei giudici, a renderla viva nel suo quotidiano dispiegarsi. Attivit\u00e0 che si vorrebbe, invece, veder connotate da routine anonime, possibilmente guidate dall\u2019intelligenza artificiale in cui \u00e8 assente l\u2019attivit\u00e0 adeguatrice degli interpreti.<\/p>\n<p style=\"text-align: justify\">Oggi, i magistrati, nel loro complesso, sono intimiditi e rassegnati ad un ruolo di crescente burocratizzazione. Faticano a comprendere l\u2019essenza della loro funzione in una societ\u00e0 che d\u00e0 l\u2019impressione di voler fare dell\u2019abbandono di ogni vincolo, di ogni ostacolo al dispiegamento dei desideri di ciascuno, il suo vero mantra esistenziale.<\/p>\n<p style=\"text-align: justify\">La politica ha perso, da tempo ogni funzione educativa al riguardo, \u00e8 prigioniera di questo clima e si accontenta di modeste ma pericolose operazioni di mera rivalsa verso un potere la cui autonomia appare sempre pi\u00f9 insopportabile.<\/p>\n<p><strong>FONTE:<a href=\"https:\/\/www.lafionda.org\/2024\/04\/06\/linsopportabile-autonomia\/\">https:\/\/www.lafionda.org\/2024\/04\/06\/linsopportabile-autonomia\/<\/a><\/strong><\/p>\n","protected":false},"excerpt":{"rendered":"<p>DA LA FIONDA (Di Dario Raffone) Il governo Meloni \u00e8 spesso accusato, dalle opposizioni, di una sostanziale inerzia in molti settori. Ma su di un campo questa critica non \u00e8 fondata\u00a0 ed \u00e8 quello della Giustizia. Infatti, non passa giorno che il Ministro Nordio o il Parlamento non ci annuncino squillanti e decisive riforme per la cura di questo settore asseritamente compromesso . L\u2019ultima riguarda la somministrazione di test psicoattitudinali nei confronti degli aspiranti magistrati.&#46;&#46;&#46;<\/p>\n","protected":false},"author":111,"featured_media":58069,"comment_status":"open","ping_status":"open","sticky":false,"template":"","format":"standard","meta":{"jetpack_post_was_ever_published":false,"_jetpack_newsletter_access":"","_jetpack_dont_email_post_to_subs":false,"_jetpack_newsletter_tier_id":0,"_jetpack_memberships_contains_paywalled_content":false,"_jetpack_memberships_contains_paid_content":false,"footnotes":"","jetpack_publicize_message":"","jetpack_publicize_feature_enabled":true,"jetpack_social_post_already_shared":true,"jetpack_social_options":{"image_generator_settings":{"template":"highway","enabled":false},"version":2}},"categories":[32],"tags":[],"jetpack_publicize_connections":[],"jetpack_featured_media_url":"https:\/\/appelloalpopolo.it\/wp-content\/uploads\/2020\/04\/La_Fionda.png","jetpack_sharing_enabled":true,"jetpack_shortlink":"https:\/\/wp.me\/p7ZaJ4-m52","_links":{"self":[{"href":"https:\/\/appelloalpopolo.it\/index.php?rest_route=\/wp\/v2\/posts\/84880"}],"collection":[{"href":"https:\/\/appelloalpopolo.it\/index.php?rest_route=\/wp\/v2\/posts"}],"about":[{"href":"https:\/\/appelloalpopolo.it\/index.php?rest_route=\/wp\/v2\/types\/post"}],"author":[{"embeddable":true,"href":"https:\/\/appelloalpopolo.it\/index.php?rest_route=\/wp\/v2\/users\/111"}],"replies":[{"embeddable":true,"href":"https:\/\/appelloalpopolo.it\/index.php?rest_route=%2Fwp%2Fv2%2Fcomments&post=84880"}],"version-history":[{"count":1,"href":"https:\/\/appelloalpopolo.it\/index.php?rest_route=\/wp\/v2\/posts\/84880\/revisions"}],"predecessor-version":[{"id":84881,"href":"https:\/\/appelloalpopolo.it\/index.php?rest_route=\/wp\/v2\/posts\/84880\/revisions\/84881"}],"wp:featuredmedia":[{"embeddable":true,"href":"https:\/\/appelloalpopolo.it\/index.php?rest_route=\/wp\/v2\/media\/58069"}],"wp:attachment":[{"href":"https:\/\/appelloalpopolo.it\/index.php?rest_route=%2Fwp%2Fv2%2Fmedia&parent=84880"}],"wp:term":[{"taxonomy":"category","embeddable":true,"href":"https:\/\/appelloalpopolo.it\/index.php?rest_route=%2Fwp%2Fv2%2Fcategories&post=84880"},{"taxonomy":"post_tag","embeddable":true,"href":"https:\/\/appelloalpopolo.it\/index.php?rest_route=%2Fwp%2Fv2%2Ftags&post=84880"}],"curies":[{"name":"wp","href":"https:\/\/api.w.org\/{rel}","templated":true}]}}