{"id":84882,"date":"2024-04-09T11:00:39","date_gmt":"2024-04-09T09:00:39","guid":{"rendered":"https:\/\/appelloalpopolo.it\/?p=84882"},"modified":"2024-04-09T10:04:33","modified_gmt":"2024-04-09T08:04:33","slug":"morti-sul-lavoro-morti-di-lavoro","status":"publish","type":"post","link":"https:\/\/appelloalpopolo.it\/?p=84882","title":{"rendered":"Morti sul lavoro, morti di lavoro"},"content":{"rendered":"<p><strong>DA FUORI COLLANA (Di Antonio Cantaro)<\/strong><\/p>\n<p><img loading=\"lazy\" decoding=\"async\" class=\"size-medium wp-image-54161\" src=\"https:\/\/appelloalpopolo.it\/wp-content\/uploads\/2019\/11\/sicurezza-lavoro-thegem-blog-default-300x138.jpg\" alt=\"\" width=\"300\" height=\"138\" srcset=\"https:\/\/appelloalpopolo.it\/wp-content\/uploads\/2019\/11\/sicurezza-lavoro-thegem-blog-default-300x138.jpg 300w, https:\/\/appelloalpopolo.it\/wp-content\/uploads\/2019\/11\/sicurezza-lavoro-thegem-blog-default-768x354.jpg 768w, https:\/\/appelloalpopolo.it\/wp-content\/uploads\/2019\/11\/sicurezza-lavoro-thegem-blog-default-1024x473.jpg 1024w, https:\/\/appelloalpopolo.it\/wp-content\/uploads\/2019\/11\/sicurezza-lavoro-thegem-blog-default-980x450.jpg 980w, https:\/\/appelloalpopolo.it\/wp-content\/uploads\/2019\/11\/sicurezza-lavoro-thegem-blog-default.jpg 1170w\" sizes=\"(max-width: 300px) 100vw, 300px\" \/><\/p>\n<p style=\"text-align: justify\">Continua, incessante, senza soste, la guerra al lavoro. Non solo gli incidenti nei cantieri e nelle officine, i\u00a0<em>morti sul lavoro.<\/em>\u00a0\u00a0Ma quella pi\u00f9 invisibile e sottile, ma altrettanto disumana, che consuma quotidianamente le nostre vite.\u00a0<em>Morti di lavoro<\/em>. Quel lavoro, un tempo non lontano simbolo costituzionale di libert\u00e0 e riscatto, di emancipazione e liberazione. Quel lavoro ancora agognato, ma oggi sempre pi\u00f9 veicolo di mutilazioni permanenti e di morte, di impoverimento materiale e spirituale. Anche qui da noi, nelle terre marchigiane, ove gli ultimi dati di inizio anno ci dicono che si \u201cconsumano\u201d dai 2 ai 4 infortuni mortali al mese, con oltre 45 infortuni sul lavoro al giorno. Che fare per porre termine a queste stragi silenziose?<\/p>\n<p style=\"text-align: justify\">Ne parleremo l\u2019intera giornata di venerd\u00ec 19 aprile nel secondo modulo \u2013\u00a0<em>Guerra al lavoro<\/em>\u00a0\u2013 della Scuola di educazione alla politica Vivere la Costituzione. Lo faremo con lezioni d\u2019autore, testimonianze e interventi di giuslavoristi, magistrati, sindacalisti, a partire dalle 11,00 presso la sede di Scienze politiche di Piazza Gherardi (relazione di Piera Campanella, interventi del Magistrato del lavoro Carlo Sorgi, della giuslavorista Silvia Borrelli, dell\u2019economista Vincenzo Comito) e poi celebrando nel pomeriggio gli 88 anni del grande regista inglese Ken Loach, a partire dalla visione de suo film\u00a0<em>Sorry We Missed<\/em>\u00a0<em>You<\/em>\u00a0(Cinema Nuova Luce, inizio ore 14,45 ingresso gratuito). \u00a0Il pi\u00f9 drammatico sulla condizione materiale dei lavoratori.<\/p>\n<p style=\"text-align: justify\">Dei lavoratori di oggi, non solo di quelle di ieri e dell\u2019altro ieri. Perch\u00e9, come ricorda Paolo Pascucci, animatore di Olympus \u2013 il Laboratorio urbinate che da un decennio monitora permanentemente la legislazione e la giurisprudenza sulla sicurezza del lavoro \u2013 \u00a0a \u00abpretenderlo \u00e8 ancora oggi l\u2019art. 41 della Costituzione italiana quando, prevedendo che l\u2019iniziativa economica privata non possa svolgersi in contrasto con l\u2019utilit\u00e0 sociale o in modo da recare danno alla salute, all\u2019ambiente, alla sicurezza, alla libert\u00e0, alla dignit\u00e0 umana, prescrive che il \u201cnon recare danno\u201d non \u00e8 che la conseguenza del modo in cui si svolge l\u2019attivit\u00e0 organizzata, la quale pertanto deve essere concepita ed esercitata in modo da evitare tale conseguenza\u00bb.<\/p>\n<p style=\"text-align: justify\">Tutto il contrario, racconta il grande cineasta inglese Ken Loach, di quello che quotidianamente accade a Londra, a Roma, ad Ancona, in qualsiasi parte d\u2019Europa. La vicenda narrata \u00e8 quella, estremamente realistica, di tanti giovani e meno giovani. Un disoccupato temporaneo, Ricky, il protagonista, diventa autista, \u201cpadroncino\u201d del suo furgone che compra a costo del sacrificio dell\u2019automobile che la moglie usa per il lavoro, per le consegne di merci acquistate on line per conto di una ditta di trasporti in franchising. Il successo sembra a portata di mano: basta lavorare 14 ore al giorno per sei o forse sette giorni la settimana. Morto di lavoro, rischia di finire morto sul lavoro.<\/p>\n<p style=\"text-align: justify\">Dove \u00e8 la libert\u00e0 promessa, se i tempi sono imposti, se la prestazione \u00e8 interamente determinata dall\u2019algoritmo del committente, da una tecnologia che non d\u00e0 scampo? A commentare ci saranno Stefano Fassina, gi\u00e0 viceministro dell\u2019Economia, Carlo Parente, funzionario trasporti e logistica FILT CGIL, Paolo Pascucci.<\/p>\n<p style=\"text-align: justify\">Un\u2019occasione da non perdere, per non dimenticare di restare umani.<\/p>\n<p><strong>FONTE:\u00a0<a href=\"https:\/\/fuoricollana.it\/morti-sul-lavoro-morti-di-lavoro\/\">https:\/\/fuoricollana.it\/morti-sul-lavoro-morti-di-lavoro\/<\/a><\/strong><\/p>\n","protected":false},"excerpt":{"rendered":"<p>DA FUORI COLLANA (Di Antonio Cantaro) Continua, incessante, senza soste, la guerra al lavoro. Non solo gli incidenti nei cantieri e nelle officine, i\u00a0morti sul lavoro.\u00a0\u00a0Ma quella pi\u00f9 invisibile e sottile, ma altrettanto disumana, che consuma quotidianamente le nostre vite.\u00a0Morti di lavoro. Quel lavoro, un tempo non lontano simbolo costituzionale di libert\u00e0 e riscatto, di emancipazione e liberazione. Quel lavoro ancora agognato, ma oggi sempre pi\u00f9 veicolo di mutilazioni permanenti e di morte, di impoverimento&#46;&#46;&#46;<\/p>\n","protected":false},"author":111,"featured_media":84619,"comment_status":"open","ping_status":"open","sticky":false,"template":"","format":"standard","meta":{"jetpack_post_was_ever_published":false,"_jetpack_newsletter_access":"","_jetpack_dont_email_post_to_subs":false,"_jetpack_newsletter_tier_id":0,"_jetpack_memberships_contains_paywalled_content":false,"_jetpack_memberships_contains_paid_content":false,"footnotes":"","jetpack_publicize_message":"","jetpack_publicize_feature_enabled":true,"jetpack_social_post_already_shared":true,"jetpack_social_options":{"image_generator_settings":{"template":"highway","enabled":false},"version":2}},"categories":[32],"tags":[],"jetpack_publicize_connections":[],"jetpack_featured_media_url":"https:\/\/appelloalpopolo.it\/wp-content\/uploads\/2024\/03\/Logo_FuoriCollana-1024x457-1-e1711363575756.png","jetpack_sharing_enabled":true,"jetpack_shortlink":"https:\/\/wp.me\/p7ZaJ4-m54","_links":{"self":[{"href":"https:\/\/appelloalpopolo.it\/index.php?rest_route=\/wp\/v2\/posts\/84882"}],"collection":[{"href":"https:\/\/appelloalpopolo.it\/index.php?rest_route=\/wp\/v2\/posts"}],"about":[{"href":"https:\/\/appelloalpopolo.it\/index.php?rest_route=\/wp\/v2\/types\/post"}],"author":[{"embeddable":true,"href":"https:\/\/appelloalpopolo.it\/index.php?rest_route=\/wp\/v2\/users\/111"}],"replies":[{"embeddable":true,"href":"https:\/\/appelloalpopolo.it\/index.php?rest_route=%2Fwp%2Fv2%2Fcomments&post=84882"}],"version-history":[{"count":1,"href":"https:\/\/appelloalpopolo.it\/index.php?rest_route=\/wp\/v2\/posts\/84882\/revisions"}],"predecessor-version":[{"id":84883,"href":"https:\/\/appelloalpopolo.it\/index.php?rest_route=\/wp\/v2\/posts\/84882\/revisions\/84883"}],"wp:featuredmedia":[{"embeddable":true,"href":"https:\/\/appelloalpopolo.it\/index.php?rest_route=\/wp\/v2\/media\/84619"}],"wp:attachment":[{"href":"https:\/\/appelloalpopolo.it\/index.php?rest_route=%2Fwp%2Fv2%2Fmedia&parent=84882"}],"wp:term":[{"taxonomy":"category","embeddable":true,"href":"https:\/\/appelloalpopolo.it\/index.php?rest_route=%2Fwp%2Fv2%2Fcategories&post=84882"},{"taxonomy":"post_tag","embeddable":true,"href":"https:\/\/appelloalpopolo.it\/index.php?rest_route=%2Fwp%2Fv2%2Ftags&post=84882"}],"curies":[{"name":"wp","href":"https:\/\/api.w.org\/{rel}","templated":true}]}}