{"id":86378,"date":"2024-07-09T08:30:51","date_gmt":"2024-07-09T06:30:51","guid":{"rendered":"https:\/\/appelloalpopolo.it\/?p=86378"},"modified":"2024-07-09T06:27:29","modified_gmt":"2024-07-09T04:27:29","slug":"i-miti-ingenui","status":"publish","type":"post","link":"https:\/\/appelloalpopolo.it\/?p=86378","title":{"rendered":"I miti ingenui"},"content":{"rendered":"<p><strong>da CONFLITTI E STRATEGIE (Gianfranco La Grassa)<\/strong><\/p>\n<h3>\u201cSoltanto un uomo profondamente scientifico nel campo della fisica pu\u00f2 accettare i miti pi\u00f9 ingenui nel campo della politica\u201d. (J. B.)<\/h3>\n<p>Questa affermazione di James Burnham \u00e8 stata valida in passato e continua ad esserlo oggi alla luce delle posizioni che molti scienziati assumono al cospetto di guerre e conflitti mondiali. Qualche tempo fa riportai lo scambio epistolare tra Einstein e Freud sul problema della pace. Lo trovate qui: <a class=\"vglnk\" href=\"http:\/\/www.conflittiestrategie.it\/einstein-e-freud\" rel=\"nofollow\">http:\/\/www.conflittiestrategie.it\/einstein-e-freud<\/a>.<br \/>\nIl padre della psicoanalisi (ormai oggi declassata allo stato di pseudoscienza) surclassava Einstein (il padre della relativit\u00e0) su tali temi dove appunto il fisico tedesco, rispetto al pensatore austriaco, sembrava molto pi\u00f9 arretrato e irrealista, preda di narrazioni che rimanevano solo all\u2019epidermide delle questioni. Del resto, Einstein anche ne \u201dil mondo come io lo vedo\u201d non vedeva per nulla determinazioni politiche e sociali e inanellava una serie di luoghi comuni. Eppure il suo contributo all\u2019innesco del progetto Manhattan era stato importante, ci\u00f2 avrebbe dovuto condurlo a ben altre riflessioni molto meno romantiche.<br \/>\nOggi i fisici cadono nelle stesse trappole, anche se alcuni fanno almeno lo sforzo di non cedere alle versioni dominanti che parlano di \u201caggressioni non provocate\u201d quando si tratta di condannare i propri nemici e di inevitabili ingerenze umanitarie quando si tratta delle proprie azioni. Qui quanto avevo scritto a proposito di un appello del fisico Carlo Rovelli sul conflitto in Ucraina:<\/p>\n<div class=\"wp-embed-excerpt\">\n<blockquote><p>IL MONDO SENZA GUERRE Senza la scienza e gli scienziati il mondo in cui viviamo sarebbe molto diverso. Questa affermazione \u00e8 per\u00f2 un logaritmo giallo in quanto per fare scienza occorrono capacit\u00e0 di astrazione, di concettualizzazione e, dunque, di ragionamento \u2026\u00a0<a class=\"wp-embed-more\" href=\"http:\/\/www.conflittiestrategie.it\/il-mondo-senza-guerre\" target=\"_top\" rel=\"noopener\">Leggi tutto<\/a><\/p><\/blockquote>\n<\/div>\n<p>Rovelli almeno non \u00e8 cos\u00ec ingenuo o vile da rassegnarsi alla propaganda e quindi a schierarsi col potere come tanti altri suoi colleghi nei quali, appena l\u2019Occidente si muove, scatta l\u2019istinto di sopravvivenza, quello di prenderne automaticamente le parti, soprattutto se insegnano in Universit\u00e0 d\u2019oltreoceano o Inghilterra. Si sentono i migliori ma si illudono, sono i pi\u00f9 servili e ormai sono anche inutili in quanto spesso il loro contributo alla scienza \u00e8 talmente standardizzato (la comunit\u00e0 scientifica) che non hanno pi\u00f9 il coraggio di uscire da binari consolidati per andare verso nuove e pi\u00f9 rivoluzionarie scoperte. Temono di essere derisi e isolati e allora si nascondono dietro una presunta comunit\u00e0 che esiste solo per garantire una casta. E qui vi consiglio \u201cl\u2019involuzione del pensiero scientifico\u201d del fisico Damiano Anselmi.<\/p>\n<p><strong>FONTE:<\/strong>\u00a0<a href=\"http:\/\/www.conflittiestrategie.it\/i-miti-ingenui\">http:\/\/www.conflittiestrategie.it\/i-miti-ingenui<\/a><\/p>\n","protected":false},"excerpt":{"rendered":"<p>da CONFLITTI E STRATEGIE (Gianfranco La Grassa) \u201cSoltanto un uomo profondamente scientifico nel campo della fisica pu\u00f2 accettare i miti pi\u00f9 ingenui nel campo della politica\u201d. (J. B.) Questa affermazione di James Burnham \u00e8 stata valida in passato e continua ad esserlo oggi alla luce delle posizioni che molti scienziati assumono al cospetto di guerre e conflitti mondiali. Qualche tempo fa riportai lo scambio epistolare tra Einstein e Freud sul problema della pace. Lo trovate&#46;&#46;&#46;<\/p>\n","protected":false},"author":103,"featured_media":82047,"comment_status":"open","ping_status":"open","sticky":false,"template":"","format":"standard","meta":{"jetpack_post_was_ever_published":false,"_jetpack_newsletter_access":"","_jetpack_dont_email_post_to_subs":false,"_jetpack_newsletter_tier_id":0,"_jetpack_memberships_contains_paywalled_content":false,"_jetpack_memberships_contains_paid_content":false,"footnotes":"","jetpack_publicize_message":"","jetpack_publicize_feature_enabled":true,"jetpack_social_post_already_shared":true,"jetpack_social_options":{"image_generator_settings":{"template":"highway","enabled":false},"version":2}},"categories":[32],"tags":[],"jetpack_publicize_connections":[],"jetpack_featured_media_url":"https:\/\/appelloalpopolo.it\/wp-content\/uploads\/2023\/10\/Conflittiestrategie.jpg","jetpack_sharing_enabled":true,"jetpack_shortlink":"https:\/\/wp.me\/p7ZaJ4-mtc","_links":{"self":[{"href":"https:\/\/appelloalpopolo.it\/index.php?rest_route=\/wp\/v2\/posts\/86378"}],"collection":[{"href":"https:\/\/appelloalpopolo.it\/index.php?rest_route=\/wp\/v2\/posts"}],"about":[{"href":"https:\/\/appelloalpopolo.it\/index.php?rest_route=\/wp\/v2\/types\/post"}],"author":[{"embeddable":true,"href":"https:\/\/appelloalpopolo.it\/index.php?rest_route=\/wp\/v2\/users\/103"}],"replies":[{"embeddable":true,"href":"https:\/\/appelloalpopolo.it\/index.php?rest_route=%2Fwp%2Fv2%2Fcomments&post=86378"}],"version-history":[{"count":1,"href":"https:\/\/appelloalpopolo.it\/index.php?rest_route=\/wp\/v2\/posts\/86378\/revisions"}],"predecessor-version":[{"id":86379,"href":"https:\/\/appelloalpopolo.it\/index.php?rest_route=\/wp\/v2\/posts\/86378\/revisions\/86379"}],"wp:featuredmedia":[{"embeddable":true,"href":"https:\/\/appelloalpopolo.it\/index.php?rest_route=\/wp\/v2\/media\/82047"}],"wp:attachment":[{"href":"https:\/\/appelloalpopolo.it\/index.php?rest_route=%2Fwp%2Fv2%2Fmedia&parent=86378"}],"wp:term":[{"taxonomy":"category","embeddable":true,"href":"https:\/\/appelloalpopolo.it\/index.php?rest_route=%2Fwp%2Fv2%2Fcategories&post=86378"},{"taxonomy":"post_tag","embeddable":true,"href":"https:\/\/appelloalpopolo.it\/index.php?rest_route=%2Fwp%2Fv2%2Ftags&post=86378"}],"curies":[{"name":"wp","href":"https:\/\/api.w.org\/{rel}","templated":true}]}}