{"id":88222,"date":"2024-12-04T10:48:24","date_gmt":"2024-12-04T09:48:24","guid":{"rendered":"https:\/\/appelloalpopolo.it\/?p=88222"},"modified":"2024-12-04T09:51:52","modified_gmt":"2024-12-04T08:51:52","slug":"lettera-alla-senatrice-liliana-segre","status":"publish","type":"post","link":"https:\/\/appelloalpopolo.it\/?p=88222","title":{"rendered":"Lettera alla Senatrice Liliana Segre"},"content":{"rendered":"<p><strong>DA LA FIONDA (Di Elena Basile)<\/strong><\/p>\n<p><img loading=\"lazy\" decoding=\"async\" class=\"aligncenter\" src=\"https:\/\/www.lafionda.org\/wp-content\/uploads\/2024\/12\/180046591-a7012228-dd77-4fad-adde-465ec6ccc71d.jpg\" width=\"328\" height=\"185\" \/><\/p>\n<p style=\"text-align: justify\">Gent. ma Senatrice Segre,<br \/>\nnon se ne abbia a male se continuo a rivolgermi a lei e a ribattere ai suoi interventi pubblici.<br \/>\nIl dialogo \u00e8 un segnale di rispetto. In una democrazia, un\u2019ambasciatrice come una ordinaria cittadina pu\u00f2 rispondere all\u2019intervento pubblico di una senatrice dello Stato.<br \/>\nMi costa emotivamente rivolgermi a lei che mi ha querelato per razzismo. Mai mi era stata rivolta un\u2019accusa cos\u00ec infamante in 38 anni di carriera diplomatica.<br \/>\nMa proprio per questo non cedo al risentimento e mi rivolgo a lei in un monologo (purtroppo non credo che lei mi risponder\u00e0 e questo \u00e8 invece un segnale di disprezzo) che spero possa andare a beneficio dei miei lettori.<br \/>\nMi riferisco alle sue parole sul genocidio in Palestina. Sabato c\u2019\u00e8 stata una manifestazione per la Palestina ed \u00e8 stato quindi un giorno ottimo per tentare di spiegare come e perch\u00e9 a Gaza c\u2019\u00e8 un genocidio.<br \/>\nNaturalmente, non starebbe a me e neanche a lei stabilire qualcosa di cui \u00e8 incaricata la Corte Internazionale di Giustizia, organo delle Nazioni Unite. Eppure, dati i tempi inevitabilmente lunghi del giudizio della Corte, tante voci si esprimono in materia.<br \/>\nLei afferma che non c\u2019\u00e8 genocidio perch\u00e8 non c\u2019\u00e8 una sistematica azione di sterminio di un gruppo etnico. Vi sono crimini di guerra legati alla guerra. Osserva che storicamente il genocidio non \u00e8 stato funzionale a una guerra. E conclude affermando che l\u2019accusa di genocidio proietterebbe su Israele il male assoluto che renderebbe poi difficile la pace. Addirittura crede che si tratti di \u201clibidine\u201d se si afferma che un popolo che ha subito il genocidio lo stia eseguendo su un altro popolo.<br \/>\nCominciamo con l\u2019esaminare la Convenzione sul genocidio di Ginevra, firmata affinch\u00e9 dopo l\u2019Olocausto tali orrori non si ripetessero.<br \/>\nPer genocidio si intende ciascuno degli atti seguenti commessi con l\u2019intenzione di distruggere in tutto o in parte un gruppo nazionale, etnico: a) uccisone dei membri; b) lesioni gravi all\u2019integrit\u00e0 fisica o mentale dei membri c) sottoporre deliberatamente il gruppo a condizioni di vita intese a provocare la sua distruzione fisica totale o parziale.<br \/>\nMi sembra che in questi 3 criteri sui 5 stabiliti dalla Convenzione rientri pienamente l\u2019operato di Israele.<br \/>\nChe il genocidio non sia stato in passato funzionale a una guerra non significa che, qualora lo sia, non debba essere riconosciuto come genocidio.<br \/>\nQuello che fa propendere anche il grande intellettuale israeliano Ori Goldberg per l\u2019esistenza di un genocidio a Gaza \u00e8 la sistematicit\u00e0 della distruzione: azioni coordinate eliminano donne, bambini, la classe dirigente, dottori, giornalisti, professori, operatori UNRWA, radono al suolo ospedali, scuole e chiese, provocano espulsioni di massa, carestia, disumanit\u00e0, realizzando la frantumazione dell\u2019esistenza palestinese a Gaza.<br \/>\nLa motivazione del genocidio \u2013 afferma Goldberg \u2013 \u00e8 stata in passato come oggi l\u2019autodifesa.<br \/>\nMolti, come mi sembra anche Travaglio, affermano trattarsi di pulizia etnica e non di genocidio in quanto il movente sarebbe l\u2019espulsione dalla Palestina. Insomma, se i Palestinesi lasciassero la Palestina, gli Israeliani non si impegnerebbero nel genocidio.<br \/>\nGoldberg afferma che il genocidio \u00e8 legato alla pulizia etnica. Quest\u2019ultima si verifica se si perseguita e si pratica violenza su un gruppo per fargli lasciare un territorio. Si tratta tuttavia di azioni frammentate che diminuiscono se i membri del gruppo cedono.<br \/>\nOri Goldberg nota che a Gaza si \u00e8 giunti dalla pulizia etnica al genocidio per il coordinamento sistematico degli atti di distruzione messi in atto.<br \/>\nSenatrice, non \u00e8 con libidine, come afferma, che si riversa questa atroce accusa su un popolo che ha subito il genocidio. \u00c8 con disperata tristezza. Comprender\u00e0 che se la vittima diventa carnefice il senso della Storia scompare.<br \/>\nUn abusato dovrebbe \u2013 pi\u00f9 di chiunque non abbia sub\u00ecto alcun abuso \u2013 essere sensibile e denunciare il crimine alle prime avvisaglie, appena ne vede l\u2019ombra.<br \/>\nGoldberg, a prescindere dalla definizione giuridica che spetta alla CIG, sente infatti l\u2019esigenza di una posizione politica al riguardo.<br \/>\nSenatrice, lei afferma che con l\u2019accusa di genocidio si considera Israele artefice di un male assoluto e questo sarebbe negativo per la pace. Mi permetto di dissentire. Solo se Israele sar\u00e0 in grado di andare fino in fondo alla consapevolezza della notte che l\u2019ha travolto avr\u00e0 la possibilit\u00e0 di risorgere. E\u2019 quanto accaduto storicamente ad altri Stati e popoli.<br \/>\nNoi, le comunit\u00e0 ebraiche, i cattolici, la societ\u00e0 civile laica, dovremmo essere l\u00ec per accompagnare il popolo e lo Stato di Israele in questo percorso doloroso.<br \/>\nGli ebrei di oggi, le vittime, sono i Palestinesi. L\u2019umanesimo e una possibile luce per l\u2019umanit\u00e0 possono essere ritrovati solo nella difesa determinata e senza compromessi dei diritti del Popolo di Palestina.<\/p>\n<p><strong>FONTE:\u00a0<a href=\"https:\/\/www.lafionda.org\/2024\/12\/03\/lettera-alla-senatrice-liliana-segre\/\">https:\/\/www.lafionda.org\/2024\/12\/03\/lettera-alla-senatrice-liliana-segre\/<\/a><\/strong><\/p>\n<div class=\"addtoany_share_save_container addtoany_content addtoany_content_bottom\"><\/div>\n","protected":false},"excerpt":{"rendered":"<p>DA LA FIONDA (Di Elena Basile) Gent. ma Senatrice Segre, non se ne abbia a male se continuo a rivolgermi a lei e a ribattere ai suoi interventi pubblici. Il dialogo \u00e8 un segnale di rispetto. In una democrazia, un\u2019ambasciatrice come una ordinaria cittadina pu\u00f2 rispondere all\u2019intervento pubblico di una senatrice dello Stato. Mi costa emotivamente rivolgermi a lei che mi ha querelato per razzismo. Mai mi era stata rivolta un\u2019accusa cos\u00ec infamante in 38&#46;&#46;&#46;<\/p>\n","protected":false},"author":111,"featured_media":58069,"comment_status":"open","ping_status":"open","sticky":false,"template":"","format":"standard","meta":{"jetpack_post_was_ever_published":false,"_jetpack_newsletter_access":"","_jetpack_dont_email_post_to_subs":false,"_jetpack_newsletter_tier_id":0,"_jetpack_memberships_contains_paywalled_content":false,"_jetpack_memberships_contains_paid_content":false,"footnotes":"","jetpack_publicize_message":"","jetpack_publicize_feature_enabled":true,"jetpack_social_post_already_shared":true,"jetpack_social_options":{"image_generator_settings":{"template":"highway","enabled":false},"version":2}},"categories":[32],"tags":[],"jetpack_publicize_connections":[],"jetpack_featured_media_url":"https:\/\/appelloalpopolo.it\/wp-content\/uploads\/2020\/04\/La_Fionda.png","jetpack_sharing_enabled":true,"jetpack_shortlink":"https:\/\/wp.me\/p7ZaJ4-mWW","_links":{"self":[{"href":"https:\/\/appelloalpopolo.it\/index.php?rest_route=\/wp\/v2\/posts\/88222"}],"collection":[{"href":"https:\/\/appelloalpopolo.it\/index.php?rest_route=\/wp\/v2\/posts"}],"about":[{"href":"https:\/\/appelloalpopolo.it\/index.php?rest_route=\/wp\/v2\/types\/post"}],"author":[{"embeddable":true,"href":"https:\/\/appelloalpopolo.it\/index.php?rest_route=\/wp\/v2\/users\/111"}],"replies":[{"embeddable":true,"href":"https:\/\/appelloalpopolo.it\/index.php?rest_route=%2Fwp%2Fv2%2Fcomments&post=88222"}],"version-history":[{"count":1,"href":"https:\/\/appelloalpopolo.it\/index.php?rest_route=\/wp\/v2\/posts\/88222\/revisions"}],"predecessor-version":[{"id":88223,"href":"https:\/\/appelloalpopolo.it\/index.php?rest_route=\/wp\/v2\/posts\/88222\/revisions\/88223"}],"wp:featuredmedia":[{"embeddable":true,"href":"https:\/\/appelloalpopolo.it\/index.php?rest_route=\/wp\/v2\/media\/58069"}],"wp:attachment":[{"href":"https:\/\/appelloalpopolo.it\/index.php?rest_route=%2Fwp%2Fv2%2Fmedia&parent=88222"}],"wp:term":[{"taxonomy":"category","embeddable":true,"href":"https:\/\/appelloalpopolo.it\/index.php?rest_route=%2Fwp%2Fv2%2Fcategories&post=88222"},{"taxonomy":"post_tag","embeddable":true,"href":"https:\/\/appelloalpopolo.it\/index.php?rest_route=%2Fwp%2Fv2%2Ftags&post=88222"}],"curies":[{"name":"wp","href":"https:\/\/api.w.org\/{rel}","templated":true}]}}