{"id":89670,"date":"2025-04-01T09:30:22","date_gmt":"2025-04-01T07:30:22","guid":{"rendered":"https:\/\/appelloalpopolo.it\/?p=89670"},"modified":"2025-03-30T20:59:31","modified_gmt":"2025-03-30T18:59:31","slug":"lossessione-militarista-della-germania-il-monito-profetico-di-precht-a-lanz","status":"publish","type":"post","link":"https:\/\/appelloalpopolo.it\/?p=89670","title":{"rendered":"L\u2019ossessione militarista della Germania: il monito profetico di Precht a Lanz"},"content":{"rendered":"<p><strong>di VOCIDALLAGERMANIA (redazione)<\/strong><\/p>\n<p>&nbsp;<\/p>\n<div class=\"entry-content is-layout-constrained has-global-padding\">\n<p><em>\u201cQuando un Paese civilizzato comincia a parlare di \u2018economia di guerra\u2019 con toni quasi nostalgici, \u00e8 il momento di fare un passo indietro e chiederci dove stiamo sbagliando.<\/em>\u201c<\/p>\n<p>Lo studio della ZDF, solitamente teatro di dibattiti vivaci, \u00e8 immerso in un silenzio carico di tensione.\u00a0<strong>\u201cNon stiamo difendendo la democrazia con questi 900 miliardi per le armi\u201d<\/strong>\u00a0tuona il filosofo Richard David Precht,\u00a0<strong>\u201cstiamo solo alimentando un circolo vizioso che arricchisce i soliti noti e indebita i nostri figli.\u201d<\/strong><\/p>\n<figure class=\"wp-block-image size-large\"><img loading=\"lazy\" decoding=\"async\" class=\"wp-image-2282\" src=\"https:\/\/www.vocidallagermania.it\/wp-content\/uploads\/2025\/03\/Immagine-2025-03-29-140737-960x603.jpg\" alt=\"riarmo germania\" width=\"960\" height=\"603\" \/><\/figure>\n<p><strong>Il pericoloso d\u00e9j\u00e0-vu del 1914<\/strong><br \/>\nC\u2019\u00e8 qualcosa di profondamente inquietante<a href=\"https:\/\/www.youtube.com\/watch?v=VVckEqyTo4A\">\u00a0nel modo in cui Precht\u00a0<\/a>descriveva le somiglianze tra l\u2019attuale retorica politica e i discorsi che precedettero la Grande Guerra. Prendendo il tablet che Lanz gli aveva passato, sfiorando lo schermo con le dita, fa notare come i giornali del luglio 1914 scrivessero esattamente le stesse cose dei nostri telegiornali oggi.\u00a0<strong>Stesso tono apocalittico, stessi argomenti emotivi, stessa assenza di pensiero critico.<\/strong><\/p>\n<p>Lanz prova a obiettare citando le dichiarazioni ufficiali sulla presunta \u201cminaccia esistenziale russa\u201d, ma Precht ribatte con numeri che fanno vacillare la narrativa dominante.\u00a0<strong>La Russia ha perso in Ucraina pi\u00f9 carri armati di quanti ne abbia mai avuti la Germania unita, il loro PIL \u00e8 crollato del 35%.<\/strong>\u00a0Davvero possiamo credere che siano nella posizione di aprire un nuovo fronte? Il vero problema, spiega con pazienza didattica, non \u00e8 la realt\u00e0 geopolitica, ma come viene sistematicamente travisata per giustificare scelte che altrimenti apparirebbero folli.\u00a0<strong>\u201c\u00c8 la sindrome del sonnambulo\u201d<\/strong>\u00a0commenta,\u00a0<strong>\u201ccamminiamo verso il baratro convinti di essere lucidissimi.\u201d<\/strong><\/p>\n<figure class=\"wp-block-image size-large\"><img loading=\"lazy\" decoding=\"async\" class=\"wp-image-2284\" src=\"https:\/\/www.vocidallagermania.it\/wp-content\/uploads\/2025\/03\/e812fb4d-b6c1-4a2b-8832-d444df292dc6-960x960.jpeg\" alt=\"riarmo tedesco\" width=\"960\" height=\"960\" \/><\/figure>\n<p><strong>I tre peccati capitali del riarmo<\/strong><\/p>\n<ol class=\"wp-block-list\">\n<li><strong>Il debito tossico che ipoteca il futuro<\/strong><br \/>\nPrecht denuncia con veemenza la prossima violazione della regola d\u2019oro della Costituzione, quel limite del 0,35% di deficit che la stessa Merkel aveva introdotto nel 2009.\u00a0<strong>Lo stiamo facendo, spiega, per acquistare armamenti che tra dieci anni varranno meno della carta su cui \u00e8 stampato il contratto.<\/strong>\u00a0I numeri che cita sono da capogiro:\u00a0<strong>ogni anno fino al 2037 spenderemo 41 miliardi solo per spese militari, accumulando un debito aggiuntivo di 450 miliardi che graver\u00e0 sui nostri nipoti<\/strong>, mentre gi\u00e0 dal 2026 sono previsti tagli da 3,7 miliardi all\u2019istruzione e 2,1 alla sanit\u00e0.\u00a0<strong>\u201c\u00c8 come ipotecare la casa per comprare un\u2019auto che perde gi\u00e0 olio dal giorno zero\u201d<\/strong>\u00a0sintetizzava con amara ironia.<\/li>\n<li><strong>La farsa della riconversione industriale<\/strong><br \/>\nPrecht racconta l\u2019esempio emblematico della fabbrica di Norimberga che fino al 2022 produceva componenti per auto di lusso esportate in tutto il mondo e oggi assembla proiettili.\u00a0<strong>Mentre i sindacati festeggiano, nessuno dice che quei posti di lavoro sono un inganno collettivo.<\/strong>\u00a0La differenza \u00e8 sostanziale: un operaio metalmeccanico nell\u2019industria civile contribuisce all\u2019economia reale creando beni che generano ulteriore ricchezza, mentre lo stesso operaio in fabbrica d\u2019armi produce strumenti di distruzione che, nella migliore delle ipotesi, marciranno in qualche magazzino.\u00a0<strong>\u201cChiamatela pure riconversione\u201d<\/strong>\u00a0commenta sarcastico,\u00a0<strong>\u201cma \u00e8 come dire che un alcolista si \u00e8 convertito dall\u2019acquavite alla vodka. Il problema di fondo rimane.\u201d<\/strong><\/li>\n<li><strong>L\u2019illusione della sicurezza assoluta<\/strong><br \/>\nPrecht osserva come nessun generale ammetter\u00e0 mai che 400 miliardi di armamenti sono perfettamente inutili contro i nuovi missili ipersonici. \u00c8 un gioco al rialzo senza fine, dove noi spendiamo e la Russia sviluppa contromisure ancora pi\u00f9 letali.\u00a0<strong>I dati che citava facevano rabbrividire: con 12.000 testate nucleari russe e i missili Zircon che viaggiano a Mach 9 rendendo obsoleti i sistemi anti-missile<\/strong>, spenderemo un patrimonio per sentirci comunque vulnerabili.<\/li>\n<\/ol>\n<figure class=\"wp-block-image size-large\"><img loading=\"lazy\" decoding=\"async\" class=\"wp-image-2282\" src=\"https:\/\/www.vocidallagermania.it\/wp-content\/uploads\/2025\/03\/Immagine-2025-03-29-140737-960x603.jpg\" alt=\"riarmo germania\" width=\"960\" height=\"603\" \/><\/figure>\n<p><strong>La diplomazia fantasma<\/strong><br \/>\nIl momento pi\u00f9 drammatico arriva quando Precht chiede a Lanz quando fosse stata l\u2019ultima volta che aveva sentito parlare di un negoziato UE-Russia.\u00a0<strong>Il silenzio del conduttore \u00e8 stato pi\u00f9 eloquente di qualsiasi risposta.<\/strong>\u00a0I numeri della resa diplomatica parlano chiaro:\u00a0<strong>zero incontri ufficiali UE-Russia dal 2022, il budget diplomatico UE tagliato del 40% mentre quello militare raddoppia<\/strong>, solo 12 miliardi spesi in diplomazia nel 2024 contro i 120 miliardi in armi.\u00a0<strong>\u201cNel 1815\u201d<\/strong>\u00a0ricordava Precht,\u00a0<strong>\u201cdopo anni di guerre napoleoniche, l\u2019Europa seppe sedersi al tavolo con il nemico sconfitto. Oggi preferiamo parlare solo attraverso i droni.\u201d<\/strong><\/p>\n<figure class=\"wp-block-image size-large\"><img loading=\"lazy\" decoding=\"async\" class=\"wp-image-2268\" src=\"https:\/\/www.vocidallagermania.it\/wp-content\/uploads\/2025\/03\/38d351d6-bfdc-4ffe-87cf-8d92b522a8b0-960x960.jpeg\" alt=\"germania propaganda bellica\" width=\"960\" height=\"960\" \/><\/figure>\n<p><strong>L\u2019alternativa che brucia<\/strong><br \/>\nIn chiusura, Precht lancia la provocazione pi\u00f9 radicale, invitando a immaginare cosa accadrebbe se quei 900 miliardi fossero investiti in un fondo sovrano per l\u2019innovazione. Gli esempi concreti che portava facevano riflettere:\u00a0<strong>la Norvegia ha creato con il petrolio il pi\u00f9 grande fondo pensioni mondiale da 1,4 trilioni, l\u2019Arabia Saudita investe il 50% delle entrate petrolifere in tech e rinnovabili, mentre la Germania butta un terzo del suo bilancio annuale in sistemi d\u2019arma che tra un decennio saranno obsoleti.<\/strong>\u00a0<strong>\u201cSiamo come quell\u2019ubriaco che cerca le chiavi sotto il lampione non perch\u00e9 le ha perse l\u00ec, ma perch\u00e9 \u00e8 l\u2019unico posto dove c\u2019\u00e8 luce\u201d<\/strong>\u00a0concludeva con amarezza.<\/p>\n<p><strong>Un monito per il futuro<\/strong><br \/>\nMentre l\u2019intervista volge al termine, Precht mostra a Lanz un grafico esplosivo:\u00a0<strong>le ricerche Google su \u201cterza guerra mondiale\u201d in Germania erano aumentate del 740% dal 2022.<\/strong>\u00a0<strong>\u201cLa gente sente che qualcosa non quadra\u201d<\/strong>\u00a0commentava.\u00a0<strong>\u201cPeccato che nelle stanze del potere predomini ancora la logica della paura.\u201d<\/strong>\u00a0Quel che restava, dopo questa analisi senza sconti, \u00e8 la netta sensazione che la Germania stia commettendo un errore storico.\u00a0<strong>\u201cFra vent\u2019anni rideremo di questa follia\u201d<\/strong>\u00a0profetizzava Precht,\u00a0<strong>\u201csempre che nel frattempo qualcuno non abbia premuto il bottone per sbaglio.\u201d<\/strong>\u00a0E in quelle parole c\u2019\u00e8 tutto il peso di una verit\u00e0 che pochi avevano il coraggio di urlare in prima serata.<\/p>\n<p>(<em>Tutte le dichiarazioni sono tratte dall\u2019intervista a Richard David Precht di Markus Lanz, ZDF 21\/03\/2025.\u00a0<\/em>)<\/p>\n<\/div>\n<p>&nbsp;<\/p>\n<p><strong>FONTE:<\/strong>\u00a0<a href=\"https:\/\/www.vocidallagermania.it\/lossessione-militarista-della-germania-il-monito-profetico-di-precht-a-lanz\/?doing_wp_cron=1743360624.5960090160369873046875\">https:\/\/www.vocidallagermania.it\/lossessione-militarista-della-germania-il-monito-profetico-di-precht-a-lanz\/?doing_wp_cron=1743360624.5960090160369873046875<\/a><\/p>\n","protected":false},"excerpt":{"rendered":"<p>di VOCIDALLAGERMANIA (redazione) &nbsp; \u201cQuando un Paese civilizzato comincia a parlare di \u2018economia di guerra\u2019 con toni quasi nostalgici, \u00e8 il momento di fare un passo indietro e chiederci dove stiamo sbagliando.\u201c Lo studio della ZDF, solitamente teatro di dibattiti vivaci, \u00e8 immerso in un silenzio carico di tensione.\u00a0\u201cNon stiamo difendendo la democrazia con questi 900 miliardi per le armi\u201d\u00a0tuona il filosofo Richard David Precht,\u00a0\u201cstiamo solo alimentando un circolo vizioso che arricchisce i soliti noti&#46;&#46;&#46;<\/p>\n","protected":false},"author":99,"featured_media":81877,"comment_status":"open","ping_status":"open","sticky":false,"template":"","format":"standard","meta":{"jetpack_post_was_ever_published":false,"_jetpack_newsletter_access":"","_jetpack_dont_email_post_to_subs":false,"_jetpack_newsletter_tier_id":0,"_jetpack_memberships_contains_paywalled_content":false,"_jetpack_memberships_contains_paid_content":false,"footnotes":"","jetpack_publicize_message":"","jetpack_publicize_feature_enabled":true,"jetpack_social_post_already_shared":true,"jetpack_social_options":{"image_generator_settings":{"template":"highway","enabled":false},"version":2}},"categories":[32],"tags":[],"jetpack_publicize_connections":[],"jetpack_featured_media_url":"https:\/\/appelloalpopolo.it\/wp-content\/uploads\/2023\/10\/cropped-cropped-cropped-cropped-cropped-cropped-cropped-cropped-cropped-Voci-dalla-Germania_logo-1.jpg","jetpack_sharing_enabled":true,"jetpack_shortlink":"https:\/\/wp.me\/p7ZaJ4-nki","_links":{"self":[{"href":"https:\/\/appelloalpopolo.it\/index.php?rest_route=\/wp\/v2\/posts\/89670"}],"collection":[{"href":"https:\/\/appelloalpopolo.it\/index.php?rest_route=\/wp\/v2\/posts"}],"about":[{"href":"https:\/\/appelloalpopolo.it\/index.php?rest_route=\/wp\/v2\/types\/post"}],"author":[{"embeddable":true,"href":"https:\/\/appelloalpopolo.it\/index.php?rest_route=\/wp\/v2\/users\/99"}],"replies":[{"embeddable":true,"href":"https:\/\/appelloalpopolo.it\/index.php?rest_route=%2Fwp%2Fv2%2Fcomments&post=89670"}],"version-history":[{"count":1,"href":"https:\/\/appelloalpopolo.it\/index.php?rest_route=\/wp\/v2\/posts\/89670\/revisions"}],"predecessor-version":[{"id":89671,"href":"https:\/\/appelloalpopolo.it\/index.php?rest_route=\/wp\/v2\/posts\/89670\/revisions\/89671"}],"wp:featuredmedia":[{"embeddable":true,"href":"https:\/\/appelloalpopolo.it\/index.php?rest_route=\/wp\/v2\/media\/81877"}],"wp:attachment":[{"href":"https:\/\/appelloalpopolo.it\/index.php?rest_route=%2Fwp%2Fv2%2Fmedia&parent=89670"}],"wp:term":[{"taxonomy":"category","embeddable":true,"href":"https:\/\/appelloalpopolo.it\/index.php?rest_route=%2Fwp%2Fv2%2Fcategories&post=89670"},{"taxonomy":"post_tag","embeddable":true,"href":"https:\/\/appelloalpopolo.it\/index.php?rest_route=%2Fwp%2Fv2%2Ftags&post=89670"}],"curies":[{"name":"wp","href":"https:\/\/api.w.org\/{rel}","templated":true}]}}