{"id":90058,"date":"2025-05-09T10:30:08","date_gmt":"2025-05-09T08:30:08","guid":{"rendered":"https:\/\/appelloalpopolo.it\/?p=90058"},"modified":"2025-05-09T08:59:12","modified_gmt":"2025-05-09T06:59:12","slug":"le-prime-parole-scelte-da-papa-leone-xiv","status":"publish","type":"post","link":"https:\/\/appelloalpopolo.it\/?p=90058","title":{"rendered":"Continuit\u00e0 con Francesco sui temi, ma discontinuit\u00e0 nei simboli: che Papa sar\u00e0 Leone XIV \u2013 L\u2019analisi del suo discorso"},"content":{"rendered":"<p style=\"text-align: justify\"><strong>di IL FATTO QUOTIDIANO (Francesco Antonio Grana)<\/strong><\/p>\n<p><img loading=\"lazy\" decoding=\"async\" class=\"alignnone size-medium wp-image-90068\" src=\"https:\/\/appelloalpopolo.it\/wp-content\/uploads\/2025\/05\/papa-leone-foto-ufficiale-200x300.jpg\" alt=\"\" width=\"200\" height=\"300\" srcset=\"https:\/\/appelloalpopolo.it\/wp-content\/uploads\/2025\/05\/papa-leone-foto-ufficiale-200x300.jpg 200w, https:\/\/appelloalpopolo.it\/wp-content\/uploads\/2025\/05\/papa-leone-foto-ufficiale.jpg 400w\" sizes=\"(max-width: 200px) 100vw, 200px\" \/><\/p>\n<p style=\"text-align: justify\"><em>Visibilmente commosso sulla loggia centrale della Basilica Vaticana, Prevost, pi\u00f9 che un semplice saluto, ha fatto un lungo intervento programmatico: cosa \u00e8 emerso<\/em><\/p>\n<p style=\"text-align: justify\">\u201cLa pace sia con tutti voi! Fratelli e sorelle carissimi, questo e\u0300 il primo saluto del Cristo Risorto, il buon pastore che ha dato la vita per il gregge di Dio. Anch\u2019io vorrei che questo saluto di pace entrasse nel vostro cuore, raggiungesse le vostre famiglie, a tutte le persone, ovunque siano, a tutti i popoli, a tutta la terra. La pace sia con voi!\u201d. Sono state queste le prime parole di Robert Francis Prevost, il successore di Papa Francesco, che ha scelto il nome di Leone XIV. Agostiniano, 69 anni, nato a Chicago, appassionato di tennis, gi\u00e0 prefetto del Dicastero per i vescovi, il nuovo vescovo di Roma ha scelto di richiamarsi al Pontefice della Rerum novarum, l\u2019enciclica che, nel 1891, diede avvio alla dottrina sociale della Chiesa cattolica. Eletto alla quarta votazione, come Benedetto XVI nel 2005, la fumata bianca \u00e8 arrivata alle 18.07 e l\u2019annuncio, fatto dal cardinale protodiacono Dominique Mamberti, \u00e8 avvenuto alle 19.13.<\/p>\n<p style=\"text-align: justify\">\u201cQuesta \u2013 ha affermato Leone XIV \u2013 e\u0300 la pace del Cristo Risorto, una pace disarmata e una pace disarmante, umile e perseverante. Proviene da Dio, Dio che ci ama tutti incondizionatamente. Ancora conserviamo nei nostri orecchi quella voce debole ma sempre coraggiosa di Papa Francesco che benediva Roma! Il Papa che benediva Roma dava la sua benedizione al mondo, al mondo intero, quella mattina del giorno di Pasqua. Consentitemi di dar seguito a quella stessa benedizione: Dio ci vuole bene, Dio vi ama tutti, e il male non prevarr\u00e0! Siamo tutti nelle mani di Dio. Pertanto, senza paura, uniti mano nella mano con Dio e tra di noi andiamo avanti. Siamo discepoli di Cristo. Cristo ci precede. Il mondo ha bisogno della sua luce. L\u2019umanit\u00e0 necessita di lui come il ponte per essere raggiunta da Dio e dal suo amore. Aiutateci anche voi, poi gli uni gli altri a costruire ponti, con il dialogo, con l\u2019incontro, unendoci tutti per essere un solo popolo sempre in pace. Grazie a Papa Francesco!\u201d.<\/p>\n<p style=\"text-align: justify\">\n<p style=\"text-align: justify\">Visibilmente commosso sulla loggia centrale della Basilica Vaticana, Prevost, pi\u00f9 che un semplice saluto, ha fatto un lungo discorso programmatico. Leone XIV leggeva il testo che aveva scritto a mano su alcuni fogli pochi minuti prima di affacciarsi da quello stesso luogo dove Francesco, la domenica di Pasqua, aveva impartito per l\u2019ultima volta la benedizione Urbi et Orbi. \u201cVoglio ringraziare \u2013 ha affermato Prevost \u2013 anche tutti i confratelli cardinali che hanno scelto me per essere successore di Pietro e camminare insieme a voi, come Chiesa unita cercando sempre la pace, la giustizia, cercando sempre di lavorare come uomini e donne fedeli a Ges\u00f9 Cristo, senza paura, per proclamare il Vangelo, per essere missionari. Sono un figlio di sant\u2019Agostino, agostiniano, che ha detto: \u2018Con voi sono cristiano e per voi vescovo\u2019. In questo senso possiamo tutti camminare insieme verso quella patria che Dio ci ha preparato\u201d.<\/p>\n<p style=\"text-align: justify\">Un saluto speciale lo ha voluto subito rivolgere alla Chiesa di Roma: \u201cDobbiamo cercare insieme come essere una Chiesa missionaria, una Chiesa che costruisce i ponti, il dialogo, sempre aperta a ricevere come questa piazza con le braccia aperte. Tutti, tutti coloro che hanno bisogno della nostra carit\u00e0, la nostra presenza, il dialogo e l\u2019amore. E se mi permettete una parola, un saluto a tutti e in modo particolare alla mia cara diocesi di Chiclayo, in Peru\u0300, dove un popolo fedele ha accompagnato il suo vescovo, ha condiviso la sua fede e ha dato tanto, tanto per continuare ad essere Chiesa fedele di Ges\u00f9 Cristo\u201d. E ha concluso: \u201cA tutti voi, fratelli e sorelle di Roma, di Italia, di tutto il mondo vogliamo essere una Chiesa sinodale, una Chiesa che cammina, una Chiesa che cerca sempre la pace, che cerca sempre la carit\u00e0, che cerca sempre di essere vicino specialmente a coloro che soffrono\u201d.<\/p>\n<p style=\"text-align: justify\">\n<p style=\"text-align: justify\">Leone XIV si \u00e8 presentato al mondo vestito come prevede il protocollo papale, a differenza di ci\u00f2 che fece dodici anni fa, nel 2013, Jorge Mario Bergoglio che si mostr\u00f2 con la sola talare bianca e con la croce pettorale e l\u2019anello episcopale di metallo che indossava dal 1992, ovvero da quando divenne vescovo ausiliare di Buenos Aires. Prevost, invece, sopra la talare bianca, indossava il rocchetto, la mozzetta rossa, la croce pettorale d\u2019oro e la stola papale rossa con lo stemma della Santa Sede, ovvero la tiara e le chiavi decussate, e l\u2019immagine dei quattro evangelisti. All\u2019anulare destro portava ancora l\u2019anello cardinalizio d\u2019oro ricevuto da Francesco nel concistoro del 30 settembre 2023.<\/p>\n<p style=\"text-align: justify\">Bergoglio lo aveva chiamato a Roma, il 30 gennaio 2023, nominandolo prefetto del Dicastero per i vescovi e presidente della Pontificia Commissione per l\u2019America Latina. Sempre Francesco, il 3 novembre 2014, lo aveva nominato vescovo, affidandogli la diocesi di Chiclayo, in Per\u00f9. Proprio recentemente, il 6 febbraio 2025, Bergoglio aveva espresso nei suoi confronti quello che a molti osservatori era subito sembrato un segno di predilezione: la promozione all\u2019ordine dei cardinali vescovi, assegnandogli il titolo della Chiesa suburbicaria di Albano.<\/p>\n<p style=\"text-align: justify\">Con l\u2019elezione di Prevost, termina la Sede Vacante durata appena 17 giorni. La sua scelta rapida dimostra un\u2019unit\u00e0 straordinaria da parte dei 133 cardinali elettori che hanno raggiunto subito una convergenza nonostante la maggioranza richiesta fosse di 89 voti, il quorum pi\u00f9 alto della storia. La risposta eloquente a chi parlava di divisione e lotte intestine all\u2019interno della Chiesa cattolica e di violente recriminazioni per il pontificato di Francesco. Leone XIV, infatti, si \u00e8 posto da subito in continuit\u00e0 pastorale con Bergoglio. Uno statunitense anti Donald Trump che non far\u00e0 sconti all\u2019inquilino della Casa Bianca, soprattutto sul tema dei migranti.<\/p>\n<p style=\"text-align: justify\"><strong>Fonte:\u00a0<a href=\"https:\/\/www.ilfattoquotidiano.it\/2025\/05\/08\/continuita-con-francesco-sui-temi-ma-discontinuita-nei-simboli-che-papa-sara-leone-xiv-lanalisi-del-suo-discorso\/7980991\/amp\/\">https:\/\/www.ilfattoquotidiano.it\/2025\/05\/08\/continuita-con-francesco-sui-temi-ma-discontinuita-nei-simboli-che-papa-sara-leone-xiv-lanalisi-del-suo-discorso\/7980991\/amp\/<\/a><\/strong><\/p>\n","protected":false},"excerpt":{"rendered":"<p>di IL FATTO QUOTIDIANO (Francesco Antonio Grana) Visibilmente commosso sulla loggia centrale della Basilica Vaticana, Prevost, pi\u00f9 che un semplice saluto, ha fatto un lungo intervento programmatico: cosa \u00e8 emerso \u201cLa pace sia con tutti voi! Fratelli e sorelle carissimi, questo e\u0300 il primo saluto del Cristo Risorto, il buon pastore che ha dato la vita per il gregge di Dio. Anch\u2019io vorrei che questo saluto di pace entrasse nel vostro cuore, raggiungesse le vostre&#46;&#46;&#46;<\/p>\n","protected":false},"author":95,"featured_media":89998,"comment_status":"open","ping_status":"open","sticky":false,"template":"","format":"standard","meta":{"jetpack_post_was_ever_published":false,"_jetpack_newsletter_access":"","_jetpack_dont_email_post_to_subs":false,"_jetpack_newsletter_tier_id":0,"_jetpack_memberships_contains_paywalled_content":false,"_jetpack_memberships_contains_paid_content":false,"footnotes":"","jetpack_publicize_message":"","jetpack_publicize_feature_enabled":true,"jetpack_social_post_already_shared":true,"jetpack_social_options":{"image_generator_settings":{"template":"highway","enabled":false},"version":2}},"categories":[32],"tags":[],"jetpack_publicize_connections":[],"jetpack_featured_media_url":"https:\/\/appelloalpopolo.it\/wp-content\/uploads\/2025\/05\/IMG_0517.jpeg","jetpack_sharing_enabled":true,"jetpack_shortlink":"https:\/\/wp.me\/p7ZaJ4-nqy","_links":{"self":[{"href":"https:\/\/appelloalpopolo.it\/index.php?rest_route=\/wp\/v2\/posts\/90058"}],"collection":[{"href":"https:\/\/appelloalpopolo.it\/index.php?rest_route=\/wp\/v2\/posts"}],"about":[{"href":"https:\/\/appelloalpopolo.it\/index.php?rest_route=\/wp\/v2\/types\/post"}],"author":[{"embeddable":true,"href":"https:\/\/appelloalpopolo.it\/index.php?rest_route=\/wp\/v2\/users\/95"}],"replies":[{"embeddable":true,"href":"https:\/\/appelloalpopolo.it\/index.php?rest_route=%2Fwp%2Fv2%2Fcomments&post=90058"}],"version-history":[{"count":3,"href":"https:\/\/appelloalpopolo.it\/index.php?rest_route=\/wp\/v2\/posts\/90058\/revisions"}],"predecessor-version":[{"id":90069,"href":"https:\/\/appelloalpopolo.it\/index.php?rest_route=\/wp\/v2\/posts\/90058\/revisions\/90069"}],"wp:featuredmedia":[{"embeddable":true,"href":"https:\/\/appelloalpopolo.it\/index.php?rest_route=\/wp\/v2\/media\/89998"}],"wp:attachment":[{"href":"https:\/\/appelloalpopolo.it\/index.php?rest_route=%2Fwp%2Fv2%2Fmedia&parent=90058"}],"wp:term":[{"taxonomy":"category","embeddable":true,"href":"https:\/\/appelloalpopolo.it\/index.php?rest_route=%2Fwp%2Fv2%2Fcategories&post=90058"},{"taxonomy":"post_tag","embeddable":true,"href":"https:\/\/appelloalpopolo.it\/index.php?rest_route=%2Fwp%2Fv2%2Ftags&post=90058"}],"curies":[{"name":"wp","href":"https:\/\/api.w.org\/{rel}","templated":true}]}}