{"id":90270,"date":"2025-05-26T08:45:16","date_gmt":"2025-05-26T06:45:16","guid":{"rendered":"https:\/\/appelloalpopolo.it\/?p=90270"},"modified":"2025-05-25T18:03:11","modified_gmt":"2025-05-25T16:03:11","slug":"riapriamo-il-nord-stream-per-salvare-leconomia-in-germania-la-proposta-shock-che-rompe-il-tabu-sulla-russia","status":"publish","type":"post","link":"https:\/\/appelloalpopolo.it\/?p=90270","title":{"rendered":"\u201cRiapriamo il Nord Stream per salvare l\u2019economia\u201d: in Germania la proposta shock che rompe il tab\u00f9 sulla Russia."},"content":{"rendered":"<p><strong>da SCENARI ECONOMICI (Fabio Lugano)<\/strong><\/p>\n<h3>Crisi economica in Germania: politico CDU chiede di riaprire il Nord Stream e il dialogo con la Russia. Che far\u00e0 a questo punto Merz?<\/h3>\n<p><img loading=\"lazy\" decoding=\"async\" class=\"alignnone size-medium wp-image-90271\" src=\"https:\/\/appelloalpopolo.it\/wp-content\/uploads\/2025\/05\/nord-stream-2-1024x536-1-300x157.jpg\" alt=\"\" width=\"300\" height=\"157\" srcset=\"https:\/\/appelloalpopolo.it\/wp-content\/uploads\/2025\/05\/nord-stream-2-1024x536-1-300x157.jpg 300w, https:\/\/appelloalpopolo.it\/wp-content\/uploads\/2025\/05\/nord-stream-2-1024x536-1-768x402.jpg 768w, https:\/\/appelloalpopolo.it\/wp-content\/uploads\/2025\/05\/nord-stream-2-1024x536-1.jpg 1024w\" sizes=\"(max-width: 300px) 100vw, 300px\" \/><\/p>\n<p>Un numero crescente di tedeschi sta iniziando a rendersi conto che il benessere economico del Paese, insieme alla competitivit\u00e0 dell\u2019industria tedesca, \u00e8 strettamente legato agli accordi per le forniture energetiche dalla Russia.<\/p>\n<p>Questa consapevolezza sta emergendo non solo tra i cittadini, ma anche tra alcuni politici di spicco. Tra questi il primo ministro della Sassonia <strong>Michael Kretschmer (CDU) ha sollevato una questione cruciale<\/strong>: \u201c<strong><em>Cosa potrebbe volere Vladimir Putin da noi?<\/em><\/strong>\u201d Secondo Kretschmer gli europei dovrebbero porsi questa domanda per aprire un dialogo con la Russia, con il gasdotto Nord Stream come possibile punto di partenza.<\/p>\n<p><strong>In un\u2019intervista\u00a0<a href=\"https:\/\/www.welt.de\/politik\/deutschland\/article256168284\/ukraine-verhandlungen-energie-ist-ein-hebel-kretschmer-fordert-gespraeche-mit-russland-zu-nord-stream.html?source=puerto-reco-2_ABC-V46.0.B_max_engage\">riportata dalla Welt<\/a> e pubblicata domenica Kretschmer ha sottolineato l\u2019importanza strategica del Nord Stream per la Germania:<\/strong> \u201cNord Stream \u00e8 una possibile apertura ai colloqui con la Russia\u201d ha dichiarato, evidenziando come il gasdotto possa rappresentare un\u2019opportunit\u00e0 per riprendere il dialogo con Mosca. La sua proposta arriva in un momento in cui l\u2019Unione Europea sta lavorando a un nuovo pacchetto di sanzioni contro la Russia, a causa della guerra in Ucraina, che include misure per impedire la riattivazione del gasdotto.<\/p>\n<p><strong>Kretschmer ha suggerito che l\u2019approccio finora adottato \u2013 basato su sanzioni e pressione \u2013 non abbia prodotto i risultati sperati.<\/strong> \u201cO si cerca di forzare la Russia, come \u00e8 successo finora, oppure si tenta un approccio positivo\u201d ha spiegato, invitando a riflettere su ci\u00f2 che potrebbe spingere Putin a negoziare. \u201cCosa gli interesserebbe in un dialogo con la Germania e l\u2019Europa? Finch\u00e9 diciamo: non vogliamo niente, non vogliamo forniture di gas, imporremo solo sanzioni, non c\u2019\u00e8 bisogno di parlare con noi\u201d ha aggiunto.<\/p>\n<p>Il politico sassone ha poi enfatizzato la \u201c<strong>forte componente economica<\/strong>\u201d del riavvio del Nord Stream per la Germania. \u201cI costi di produzione sono troppo elevati.\u00a0<strong>Ho messo in guardia da tempo contro una migrazione di aziende, che ora sta effettivamente iniziando qui.<\/strong> La questione dei prezzi dell\u2019energia \u00e8 cos\u00ec centrale che non pu\u00f2 essere ignorata\u201d ha avvertito. Il fatto \u00e8 che ormai anche gli imprenditori pi\u00f9 testardi hanno capito che l\u2019unico vero vantaggio competitivo che aveva la Germania era il gas russo a basso costo e, finalmente, con il debito ritardo, cominciano a capirlo anche i politici, per lo meno quelli regionali.<\/p>\n<p><strong>Chi non lo ha capito, e non sempre vuole capirlo, sono i politici a livello centrale.<\/strong> Kretschmer ha ammesso che nella politica tedesca manca ancora una volont\u00e0 diffusa di rivedere la strategia attuale. Per\u00f2 \u00e8 fiducioso che, a furia di stagnazione o di sviluppo economico a velocit\u00e0 di lumaca, anche i politici centrali pi\u00f9 anti-russi comprenderanno la cosa: \u201c<strong>Se lo sviluppo economico continua a questo ritmo, saremo costretti a cambiare rotta nel giro di uno o due anni<\/strong>\u201c.<\/p>\n<p>Il governante sassone ha capito che non c\u2019\u00e8 uscita dalla crisi attuale senza una soluzione alla crisi energetica europea, causata dal mix di politiche ambientalisti anti-economiche e taglio delle convenienti forniture russe. Se l\u2019ambientalismo estremo \u00e8 ancora tab\u00f9, altrettanto iniziano a non esserlo pi\u00f9 i rapporti con la Russia. Il problema, a questo punto, \u00e8: &#8220;cosa far\u00e0 il cancelliere Merz?&#8221;.<\/p>\n<p><strong>FONTE:\u00a0<a href=\"https:\/\/scenarieconomici.it\/germania-gas-russia-nord-stream-proposta\/\">https:\/\/scenarieconomici.it\/germania-gas-russia-nord-stream-proposta\/<\/a><\/strong><\/p>\n","protected":false},"excerpt":{"rendered":"<p>da SCENARI ECONOMICI (Fabio Lugano) Crisi economica in Germania: politico CDU chiede di riaprire il Nord Stream e il dialogo con la Russia. Che far\u00e0 a questo punto Merz? Un numero crescente di tedeschi sta iniziando a rendersi conto che il benessere economico del Paese, insieme alla competitivit\u00e0 dell\u2019industria tedesca, \u00e8 strettamente legato agli accordi per le forniture energetiche dalla Russia. Questa consapevolezza sta emergendo non solo tra i cittadini, ma anche tra alcuni politici&#46;&#46;&#46;<\/p>\n","protected":false},"author":103,"featured_media":26680,"comment_status":"open","ping_status":"open","sticky":false,"template":"","format":"standard","meta":{"jetpack_post_was_ever_published":false,"_jetpack_newsletter_access":"","_jetpack_dont_email_post_to_subs":false,"_jetpack_newsletter_tier_id":0,"_jetpack_memberships_contains_paywalled_content":false,"_jetpack_memberships_contains_paid_content":false,"footnotes":"","jetpack_publicize_message":"","jetpack_publicize_feature_enabled":true,"jetpack_social_post_already_shared":true,"jetpack_social_options":{"image_generator_settings":{"template":"highway","enabled":false},"version":2}},"categories":[32],"tags":[],"jetpack_publicize_connections":[],"jetpack_featured_media_url":"https:\/\/appelloalpopolo.it\/wp-content\/uploads\/2016\/12\/Scenarieconomici.png","jetpack_sharing_enabled":true,"jetpack_shortlink":"https:\/\/wp.me\/p7ZaJ4-ntY","_links":{"self":[{"href":"https:\/\/appelloalpopolo.it\/index.php?rest_route=\/wp\/v2\/posts\/90270"}],"collection":[{"href":"https:\/\/appelloalpopolo.it\/index.php?rest_route=\/wp\/v2\/posts"}],"about":[{"href":"https:\/\/appelloalpopolo.it\/index.php?rest_route=\/wp\/v2\/types\/post"}],"author":[{"embeddable":true,"href":"https:\/\/appelloalpopolo.it\/index.php?rest_route=\/wp\/v2\/users\/103"}],"replies":[{"embeddable":true,"href":"https:\/\/appelloalpopolo.it\/index.php?rest_route=%2Fwp%2Fv2%2Fcomments&post=90270"}],"version-history":[{"count":1,"href":"https:\/\/appelloalpopolo.it\/index.php?rest_route=\/wp\/v2\/posts\/90270\/revisions"}],"predecessor-version":[{"id":90272,"href":"https:\/\/appelloalpopolo.it\/index.php?rest_route=\/wp\/v2\/posts\/90270\/revisions\/90272"}],"wp:featuredmedia":[{"embeddable":true,"href":"https:\/\/appelloalpopolo.it\/index.php?rest_route=\/wp\/v2\/media\/26680"}],"wp:attachment":[{"href":"https:\/\/appelloalpopolo.it\/index.php?rest_route=%2Fwp%2Fv2%2Fmedia&parent=90270"}],"wp:term":[{"taxonomy":"category","embeddable":true,"href":"https:\/\/appelloalpopolo.it\/index.php?rest_route=%2Fwp%2Fv2%2Fcategories&post=90270"},{"taxonomy":"post_tag","embeddable":true,"href":"https:\/\/appelloalpopolo.it\/index.php?rest_route=%2Fwp%2Fv2%2Ftags&post=90270"}],"curies":[{"name":"wp","href":"https:\/\/api.w.org\/{rel}","templated":true}]}}