{"id":91384,"date":"2025-09-01T09:30:32","date_gmt":"2025-09-01T07:30:32","guid":{"rendered":"https:\/\/appelloalpopolo.it\/?p=91384"},"modified":"2025-08-30T11:18:58","modified_gmt":"2025-08-30T09:18:58","slug":"elogio-delle-ferie-dagosto","status":"publish","type":"post","link":"https:\/\/appelloalpopolo.it\/?p=91384","title":{"rendered":"Elogio delle ferie d&#8217;agosto"},"content":{"rendered":"<p style=\"text-align: justify\"><strong>di FERDINANDO PASTORE (Pagina FB)<\/strong><\/p>\n<p style=\"text-align: justify\"><img loading=\"lazy\" decoding=\"async\" class=\"alignnone size-medium wp-image-91385\" src=\"https:\/\/appelloalpopolo.it\/wp-content\/uploads\/2025\/08\/FB_IMG_1756545237257-300x225.jpg\" alt=\"\" width=\"300\" height=\"225\" srcset=\"https:\/\/appelloalpopolo.it\/wp-content\/uploads\/2025\/08\/FB_IMG_1756545237257-300x225.jpg 300w, https:\/\/appelloalpopolo.it\/wp-content\/uploads\/2025\/08\/FB_IMG_1756545237257.jpg 656w\" sizes=\"(max-width: 300px) 100vw, 300px\" \/><\/p>\n<p style=\"text-align: justify\">La sintesi dello spirito cosmopolita e imprenditoriale dell\u2019esistenza \u00e8 racchiusa nella purtroppo osannata filippica di Sergio Marchionne contro la dispersiva e indolente abitudine nazionale di lasciare vuoti gli uffici per tutto il mese di agosto. Da poco nominato capo supremo della Fiat, si stup\u00ec dell\u2019assenza completa del personale nel momento in cui l\u2019azienda versava in uno stato di crisi: in America, sottoline\u00f2 il nostro, se ne fregano di agosto, loro lavorano senza soste. L\u2019Italia, dunque, piace per visitarla in vacanza ma non per investire denari. Gli aspiranti business men, i solerti quadri manageriali delle multinazionali ma anche tutto quel ceto politico, tecnico e giornalistico sempre in vetrina con camicie bianche arrotolate fino ai gomiti, con parte del mondo professionale pi\u00f9 di tendenza, salutarono quelle parole come una svolta sintattica del costume nostrano.<\/p>\n<p style=\"text-align: justify\">Finalmente un sano protestantesimo efficientista varcava le Alpi per sanificare in un sol colpo sedimentate pigrizie vacanziere, cocomeri lasciati a rinfrescare a riva, pance gonfie e tese orgogliosamente messe in mostra sui bagnasciuga dei nostri mari calmi dove nessuno fa surf. Un vero e proprio scandalo l\u2019Italia: per ben un mese si ha il coraggio di abbandonare la postura prestazionale delle giornate per preferire l\u2019inconcludenza delle chiacchiere di paese. Il sudore arroventato degli esodi di massa, la promiscuit\u00e0 tra classi sociali distanti per censo, cultura, posizione professionale, il brulichio di corpi arrostiti dal sole che schiamazzano nelle spiagge, contraddicevano l\u2019esclusivit\u00e0 portata dalla dedizione rarefatta, impersonalmente identica a s\u00e9 stessa, all\u2019ufficio, ai meeting internazionali in diretta da Milano, e al raggiungimento dei bonus e degli incentivi concorrenziali.<\/p>\n<p style=\"text-align: justify\">Meglio non mischiarsi con quella mistura di creme abbronzanti, di musica rumorosa, di conversazioni capaci di dilatare il corso del tempo senza misurarsi mai con la virtuosit\u00e0 del profitto. Pi\u00f9 cool sparire di tanto in tanto per dei weekend rigeneranti con voli last minute. Tonificare menti e personalit\u00e0 con l\u2019aria condizionata dei grandi hub del turismo d\u2019\u00e9lite, con gli spazi concepiti perch\u00e9 a tutti sia concesso di percepirsi parte dello star system per almeno mezza giornata, con il viaggio emotivamente esperienziale in canyon o deserti esotici, per poi tornare diligentemente a inebetirsi con curve di fattibilit\u00e0 o con target prestazionali che vorrebbero indorare lo sfruttamento.<\/p>\n<p style=\"text-align: justify\">Agosto, al contrario, il lungo agosto italiano, quando il cemento delle citt\u00e0 sprofondava nel silenzio, quando l&#8217;ingorgo dell\u2019autostrada del sole allarmava la protezione civile con la distribuzione di acqua fresca, contribuiva a fortificare la democrazia. Il ritorno nei paesi d\u2019origine accomunava il destino di padroni e lavoratori, di ricchi e poveri. Tutti rimasticavano il dialetto, tutti potevano sorridere dei piccoli pettegolezzi della piazza. Anche il lungo conflitto sociale dell\u2019inverno rumoroso trovava una quiete nel cibo di prossimit\u00e0, nelle tavolate di reminiscenza contadina; vecchi, giovani, padri e madri, signori e cafoni si confrontavano senza l\u2019assillo cronometrico dell\u2019orario, di un cartellino, senza l\u2019ossessione totalitaristica per la performance.<\/p>\n<p style=\"text-align: justify\">Il nostro agosto, ormai stemperato dopo anni di precariet\u00e0 e di flessibilit\u00e0 lavorativa che inchiodano al ricatto delle imprese, era un gioiello da esportare, persino in America. Altro che Marchionne.<\/p>\n<p style=\"text-align: justify\"><strong>Fonte:\u00a0<a href=\"https:\/\/www.facebook.com\/share\/p\/1AuRTubZXf\/\">https:\/\/www.facebook.com\/share\/p\/1AuRTubZXf\/<\/a><\/strong><\/p>\n","protected":false},"excerpt":{"rendered":"<p>di FERDINANDO PASTORE (Pagina FB) La sintesi dello spirito cosmopolita e imprenditoriale dell\u2019esistenza \u00e8 racchiusa nella purtroppo osannata filippica di Sergio Marchionne contro la dispersiva e indolente abitudine nazionale di lasciare vuoti gli uffici per tutto il mese di agosto. Da poco nominato capo supremo della Fiat, si stup\u00ec dell\u2019assenza completa del personale nel momento in cui l\u2019azienda versava in uno stato di crisi: in America, sottoline\u00f2 il nostro, se ne fregano di agosto, loro&#46;&#46;&#46;<\/p>\n","protected":false},"author":95,"featured_media":89105,"comment_status":"open","ping_status":"open","sticky":false,"template":"","format":"standard","meta":{"jetpack_post_was_ever_published":false,"_jetpack_newsletter_access":"","_jetpack_dont_email_post_to_subs":false,"_jetpack_newsletter_tier_id":0,"_jetpack_memberships_contains_paywalled_content":false,"_jetpack_memberships_contains_paid_content":false,"footnotes":"","jetpack_publicize_message":"","jetpack_publicize_feature_enabled":true,"jetpack_social_post_already_shared":true,"jetpack_social_options":{"image_generator_settings":{"template":"highway","enabled":false},"version":2}},"categories":[32],"tags":[],"jetpack_publicize_connections":[],"jetpack_featured_media_url":"https:\/\/appelloalpopolo.it\/wp-content\/uploads\/2025\/02\/Ferdinando-Pastore.jpg","jetpack_sharing_enabled":true,"jetpack_shortlink":"https:\/\/wp.me\/p7ZaJ4-nLW","_links":{"self":[{"href":"https:\/\/appelloalpopolo.it\/index.php?rest_route=\/wp\/v2\/posts\/91384"}],"collection":[{"href":"https:\/\/appelloalpopolo.it\/index.php?rest_route=\/wp\/v2\/posts"}],"about":[{"href":"https:\/\/appelloalpopolo.it\/index.php?rest_route=\/wp\/v2\/types\/post"}],"author":[{"embeddable":true,"href":"https:\/\/appelloalpopolo.it\/index.php?rest_route=\/wp\/v2\/users\/95"}],"replies":[{"embeddable":true,"href":"https:\/\/appelloalpopolo.it\/index.php?rest_route=%2Fwp%2Fv2%2Fcomments&post=91384"}],"version-history":[{"count":1,"href":"https:\/\/appelloalpopolo.it\/index.php?rest_route=\/wp\/v2\/posts\/91384\/revisions"}],"predecessor-version":[{"id":91386,"href":"https:\/\/appelloalpopolo.it\/index.php?rest_route=\/wp\/v2\/posts\/91384\/revisions\/91386"}],"wp:featuredmedia":[{"embeddable":true,"href":"https:\/\/appelloalpopolo.it\/index.php?rest_route=\/wp\/v2\/media\/89105"}],"wp:attachment":[{"href":"https:\/\/appelloalpopolo.it\/index.php?rest_route=%2Fwp%2Fv2%2Fmedia&parent=91384"}],"wp:term":[{"taxonomy":"category","embeddable":true,"href":"https:\/\/appelloalpopolo.it\/index.php?rest_route=%2Fwp%2Fv2%2Fcategories&post=91384"},{"taxonomy":"post_tag","embeddable":true,"href":"https:\/\/appelloalpopolo.it\/index.php?rest_route=%2Fwp%2Fv2%2Ftags&post=91384"}],"curies":[{"name":"wp","href":"https:\/\/api.w.org\/{rel}","templated":true}]}}