{"id":91387,"date":"2025-09-01T09:30:21","date_gmt":"2025-09-01T07:30:21","guid":{"rendered":"https:\/\/appelloalpopolo.it\/?p=91387"},"modified":"2025-08-30T11:29:26","modified_gmt":"2025-08-30T09:29:26","slug":"lavvertimento-del-capo-di-stato-maggiore-francese-sul-rischio-guerra-in-europa","status":"publish","type":"post","link":"https:\/\/appelloalpopolo.it\/?p=91387","title":{"rendered":"L&#8217;avvertimento del capo di Stato Maggiore francese sul rischio guerra in Europa"},"content":{"rendered":"<p style=\"text-align: justify\"><strong>di GIUSEPPE MASALA CHILI (Canale Telegram)<\/strong><\/p>\n<p style=\"text-align: justify\">\u201cUn\u2019Europa indebolita potrebbe diventare un animale braccato\u201d. Con queste parole, il generale Thierry Burkhard, Capo di Stato Maggiore della Difesa francese fino a fine mese, ha lanciato un monito diretto: l\u2019Unione Europea deve smettere di vivere nella negazione e imparare ad affermare il proprio potere duro, se vuole restare un attore rilevante nello scacchiere globale.<\/p>\n<p style=\"text-align: justify\">Secondo Burkhard, il problema non riguarda soltanto la forza militare, ma una questione pi\u00f9 ampia di consapevolezza politica e culturale: governi e opinioni pubbliche europee sottovalutano il livello di violenza che oggi plasma le relazioni internazionali. Nel frattempo, attori come Cina, Russia, Iran e Corea del Nord consolidano le proprie sfere di influenza, mentre gli Stati Uniti chiedono all\u2019Europa di assumersi un ruolo pi\u00f9 attivo e autonomo nella difesa.<\/p>\n<p style=\"text-align: justify\">Il generale individua quattro fattori determinanti del nuovo ordine mondiale:<\/p>\n<ul>\n<li style=\"text-align: justify\">l\u2019uso della forza come strumento primario di risoluzione dei conflitti;<\/li>\n<li style=\"text-align: justify\">la sfida aperta di potenze revisioniste all\u2019Occidente;<\/li>\n<li style=\"text-align: justify\">la centralit\u00e0 della guerra dell\u2019informazione;<\/li>\n<li style=\"text-align: justify\">l\u2019impatto del cambiamento climatico sulla stabilit\u00e0 geopolitica.<\/li>\n<\/ul>\n<p style=\"text-align: justify\">In questo contesto, la frammentazione europea diventa il principale rischio: senza una massa critica comune, nessuno Stato membro pu\u00f2 aspirare a contare davvero. Le divergenze interne \u2013 come la diversa percezione della minaccia russa tra Estonia e Portogallo, o le richieste di deroghe alla spesa NATO \u2013 evidenziano la difficolt\u00e0 di parlare con una sola voce.<\/p>\n<p style=\"text-align: justify\">Burkhard lega inoltre la riflessione europea al tema ucraino: il futuro dell\u2019indipendenza di Kiev e le garanzie di sicurezza da offrirle dipenderanno anche dalla capacit\u00e0 dell\u2019Europa di mostrare determinazione, senza affidarsi interamente alla copertura americana. \u201cFornire garanzie significa spesso assumersi dei rischi\u201d, sottolinea, ricordando che il prezzo della libert\u00e0 e dell\u2019indipendenza non pu\u00f2 essere scaricato su altri.<\/p>\n<p style=\"text-align: justify\">Il generale introduce infine una distinzione cruciale: le \u201cguerre scelte\u201d (Iraq, Afghanistan, Mali), in cui l\u2019Occidente dettava tempi e limiti dell\u2019impegno, e le \u201cguerre imposte\u201d, come quella in Ucraina, che diventano conflitti esistenziali, senza alternative alla sopravvivenza. \u00c8 in questo secondo scenario che l\u2019Europa deve ripensare la propria postura strategica, combinando armi avanzate con capacit\u00e0 di logoramento a basso costo, per garantire resilienza sul lungo periodo.<\/p>\n<p style=\"text-align: justify\">Il messaggio di Burkhard \u00e8 netto: la difesa europea non pu\u00f2 pi\u00f9 essere un capitolo secondario dell\u2019agenda politica. Senza una solidariet\u00e0 strategica forte e visibile, l\u2019Europa rischia di scivolare nell\u2019irrilevanza, diventando terreno di conquista \u2013 non solo militare, ma economica, tecnologica e culturale.<\/p>\n<p style=\"text-align: justify\"><strong>Fonte:\u00a0<a href=\"https:\/\/t.me\/giuseppemasala\/68192\">https:\/\/t.me\/giuseppemasala\/68192<\/a><\/strong><\/p>\n","protected":false},"excerpt":{"rendered":"<p>di GIUSEPPE MASALA CHILI (Canale Telegram) \u201cUn\u2019Europa indebolita potrebbe diventare un animale braccato\u201d. Con queste parole, il generale Thierry Burkhard, Capo di Stato Maggiore della Difesa francese fino a fine mese, ha lanciato un monito diretto: l\u2019Unione Europea deve smettere di vivere nella negazione e imparare ad affermare il proprio potere duro, se vuole restare un attore rilevante nello scacchiere globale. Secondo Burkhard, il problema non riguarda soltanto la forza militare, ma una questione pi\u00f9&#46;&#46;&#46;<\/p>\n","protected":false},"author":95,"featured_media":89620,"comment_status":"open","ping_status":"open","sticky":false,"template":"","format":"standard","meta":{"jetpack_post_was_ever_published":false,"_jetpack_newsletter_access":"","_jetpack_dont_email_post_to_subs":false,"_jetpack_newsletter_tier_id":0,"_jetpack_memberships_contains_paywalled_content":false,"_jetpack_memberships_contains_paid_content":false,"footnotes":"","jetpack_publicize_message":"","jetpack_publicize_feature_enabled":true,"jetpack_social_post_already_shared":true,"jetpack_social_options":{"image_generator_settings":{"template":"highway","enabled":false},"version":2}},"categories":[32],"tags":[],"jetpack_publicize_connections":[],"jetpack_featured_media_url":"https:\/\/appelloalpopolo.it\/wp-content\/uploads\/2025\/03\/IMG_0428.jpeg","jetpack_sharing_enabled":true,"jetpack_shortlink":"https:\/\/wp.me\/p7ZaJ4-nLZ","_links":{"self":[{"href":"https:\/\/appelloalpopolo.it\/index.php?rest_route=\/wp\/v2\/posts\/91387"}],"collection":[{"href":"https:\/\/appelloalpopolo.it\/index.php?rest_route=\/wp\/v2\/posts"}],"about":[{"href":"https:\/\/appelloalpopolo.it\/index.php?rest_route=\/wp\/v2\/types\/post"}],"author":[{"embeddable":true,"href":"https:\/\/appelloalpopolo.it\/index.php?rest_route=\/wp\/v2\/users\/95"}],"replies":[{"embeddable":true,"href":"https:\/\/appelloalpopolo.it\/index.php?rest_route=%2Fwp%2Fv2%2Fcomments&post=91387"}],"version-history":[{"count":1,"href":"https:\/\/appelloalpopolo.it\/index.php?rest_route=\/wp\/v2\/posts\/91387\/revisions"}],"predecessor-version":[{"id":91388,"href":"https:\/\/appelloalpopolo.it\/index.php?rest_route=\/wp\/v2\/posts\/91387\/revisions\/91388"}],"wp:featuredmedia":[{"embeddable":true,"href":"https:\/\/appelloalpopolo.it\/index.php?rest_route=\/wp\/v2\/media\/89620"}],"wp:attachment":[{"href":"https:\/\/appelloalpopolo.it\/index.php?rest_route=%2Fwp%2Fv2%2Fmedia&parent=91387"}],"wp:term":[{"taxonomy":"category","embeddable":true,"href":"https:\/\/appelloalpopolo.it\/index.php?rest_route=%2Fwp%2Fv2%2Fcategories&post=91387"},{"taxonomy":"post_tag","embeddable":true,"href":"https:\/\/appelloalpopolo.it\/index.php?rest_route=%2Fwp%2Fv2%2Ftags&post=91387"}],"curies":[{"name":"wp","href":"https:\/\/api.w.org\/{rel}","templated":true}]}}