{"id":91421,"date":"2025-09-02T10:00:08","date_gmt":"2025-09-02T08:00:08","guid":{"rendered":"https:\/\/appelloalpopolo.it\/?p=91421"},"modified":"2025-09-01T14:06:19","modified_gmt":"2025-09-01T12:06:19","slug":"in-polonia-si-espande-la-base-produttiva-militare","status":"publish","type":"post","link":"https:\/\/appelloalpopolo.it\/?p=91421","title":{"rendered":"In Polonia si espande la base produttiva militare"},"content":{"rendered":"<p style=\"text-align: justify\"><strong>di GIUSEPPE MASALA CHILI (Canale Telegram)<\/strong><\/p>\n<p style=\"text-align: justify\"><img loading=\"lazy\" decoding=\"async\" class=\"alignnone size-medium wp-image-91422\" src=\"https:\/\/appelloalpopolo.it\/wp-content\/uploads\/2025\/09\/IMG_20250901_140410_692-300x280.jpg\" alt=\"\" width=\"300\" height=\"280\" srcset=\"https:\/\/appelloalpopolo.it\/wp-content\/uploads\/2025\/09\/IMG_20250901_140410_692-300x280.jpg 300w, https:\/\/appelloalpopolo.it\/wp-content\/uploads\/2025\/09\/IMG_20250901_140410_692-1024x956.jpg 1024w, https:\/\/appelloalpopolo.it\/wp-content\/uploads\/2025\/09\/IMG_20250901_140410_692-768x717.jpg 768w, https:\/\/appelloalpopolo.it\/wp-content\/uploads\/2025\/09\/IMG_20250901_140410_692.jpg 1280w\" sizes=\"(max-width: 300px) 100vw, 300px\" \/><\/p>\n<p style=\"text-align: justify\">La societ\u00e0 Hyundai Rotem creer\u00e0 presso la filiale del \u00abGruppo Polacco di Armamenti\u00bb (PGZ) \u2013 lo stabilimento Bumar-\u0141ab\u0119dy a Gliwice, un Centro Europeo per la produzione e la manutenzione tecnica dei carri armati coreani K2 Black Panther.<\/p>\n<p style=\"text-align: justify\">La decisione \u00e8 stata presa nell&#8217;ambito della stipula del secondo contratto per la fornitura di 180 carri armati K2, inclusi i primi 64 carri armati principali da combattimento K2PL nella configurazione polacca. Il contratto prevede la completa cessione alla Polonia delle tecnologie di produzione, assemblaggio, manutenzione tecnica, riparazione e ammodernamento. Solo i primi tre carri armati K2PL saranno prodotti in Corea del Sud, mentre gli altri 61 carri armati saranno prodotti presso il centro di Gliwice.<\/p>\n<p style=\"text-align: justify\">Nell&#8217;ambito del primo contratto (del 2022) entro la fine di quest&#8217;anno saranno consegnati 180 carri armati K2, prodotti in Corea del Sud, in modalit\u00e0 accelerata. 150 di questi sono gi\u00e0 in Polonia.<\/p>\n<p style=\"text-align: justify\">In generale, l&#8217;accordo strategico tra Seoul e Varsavia prevede l&#8217;acquisto di fino a 1.000 carri armati principali da combattimento K2. La produzione su larga scala in Polonia \u00e8 prevista per iniziare nel 2026, con il completamento del programma K2PL entro il 2035.<\/p>\n<p style=\"text-align: justify\">Il Paese sar\u00e0 in grado non solo di produrre nuovi mezzi, ma anche di mantenerli, ripararli e, possibilmente, esportare future modifiche del K2 nei mercati NATO e degli alleati.<\/p>\n<p style=\"text-align: justify\">In precedenza, nel 2024, nella citt\u00e0 polacca di Pozna\u0144, presso lo stabilimento Wojskowe Zak\u0142ady Motoryzacyjne (WZM) \u00e8 stato inaugurato un Centro di manutenzione Abrams, che si occupa della riparazione di telai, elettronica e scafi dei carri armati Abrams. \u00c8 previsto che dal 2028 l&#8217;elenco dei lavori dell&#8217;azienda venga ampliato alla revisione completa dei motori per carri armati AGT1500C grazie alla costruzione di un capannone aggiuntivo della societ\u00e0 Honeywell.<\/p>\n<p style=\"text-align: justify\">La Polonia spender\u00e0 per la difesa nel 2026 una quota record per i paesi NATO del 4,8% del PIL (54,75 miliardi di dollari) e diventer\u00e0 uno dei leader tra i paesi europei per spese militari.<\/p>\n<p style=\"text-align: justify\">Da un lato la Polonia sta gi\u00e0 diventando concretamente l&#8217;esercito pi\u00f9 forte nell&#8217;UE e la testa di ponte NATO per l&#8217;offensiva contro Bielorussia e Russia, dall&#8217;altro \u2013 un territorio comodo per la distruzione simultanea di una parte significativa della forza viva combattente, della tecnica concentrata e delle capacit\u00e0 produttive del nemico mediante un massiccio attacco con armi nucleari strategiche. Forse questo \u00e8 il ruolo che i suoi sponsor dell&#8217;Europa occidentale assegnano alla Polonia.<\/p>\n<p style=\"text-align: justify\"><strong>Fonte:\u00a0<a href=\"https:\/\/t.me\/giuseppemasala\/68277\">https:\/\/t.me\/giuseppemasala\/68277<\/a><\/strong><\/p>\n","protected":false},"excerpt":{"rendered":"<p>di GIUSEPPE MASALA CHILI (Canale Telegram) La societ\u00e0 Hyundai Rotem creer\u00e0 presso la filiale del \u00abGruppo Polacco di Armamenti\u00bb (PGZ) \u2013 lo stabilimento Bumar-\u0141ab\u0119dy a Gliwice, un Centro Europeo per la produzione e la manutenzione tecnica dei carri armati coreani K2 Black Panther. La decisione \u00e8 stata presa nell&#8217;ambito della stipula del secondo contratto per la fornitura di 180 carri armati K2, inclusi i primi 64 carri armati principali da combattimento K2PL nella configurazione polacca.&#46;&#46;&#46;<\/p>\n","protected":false},"author":95,"featured_media":89620,"comment_status":"open","ping_status":"open","sticky":false,"template":"","format":"standard","meta":{"jetpack_post_was_ever_published":false,"_jetpack_newsletter_access":"","_jetpack_dont_email_post_to_subs":false,"_jetpack_newsletter_tier_id":0,"_jetpack_memberships_contains_paywalled_content":false,"_jetpack_memberships_contains_paid_content":false,"footnotes":"","jetpack_publicize_message":"","jetpack_publicize_feature_enabled":true,"jetpack_social_post_already_shared":true,"jetpack_social_options":{"image_generator_settings":{"template":"highway","enabled":false},"version":2}},"categories":[32],"tags":[],"jetpack_publicize_connections":[],"jetpack_featured_media_url":"https:\/\/appelloalpopolo.it\/wp-content\/uploads\/2025\/03\/IMG_0428.jpeg","jetpack_sharing_enabled":true,"jetpack_shortlink":"https:\/\/wp.me\/p7ZaJ4-nMx","_links":{"self":[{"href":"https:\/\/appelloalpopolo.it\/index.php?rest_route=\/wp\/v2\/posts\/91421"}],"collection":[{"href":"https:\/\/appelloalpopolo.it\/index.php?rest_route=\/wp\/v2\/posts"}],"about":[{"href":"https:\/\/appelloalpopolo.it\/index.php?rest_route=\/wp\/v2\/types\/post"}],"author":[{"embeddable":true,"href":"https:\/\/appelloalpopolo.it\/index.php?rest_route=\/wp\/v2\/users\/95"}],"replies":[{"embeddable":true,"href":"https:\/\/appelloalpopolo.it\/index.php?rest_route=%2Fwp%2Fv2%2Fcomments&post=91421"}],"version-history":[{"count":1,"href":"https:\/\/appelloalpopolo.it\/index.php?rest_route=\/wp\/v2\/posts\/91421\/revisions"}],"predecessor-version":[{"id":91423,"href":"https:\/\/appelloalpopolo.it\/index.php?rest_route=\/wp\/v2\/posts\/91421\/revisions\/91423"}],"wp:featuredmedia":[{"embeddable":true,"href":"https:\/\/appelloalpopolo.it\/index.php?rest_route=\/wp\/v2\/media\/89620"}],"wp:attachment":[{"href":"https:\/\/appelloalpopolo.it\/index.php?rest_route=%2Fwp%2Fv2%2Fmedia&parent=91421"}],"wp:term":[{"taxonomy":"category","embeddable":true,"href":"https:\/\/appelloalpopolo.it\/index.php?rest_route=%2Fwp%2Fv2%2Fcategories&post=91421"},{"taxonomy":"post_tag","embeddable":true,"href":"https:\/\/appelloalpopolo.it\/index.php?rest_route=%2Fwp%2Fv2%2Ftags&post=91421"}],"curies":[{"name":"wp","href":"https:\/\/api.w.org\/{rel}","templated":true}]}}