{"id":91463,"date":"2025-09-04T08:00:41","date_gmt":"2025-09-04T06:00:41","guid":{"rendered":"https:\/\/appelloalpopolo.it\/?p=91463"},"modified":"2025-09-03T23:06:56","modified_gmt":"2025-09-03T21:06:56","slug":"litigi-dossier-e-diserzioni-in-israele-ce-una-spaccatura-tra-esercito-e-netanyahu","status":"publish","type":"post","link":"https:\/\/appelloalpopolo.it\/?p=91463","title":{"rendered":"Litigi, dossier e diserzioni: in Israele c\u2019\u00e8 una spaccatura tra esercito e Netanyahu"},"content":{"rendered":"<p><strong>di L&#8217;INDIPENDENTE (Dario Lucisano)<\/strong><\/p>\n<p>La tensione tra il governo israeliano e il capo delle Forze di Difesa Israeliane Eyal Zamir \u00e8 sempre pi\u00f9 alta e sta finendo per erodere il gi\u00e0 precario rapporto tra Netanyahu e l\u2019esercito. Zamir, che si era gi\u00e0 opposto al piano di invasione di Gaza City, sta infatti premendo perch\u00e9 il governo accetti un\u00a0<strong>cessate il fuoco temporaneo<\/strong>\u00a0per fare respirare l\u2019esercito e recuperare gli ostaggi, ma le sue richieste non stanno venendo ascoltate. Il governo, anzi, ha deciso di proseguire con la mobilitazione dei\u00a0<strong>60mila riservisti chiamati a fine agosto<\/strong>, mentre l\u2019insofferenza dei soldati avanza, spingendo sempre pi\u00f9 militari a disertare. La perdita di presa sull\u2019esercito sta gradualmente portando la campagna genocidaria israeliana al collasso: l\u2019operazione\u00a0<strong>Carri di Gedeone \u00e8<\/strong>\u00a0\u00ab<strong>un fallimento<\/strong>\u00bb, e Israele \u00abha sbagliato tutto ci\u00f2 che poteva sbagliare\u00bb, recita infatti un dossier segreto delle IDF; Hamas, di contro, mostra di avere la capacit\u00e0 di rimanere solida nonostante le perdite, e\u00a0<strong>sta riuscendo a<\/strong>\u00a0\u00ab<strong>sopravvivere e vincere<\/strong>\u00bb.<\/p>\n<p>I segni di rottura tra Netanyahu e l\u2019esercito sono diversi. Luned\u00ec 1\u00b0 settembre, il quotidiano israeliano\u00a0<a href=\"https:\/\/www.ynetnews.com\/article\/rkqrcu7cel\" target=\"_blank\" rel=\"noopener\"><em>Ynet<\/em><\/a>\u00a0ha rilasciato delle indiscrezioni su un incontro del gabinetto di sicurezza, in cui\u00a0<strong>Zamir avrebbe proposto un piano alternativo<\/strong>\u00a0per la prosecuzione della campagna a Gaza. Zamir aveva gi\u00e0 contestato il\u00a0<a href=\"https:\/\/www.lindipendente.online\/2025\/08\/20\/israele-richiama-60-mila-riservisti-per-completare-loccupazione-di-gaza-city\/\" target=\"_blank\" rel=\"noopener\">piano di occupazione<\/a>\u00a0totale di Gaza City, sostenendo che fosse troppo rischioso per gli ostaggi e troppo sfiancante per l\u2019esercito. Ancora oggi, a due settimane dal suo lancio, continua a premere sul governo per abbandonare il piano e muovere piuttosto incursioni mirate sulle zone pi\u00f9 calde della Striscia. Zamir, inoltre, avrebbe avanzato un piano di cessate il fuoco di 60 giorni per fare rientrare gli ostaggi. L\u2019accordo in discussione, riportano i media israeliani,\u00a0<strong>prevedrebbe il rilascio di 10 ostaggi vivi<\/strong>\u00a0e dei corpi di altri 18, mentre intanto verrebbero portati avanti colloqui sulla fine della guerra e la liberazione degli ostaggi rimasti. Netanyahu avrebbe boicottato la proposta di Zamir,\u00a0<strong>non facendola nemmeno arrivare ai voti<\/strong>.<\/p>\n<p>Tra le scintille con il capo dell\u2019esercito, il governo insiste con il piano di occupazione di Gaza che prevedrebbe lo spostamento in massa dei palestinesi verso sud. Per portarlo avanti, ha mobilitato 60mila riservisti, che\u00a0<strong>stanno venendo schierati proprio in questi giorni<\/strong>. La maggior parte delle persone mobilitate, sostiene il quotidiano israeliano\u00a0<a href=\"https:\/\/www.haaretz.com\/israel-news\/2025-09-02\/ty-article\/.premium\/idf-will-have-to-fight-for-every-reservist-as-crisis-of-faith-with-israels-govt-deepens\/00000199-075f-d33d-a3bd-c77f5c230000\" target=\"_blank\" rel=\"noopener\"><em>Haaretz<\/em><\/a>, avrebbe gi\u00e0 prestato servizio per centinaia di giorni dall\u2019escalation del 7 ottobre, e sarebbe tenuta a garantire la propria presenza per altri tre mesi, con la possibilit\u00e0 di un\u2019estensione di un mese in base all\u2019evoluzione dei combattimenti nella Striscia. Tra le persone chiamate, continua il quotidiano, vige ormai un\u00a0<strong>generale sentimento di sconforto<\/strong>: in molti non si fiderebbero dei piani dichiarati del governo e altrettanti starebbero descrivendo tale rotazione come la pi\u00f9 dura degli ultimi due anni.\u00a0<a href=\"https:\/\/www.haaretz.com\/israel-news\/2025-09-02\/ty-article\/.premium\/hundreds-of-idf-reservists-oppose-gaza-city-takeover-say-they-wont-report-to-duty\/00000199-0b6b-d487-a3d9-af7fbe270000\" target=\"_blank\" rel=\"noopener\"><em>Haaretz<\/em><\/a>\u00a0riporta che circa 350 soldati avrebbero deciso di schierarsi apertamente contro la campagna a Gaza, disertando la chiamata, e che in generale il numero di volontari nelle IDF starebbe diminuendo, tanto che\u00a0<strong>l\u2019esercito starebbe occultando i numeri esatti<\/strong>\u00a0per manipolare i dati e minimizzare l\u2019impatto mediatico dell\u2019assenteismo.<\/p>\n<p>Di fronte a tale scenario di crisi, non stupisce il contenuto del rapporto segreto delle IDF, condiviso dall\u2019emittente israeliana\u00a0<a href=\"https:\/\/www.mako.co.il\/news-military\/2025_q3\/Article-e9369b423e00991026.htm\" target=\"_blank\" rel=\"noopener\"><em>Channel 12<\/em><\/a>. \u00ab<strong>Abbiamo fallito<\/strong>\u00bb, si legge nel dossier; \u00ab<strong>Israele ha fatto ogni possibile errore<\/strong>\u00a0conducendo una campagna contraria alla sua dottrina di guerra\u00bb. Il riferimento \u00e8 all\u2019operazione\u00a0<a href=\"https:\/\/www.lindipendente.online\/2025\/05\/17\/israele-lancia-la-nuova-operazione-gedeone-su-gaza-e-uccide-115-palestinesi-in-un-giorno\/\" target=\"_blank\" rel=\"noopener\">Carri di Gedeone<\/a>, lanciata lo scorso giugno, con la quale lo Stato ebraico intendeva distruggere completamente Hamas e fare rientrare gli ostaggi: eppure, \u00ab<strong>Hamas non \u00e8 stata sconfitta n\u00e9 militarmente n\u00e9 politicamente<\/strong>\u00a0e gli ostaggi non sono stati restituiti n\u00e9 con un accordo n\u00e9 con un\u2019operazione\u00bb. Tra i motivi del fallimento, si legge nel piano, la scarsa pianificazione dei combattimenti, l\u2019assenza di discussioni per raggiungere un accordo, la gestione degli aiuti umanitari. Sul campo, le IDF sostengono di avere agito senza un chiaro cronoprogramma, basando le proprie azioni su vantaggi immediati piuttosto che inserendole in una visione a lungo termine; non hanno pianificato attacchi mirati, hanno invaso aree gi\u00e0 attaccate in passato, non sono state capaci di gestire le proprie risorse e sono state\u00a0<strong>sopraffatte troppe volte dalle firme di resistenza<\/strong>. Hamas, di contro, \u00abpresenta tutte le condizioni per sopravvivere e vincere: risorse, una dimensione sicura, e un metodo di combattimento adeguato\u00bb.<\/p>\n<p>Dopo la pubblicazione del documento, le IDF hanno commentato che \u00ab<strong>questi contenuti sono stati distribuiti senza autorizzazione<\/strong>\u00a0e senza l\u2019approvazione delle parti interessate\u00bb, difendendo i risultati raggiunti, e confermando indirettamente la paternit\u00e0 dei fogli. Nonostante quanto dicano le IDF, il dossier parla chiaro: lo stesso esercito israeliano\u00a0<strong>\u00e8 conscio del fatto che la campagna militare a Gaza non sta andando come sperato<\/strong>; su stessa ammissione delle IDF, l\u2019obiettivo di distruggere completamente Hamas appare ancora oggi inverosimile, mentre Israele ha perso completamente credibilit\u00e0 davanti alla comunit\u00e0 internazionale.<\/p>\n<p><strong>FONTE:\u00a0<a href=\"https:\/\/www.lindipendente.online\/2025\/09\/03\/litigi-dossier-e-diserzioni-in-israele-ce-una-spaccatura-tra-esercito-e-netanyahu\">https:\/\/www.lindipendente.online\/2025\/09\/03\/litigi-dossier-e-diserzioni-in-israele-ce-una-spaccatura-tra-esercito-e-netanyahu<\/a><\/strong><\/p>\n","protected":false},"excerpt":{"rendered":"<p>di L&#8217;INDIPENDENTE (Dario Lucisano) La tensione tra il governo israeliano e il capo delle Forze di Difesa Israeliane Eyal Zamir \u00e8 sempre pi\u00f9 alta e sta finendo per erodere il gi\u00e0 precario rapporto tra Netanyahu e l\u2019esercito. Zamir, che si era gi\u00e0 opposto al piano di invasione di Gaza City, sta infatti premendo perch\u00e9 il governo accetti un\u00a0cessate il fuoco temporaneo\u00a0per fare respirare l\u2019esercito e recuperare gli ostaggi, ma le sue richieste non stanno venendo&#46;&#46;&#46;<\/p>\n","protected":false},"author":112,"featured_media":84764,"comment_status":"open","ping_status":"open","sticky":false,"template":"","format":"standard","meta":{"jetpack_post_was_ever_published":false,"_jetpack_newsletter_access":"","_jetpack_dont_email_post_to_subs":false,"_jetpack_newsletter_tier_id":0,"_jetpack_memberships_contains_paywalled_content":false,"_jetpack_memberships_contains_paid_content":false,"footnotes":"","jetpack_publicize_message":"","jetpack_publicize_feature_enabled":true,"jetpack_social_post_already_shared":true,"jetpack_social_options":{"image_generator_settings":{"template":"highway","enabled":false},"version":2}},"categories":[32],"tags":[],"jetpack_publicize_connections":[],"jetpack_featured_media_url":"https:\/\/appelloalpopolo.it\/wp-content\/uploads\/2024\/04\/LIndipendente.online.jpg","jetpack_sharing_enabled":true,"jetpack_shortlink":"https:\/\/wp.me\/p7ZaJ4-nNd","_links":{"self":[{"href":"https:\/\/appelloalpopolo.it\/index.php?rest_route=\/wp\/v2\/posts\/91463"}],"collection":[{"href":"https:\/\/appelloalpopolo.it\/index.php?rest_route=\/wp\/v2\/posts"}],"about":[{"href":"https:\/\/appelloalpopolo.it\/index.php?rest_route=\/wp\/v2\/types\/post"}],"author":[{"embeddable":true,"href":"https:\/\/appelloalpopolo.it\/index.php?rest_route=\/wp\/v2\/users\/112"}],"replies":[{"embeddable":true,"href":"https:\/\/appelloalpopolo.it\/index.php?rest_route=%2Fwp%2Fv2%2Fcomments&post=91463"}],"version-history":[{"count":2,"href":"https:\/\/appelloalpopolo.it\/index.php?rest_route=\/wp\/v2\/posts\/91463\/revisions"}],"predecessor-version":[{"id":91472,"href":"https:\/\/appelloalpopolo.it\/index.php?rest_route=\/wp\/v2\/posts\/91463\/revisions\/91472"}],"wp:featuredmedia":[{"embeddable":true,"href":"https:\/\/appelloalpopolo.it\/index.php?rest_route=\/wp\/v2\/media\/84764"}],"wp:attachment":[{"href":"https:\/\/appelloalpopolo.it\/index.php?rest_route=%2Fwp%2Fv2%2Fmedia&parent=91463"}],"wp:term":[{"taxonomy":"category","embeddable":true,"href":"https:\/\/appelloalpopolo.it\/index.php?rest_route=%2Fwp%2Fv2%2Fcategories&post=91463"},{"taxonomy":"post_tag","embeddable":true,"href":"https:\/\/appelloalpopolo.it\/index.php?rest_route=%2Fwp%2Fv2%2Ftags&post=91463"}],"curies":[{"name":"wp","href":"https:\/\/api.w.org\/{rel}","templated":true}]}}