{"id":91473,"date":"2025-09-04T13:38:23","date_gmt":"2025-09-04T11:38:23","guid":{"rendered":"https:\/\/appelloalpopolo.it\/?p=91473"},"modified":"2025-09-04T13:38:23","modified_gmt":"2025-09-04T11:38:23","slug":"la-questione-cipriota-si-scalda","status":"publish","type":"post","link":"https:\/\/appelloalpopolo.it\/?p=91473","title":{"rendered":"La questione cipriota si scalda"},"content":{"rendered":"<p style=\"text-align: justify\"><strong>di GABRIELE GERMANI (Canale Telegram)<\/strong><\/p>\n<p style=\"text-align: justify\">La questione cipriota si scalda, tanto nella politica, quanto nell&#8217;opinione pubblica locale.<\/p>\n<p style=\"text-align: justify\">L&#8217;isola gi\u00e0 divisa in due dal 1974, quando la Turchia prese la parte settentrionale &#8211; riconoscendo la nascita della Repubblica Turca di Cipro del Nord dal 1983 &#8211; \u00e8 teatro di acquisti massicci di propriet\u00e0 in zone strategiche da parte della comunit\u00e0 israeliana.<\/p>\n<p style=\"text-align: justify\">Sorgono cos\u00ec quartieri iper-securitari, blindati, con telecamere, alti muri e filo spinato, comunit\u00e0 proiettate al proprio interno e fondate su base etnico-religiosa.<\/p>\n<p style=\"text-align: justify\">Se questo fosse avvenuto in modo sporadico nel corso degli anni non avrebbe allarmato i ciprioti.<\/p>\n<p style=\"text-align: justify\">Invece ci sono alcuni elementi che vanno approfonditi:<\/p>\n<p style=\"text-align: justify\">&#8211; Dopo il 7 ottobre e in concomitanza della guerra dei 12 giorni con l&#8217;Iran, il fenomeno si \u00e8 rafforzato;<\/p>\n<p style=\"text-align: justify\">&#8211; Il precedente palestinese: sul continente le vicende odierne iniziarono decenni or sono in modo simile;<\/p>\n<p style=\"text-align: justify\">&#8211; Gli acquisti si sono concentrati in aree sensibili per l&#8217;isola: la fascia verde di confine tra area greca e turca e le basi militari del Regno Unito (che Hezbollah all&#8217;inizio dell&#8217;ultima operazione libanese, minacci\u00f2 per via del supporto che fornivano all&#8217;aviazione israeliana nei bombardamenti).<\/p>\n<p style=\"text-align: justify\">A questo si aggiungono le dichiarazioni della stampa israeliana che parlano di Cipro come area di interesse strategico e di necessit\u00e0 di bonificare la zona turca.<\/p>\n<p style=\"text-align: justify\">Ad essersi allarmati sono anche i greco-ciprioti, anche il partito AKEL della sinistra, non qualche anti-semita (che va ovviamente SEMPRE condannato).<\/p>\n<p style=\"text-align: justify\">Ma cosa offre Cipro ad Israele? Perch\u00e9 tanto interesse?<\/p>\n<p style=\"text-align: justify\">A) Cipro offre supporto militare e logistico nei conflitti.<\/p>\n<p style=\"text-align: justify\">B) Cipro \u00e8 un ponte geografico e infrastrutturale (cavi sottomarini) e quindi Via del Cotone\/IMEC verso l&#8217;Europa.<\/p>\n<p style=\"text-align: justify\">C) Cipro \u00e8 nel mezzo del confine che Grecia e Israele hanno delimitato in accordo tagliando fuori la Turchia dall&#8217;alto mare; decisione che la Turchia ha contestato in un accordo di confini marittimi con la Libia.<\/p>\n<p style=\"text-align: justify\">D) Cipro, insieme alla Siria e in misura minore al Libano e alla Palestina, \u00e8 parte di quella Guerra Fredda regionale che Tel Aviv e Ankara si stanno giocando attraverso proxy locali.<\/p>\n<p style=\"text-align: justify\">Considerazioni sparse, cos\u00ec da evitare che i commenti degenerino:<\/p>\n<p style=\"text-align: justify\">1- Il fatto che siano ebrei non c&#8217;entra nulla; il problema non \u00e8 la religione o etnia, ma il sionismo come progetto di colonialismo insediativo e come appendice dell&#8217;imperialismo occidentale in Medo Oriente.<\/p>\n<p style=\"text-align: justify\">2- Il colonialismo sta subendo una serie di pesanti battute di arresto da decenni in tutto il mondo, \u00e8 interessante notare come questa area (la Terrasanta) che attraverso le Crociate \u00e8 stato il primo banco di prova del colonialismo, \u00e8 ora la pi\u00f9 tenace;<\/p>\n<p style=\"text-align: justify\">3- Certo, Erdogan non \u00e8 una brava persona e la Turchia \u00e8 nella NATO, ma multipolarismo vuol dire proprio questo: geografie variabili per cui due attori generalmente filo-occidentali seguono una politica propria, che nel locale pu\u00f2 anche portarli al conflitto e il declino del potere USA \u00e8 tale da non riuscire pi\u00f9 a mediare in modo efficace (in Siria, i proxy turchi e israeliani si sparano al netto delle trattative).<\/p>\n<p style=\"text-align: justify\">Nei commenti un po&#8217; di link al canale Youtube (dove ne parlo nell&#8217;ultimo video) o a Instagram dove trovate un po&#8217; di materiale sparso sul tema.<\/p>\n<p style=\"text-align: justify\"><strong>Fonte:\u00a0<a href=\"https:\/\/t.me\/gabgerm\/2988\">https:\/\/t.me\/gabgerm\/2988<\/a><\/strong><\/p>\n","protected":false},"excerpt":{"rendered":"<p>di GABRIELE GERMANI (Canale Telegram) La questione cipriota si scalda, tanto nella politica, quanto nell&#8217;opinione pubblica locale. L&#8217;isola gi\u00e0 divisa in due dal 1974, quando la Turchia prese la parte settentrionale &#8211; riconoscendo la nascita della Repubblica Turca di Cipro del Nord dal 1983 &#8211; \u00e8 teatro di acquisti massicci di propriet\u00e0 in zone strategiche da parte della comunit\u00e0 israeliana. Sorgono cos\u00ec quartieri iper-securitari, blindati, con telecamere, alti muri e filo spinato, comunit\u00e0 proiettate al&#46;&#46;&#46;<\/p>\n","protected":false},"author":95,"featured_media":84606,"comment_status":"open","ping_status":"open","sticky":false,"template":"","format":"standard","meta":{"jetpack_post_was_ever_published":false,"_jetpack_newsletter_access":"","_jetpack_dont_email_post_to_subs":false,"_jetpack_newsletter_tier_id":0,"_jetpack_memberships_contains_paywalled_content":false,"_jetpack_memberships_contains_paid_content":false,"footnotes":"","jetpack_publicize_message":"","jetpack_publicize_feature_enabled":true,"jetpack_social_post_already_shared":true,"jetpack_social_options":{"image_generator_settings":{"template":"highway","enabled":false},"version":2}},"categories":[32],"tags":[],"jetpack_publicize_connections":[],"jetpack_featured_media_url":"https:\/\/appelloalpopolo.it\/wp-content\/uploads\/2024\/03\/Gabriele-Germani.jpg","jetpack_sharing_enabled":true,"jetpack_shortlink":"https:\/\/wp.me\/p7ZaJ4-nNn","_links":{"self":[{"href":"https:\/\/appelloalpopolo.it\/index.php?rest_route=\/wp\/v2\/posts\/91473"}],"collection":[{"href":"https:\/\/appelloalpopolo.it\/index.php?rest_route=\/wp\/v2\/posts"}],"about":[{"href":"https:\/\/appelloalpopolo.it\/index.php?rest_route=\/wp\/v2\/types\/post"}],"author":[{"embeddable":true,"href":"https:\/\/appelloalpopolo.it\/index.php?rest_route=\/wp\/v2\/users\/95"}],"replies":[{"embeddable":true,"href":"https:\/\/appelloalpopolo.it\/index.php?rest_route=%2Fwp%2Fv2%2Fcomments&post=91473"}],"version-history":[{"count":1,"href":"https:\/\/appelloalpopolo.it\/index.php?rest_route=\/wp\/v2\/posts\/91473\/revisions"}],"predecessor-version":[{"id":91474,"href":"https:\/\/appelloalpopolo.it\/index.php?rest_route=\/wp\/v2\/posts\/91473\/revisions\/91474"}],"wp:featuredmedia":[{"embeddable":true,"href":"https:\/\/appelloalpopolo.it\/index.php?rest_route=\/wp\/v2\/media\/84606"}],"wp:attachment":[{"href":"https:\/\/appelloalpopolo.it\/index.php?rest_route=%2Fwp%2Fv2%2Fmedia&parent=91473"}],"wp:term":[{"taxonomy":"category","embeddable":true,"href":"https:\/\/appelloalpopolo.it\/index.php?rest_route=%2Fwp%2Fv2%2Fcategories&post=91473"},{"taxonomy":"post_tag","embeddable":true,"href":"https:\/\/appelloalpopolo.it\/index.php?rest_route=%2Fwp%2Fv2%2Ftags&post=91473"}],"curies":[{"name":"wp","href":"https:\/\/api.w.org\/{rel}","templated":true}]}}