{"id":91493,"date":"2025-09-08T09:30:40","date_gmt":"2025-09-08T07:30:40","guid":{"rendered":"https:\/\/appelloalpopolo.it\/?p=91493"},"modified":"2025-09-06T14:39:05","modified_gmt":"2025-09-06T12:39:05","slug":"i-rabbiosi-reazionari-travestiti-da-renzi-e-calenda","status":"publish","type":"post","link":"https:\/\/appelloalpopolo.it\/?p=91493","title":{"rendered":"I rabbiosi reazionari travestiti da Renzi e Calenda"},"content":{"rendered":"<p style=\"text-align: justify\"><strong>di FERDINANDO PASTORE (Pagina FB)<\/strong><\/p>\n<p style=\"text-align: justify\">S\u00ec, Massimo D&#8217;Alema si \u00e8 reso responsabile di abominevoli oltraggi alla cultura socialista del nostro paese. Ha incoraggiato e perseguito l&#8217;idea dell&#8217;alternanza maggioritaria e dell&#8217;affidabilit\u00e0 della sinistra perch\u00e9 venisse percepita come elemento cardine della governabilit\u00e0 finanziaria, ha poi accettato, senza colpo ferire, lo scandaloso e criminale attacco alla Jugoslavia ad opera della Nato in spregio del diritto internazionale da Presidente del consiglio. E mi fermo qui, perch\u00e9 mi sembra sufficiente.<\/p>\n<p style=\"text-align: justify\">Ma nessuno pu\u00f2 negare che trattasi di persona di acume notevole. Non sorprende, dunque, che negli anni abbia costruito un ponte personale di rapporti con la Cina, comprendendo che se mai ci sar\u00e0 un futuro di equilibrio e di pace avverr\u00e0 solo grazie alla visione del Pcc e di Xi Jinping.<\/p>\n<p style=\"text-align: justify\">Ci\u00f2 che diverte, per\u00f2, \u00e8 vedere la reazione rabbiosa di questi fascistelli caricaturali travestiti da manager, di questi reazionari dal tono affaccendato perch\u00e9 impegnati in meeting sempre definitivi, che, in realt\u00e0, sognano ancora doppiopetti e Giornale d&#8217;Italia sottobraccio per sfoderare il loro atavico, bottegaio e inconsulto anticomunismo, ormai arruolati nelle truppe scalcagnate di Renzi e Calenda, di fronte alle immagini di D&#8217;Alema in Cina.<\/p>\n<p style=\"text-align: justify\">Luogo nel quale si \u00e8 celebrato l&#8217;80\u00b0 anniversario dalla fine della Seconda guerra mondiale; evento che l&#8217;Occidente vorrebbe dimenticare perch\u00e9 l&#8217;equilibrio nato a seguito della sconfitta del nazi-fascismo sia cancellato per sempre. Quell&#8217;equilibrio che legittimava l&#8217;Onu e la presenza di paesi e partiti socialisti e comunisti che ancora rappresentavano una speranza di salvezza e di giustizia per l&#8217;umanit\u00e0 intera. Proprio come Renzi e Calenda s&#8217;intende.<\/p>\n<p style=\"text-align: justify\"><strong>Fonte:\u00a0<a href=\"https:\/\/www.facebook.com\/share\/p\/19kNZWoJFP\/\">https:\/\/www.facebook.com\/share\/p\/19kNZWoJFP\/<\/a><\/strong><\/p>\n","protected":false},"excerpt":{"rendered":"<p>di FERDINANDO PASTORE (Pagina FB) S\u00ec, Massimo D&#8217;Alema si \u00e8 reso responsabile di abominevoli oltraggi alla cultura socialista del nostro paese. Ha incoraggiato e perseguito l&#8217;idea dell&#8217;alternanza maggioritaria e dell&#8217;affidabilit\u00e0 della sinistra perch\u00e9 venisse percepita come elemento cardine della governabilit\u00e0 finanziaria, ha poi accettato, senza colpo ferire, lo scandaloso e criminale attacco alla Jugoslavia ad opera della Nato in spregio del diritto internazionale da Presidente del consiglio. E mi fermo qui, perch\u00e9 mi sembra sufficiente.&#46;&#46;&#46;<\/p>\n","protected":false},"author":95,"featured_media":89105,"comment_status":"open","ping_status":"open","sticky":false,"template":"","format":"standard","meta":{"jetpack_post_was_ever_published":false,"_jetpack_newsletter_access":"","_jetpack_dont_email_post_to_subs":false,"_jetpack_newsletter_tier_id":0,"_jetpack_memberships_contains_paywalled_content":false,"_jetpack_memberships_contains_paid_content":false,"footnotes":"","jetpack_publicize_message":"","jetpack_publicize_feature_enabled":true,"jetpack_social_post_already_shared":true,"jetpack_social_options":{"image_generator_settings":{"template":"highway","enabled":false},"version":2}},"categories":[32],"tags":[],"jetpack_publicize_connections":[],"jetpack_featured_media_url":"https:\/\/appelloalpopolo.it\/wp-content\/uploads\/2025\/02\/Ferdinando-Pastore.jpg","jetpack_sharing_enabled":true,"jetpack_shortlink":"https:\/\/wp.me\/p7ZaJ4-nNH","_links":{"self":[{"href":"https:\/\/appelloalpopolo.it\/index.php?rest_route=\/wp\/v2\/posts\/91493"}],"collection":[{"href":"https:\/\/appelloalpopolo.it\/index.php?rest_route=\/wp\/v2\/posts"}],"about":[{"href":"https:\/\/appelloalpopolo.it\/index.php?rest_route=\/wp\/v2\/types\/post"}],"author":[{"embeddable":true,"href":"https:\/\/appelloalpopolo.it\/index.php?rest_route=\/wp\/v2\/users\/95"}],"replies":[{"embeddable":true,"href":"https:\/\/appelloalpopolo.it\/index.php?rest_route=%2Fwp%2Fv2%2Fcomments&post=91493"}],"version-history":[{"count":1,"href":"https:\/\/appelloalpopolo.it\/index.php?rest_route=\/wp\/v2\/posts\/91493\/revisions"}],"predecessor-version":[{"id":91494,"href":"https:\/\/appelloalpopolo.it\/index.php?rest_route=\/wp\/v2\/posts\/91493\/revisions\/91494"}],"wp:featuredmedia":[{"embeddable":true,"href":"https:\/\/appelloalpopolo.it\/index.php?rest_route=\/wp\/v2\/media\/89105"}],"wp:attachment":[{"href":"https:\/\/appelloalpopolo.it\/index.php?rest_route=%2Fwp%2Fv2%2Fmedia&parent=91493"}],"wp:term":[{"taxonomy":"category","embeddable":true,"href":"https:\/\/appelloalpopolo.it\/index.php?rest_route=%2Fwp%2Fv2%2Fcategories&post=91493"},{"taxonomy":"post_tag","embeddable":true,"href":"https:\/\/appelloalpopolo.it\/index.php?rest_route=%2Fwp%2Fv2%2Ftags&post=91493"}],"curies":[{"name":"wp","href":"https:\/\/api.w.org\/{rel}","templated":true}]}}