{"id":91510,"date":"2025-09-09T08:30:59","date_gmt":"2025-09-09T06:30:59","guid":{"rendered":"https:\/\/appelloalpopolo.it\/?p=91510"},"modified":"2025-09-07T16:09:27","modified_gmt":"2025-09-07T14:09:27","slug":"scandalo-corruzione-per-milei-a-ridosso-delle-elezioni-in-argentina-coinvolti-la-sorella-e-lentourage-del-presidente","status":"publish","type":"post","link":"https:\/\/appelloalpopolo.it\/?p=91510","title":{"rendered":"Scandalo corruzione per Milei a ridosso delle elezioni in Argentina: coinvolti la sorella e l\u2019entourage del presidente"},"content":{"rendered":"<p><strong>di ILFATTOQUOTIDIANO (Marta Facchini)<\/strong><\/p>\n<p>&nbsp;<\/p>\n<header class=\"ifq-post__header\">\n<div class=\"ifq-post__excerpt\">Domenica 7 settembre si tengono le elezioni nella provincia di Buenos Aires, storico bastione dell&#8217;opposizione progressista della sinistra dove vota il 37% degli argentini. Al momento i sondaggi danno la parit\u00e0 tra fronte peronista e governativo, ma i recenti episodi che hanno messo in crisi l&#8217;esecutivo possono pesare<\/div>\n<div><\/div>\n<\/header>\n<div class=\"ifq-post__thumbnail\"><img loading=\"lazy\" decoding=\"async\" class=\"attachment-ifq-big size-ifq-big wp-post-image\" src=\"https:\/\/st.ilfattoquotidiano.it\/wp-content\/uploads\/2025\/09\/04\/milei-1200-690x362.jpg\" alt=\"Scandalo corruzione per Milei a ridosso delle elezioni in Argentina: coinvolti la sorella e l\u2019entourage del presidente\" width=\"690\" height=\"362\" \/><\/div>\n<div class=\"ifq-divider ifq-divider--horizontal ifq-divider--light \"><\/div>\n<div class=\"ifq-post__content\" data-flx-handled=\"true\">\n<p>Il governo del presidente\u00a0<strong>Javier Milei<\/strong>\u00a0sta attraversando una delle crisi pi\u00f9 gravi dall\u2019inizio del mandato. Un presunto caso di\u00a0<strong>corruzione<\/strong>\u00a0coinvolgerebbe alcuni suoi stretti collaboratori tra cui la sorella\u00a0<strong>Karina<\/strong>, segretaria generale della\u00a0<strong>presidenza<\/strong>\u00a0<em>(nella foto insieme al fratello)<\/em>\u00a0e tra le figure pi\u00f9 influenti del suo\u00a0<strong>entourage.<\/strong>\u00a0Lo scandalo \u00e8 scoppiato dopo la diffusione di\u00a0<strong>registrazioni<\/strong>\u00a0in cui si parla di un sistema di\u00a0<strong>tangenti<\/strong>\u00a0per la concessione di appalti statali. La vicenda sta minando l\u2019immagine di Milei, che si \u00e8 sempre presentato come un outsider deciso a combattere la \u201ccasta\u201d accusata di corruzione e inefficienza. L\u2019episodio avviene a ridosso delle elezioni nella provincia di\u00a0<strong>Buenos Aires<\/strong>\u00a0e delle legislative per il rinnovo del\u00a0<strong>Congresso<\/strong>, che si terranno a fine ottobre. In due diversi momenti della campagna elettorale, nella citt\u00e0 di\u00a0<strong>Lomas de Zamora<\/strong>\u00a0e\u00a0<strong>Mar del Plata<\/strong>, Milei e la sorella Karina sono stati contestati da manifestanti che hanno lanciato pietre,\u00a0<strong>bottiglie<\/strong>\u00a0e altri oggetti costringendoli ad abbandonare la scena.<\/p>\n<div id=\"div-flx-intext-container-0\">\n<div id=\"inRead\"><\/div>\n<\/div>\n<p>Alla fine di agosto sono stati pubblicati diversi audio in cui si ascolta la voce di\u00a0<strong>Diego Spagnuolo<\/strong>, in quel momento direttore dell\u2019<strong>Agencia Nacional de Discapacidad<\/strong>\u00a0(Andis), mentre sostiene che aziende farmaceutiche pagherebbero somme extra per aggiudicarsi gli appalti con\u00a0<strong>Andis<\/strong>. Questo ente pubblico si occupa di implementare politiche di inclusione per persone con disabilit\u00e0, oltre a gestire le pensioni di invalidit\u00e0 e i piani sanitari come la distribuzione di\u00a0<strong>farmaci gratuiti.<\/strong>\u00a0Secondo\u00a0<strong>Spagnuolo<\/strong>, amico di Milei e suo ex avvocato, circa il 3% delle somme ottenute in modo illecito finirebbe nelle mani di Karina. Inoltre negli audio Spagnuolo, poi licenziato, afferma di avere avvisato il presidente di quanto sta accadendo e di averlo messo al corrente delle responsabilit\u00e0 della sorella. In un primo momento\u00a0<strong>Milei<\/strong>\u00a0si \u00e8 astenuto dal commentare, per poi affermare che si tratta di \u201cun\u00a0<strong>attacco politico<\/strong>\u00a0orchestrato per indebolire il\u00a0<strong>governo<\/strong>\u201c. Non \u00e8 l\u2019unico caso di\u00a0<strong>corruzione<\/strong>\u00a0che coinvolge l\u2019esecutivo. Lo scorso febbraio tramite il suo account personale su X,\u00a0<strong>Milei<\/strong>\u00a0aveva pubblicizzato la criptovaluta $Libra come uno strumento creato per finanziare le imprese argentine. Il valore del\u00a0<em>token<\/em>\u00a0era cresciuto in pochi minuti, aveva raggiunto il suo picco in due ore per poi crollare rapidamente. Le vittime della\u00a0<strong>truffa,<\/strong>\u00a0che ha causato perdite milionarie, hanno sporto denuncia in\u00a0<strong>Argentina,<\/strong>\u00a0Spagna e\u00a0<strong>Stati Uniti.<\/strong>\u00a0Dalle indagini, che sono in corso e coinvolgono anche il presidente, \u00e8 emerso che l\u2019ideatore della criptovaluta,\u00a0<strong>Hayden Davis<\/strong>, aveva avuto accesso alla\u00a0<strong>Casa Rosada<\/strong>\u00a0proprio grazie all\u2019autorizzazione di Karina.<\/p>\n<p>&nbsp;<\/p>\n<p>Alcuni\u00a0<strong>analisti<\/strong>\u00a0sostengono che gli scandali, su cui stanno indagando i pubblici ministeri e che riempiono le prime pagine dei giornali argentini, costituirebbero una minaccia per\u00a0<strong>Milei<\/strong>\u00a0in vista degli appuntamenti elettorali, considerati un test per la sua\u00a0<strong>popolarit\u00e0<\/strong>\u00a0e le sue politiche economiche. Domenica 7 settembre si tengono le elezioni nella provincia di\u00a0<strong>Buenos Aires<\/strong>, storico bastione dell\u2019opposizione progressista della sinistra dove vota il 37% degli\u00a0<strong>argentini<\/strong>, e in cui si profila una sfida molto ravvicinata tra la coalizione peronista\u00a0<strong>Fuerza Patria<\/strong>\u00a0e\u00a0<strong>La Libertad Avanza<\/strong>. Se al momento i\u00a0<strong>sondaggi<\/strong>\u00a0parlano di una situazione di parit\u00e0, i recenti episodi potrebbero avere un peso sui risultati perch\u00e9 rappresentano un metodo di corruzione \u201cvecchio stile\u201d, proprio quella che il\u00a0<em>le\u00f3n<\/em>\u00a0\u2013 come si fa chiamare dai suoi\u00a0<strong>sostenitori\u00a0<\/strong>\u2013 aveva dichiarato di volere abbattere. Ad avere reagito sono stati i\u00a0<strong>mercati<\/strong>: la\u00a0<strong>Banca Centrale della Repubblica Argentina<\/strong>\u00a0\u00e8 intervenuta direttamente per frenare la svalutazione del peso tra i timori degli investitori finanziari che\u00a0<strong>Milei<\/strong>\u00a0subisca una sconfitta.<\/p>\n<div id=\"div-flx-intext-container-2\"><\/div>\n<p>A complicare il quadro \u00e8 la debolezza del presidente al\u00a0<strong>Congresso<\/strong>, dove non raggiunge la maggioranza e ha gi\u00e0 incassato diverse sconfitte. La Libertad Avanza sta mostrando segnali di frattura, in particolare nella sua rappresentanza alla Camera dei Deputati: \u00e8 attraversato da tensioni interne e ha deteriorato il rapporto con alleati come<strong>\u00a0Propuesta Republicana<\/strong>\u00a0di\u00a0<strong>Mauricio Macri<\/strong>. Ad agosto sono stati abrogati cinque decreti presidenziali che avrebbero smantellato istituzioni pubbliche come il\u00a0<strong>Banco Nacional de Datos Gen\u00e9ticos<\/strong>, l\u2019ente che collabora con le\u00a0<strong>Abuelas de Plaza de Mayo<\/strong>\u00a0per ritrovare i bambini sottratti alle famiglie biologiche durante l\u2019ultima dittatura militare. Il\u00a0<strong>Senato<\/strong>\u00a0ha approvato una legge sul finanziamento universitario, che ripristina gli stipendi e i bilanci degli atenei, e ha dichiarato lo stato di emergenza per il sistema sanitario pediatrico stanziando maggiori risorse. La\u00a0<strong>Camera dei deputati<\/strong>\u00a0ha inoltre respinto il veto che\u00a0<strong>Milei<\/strong>\u00a0aveva posto sulla Ley de Emergencia en Discapacidad: la legge ha l\u2019obiettivo di garantire la continuit\u00e0 e la qualit\u00e0 dei servizi essenziali destinati alle persone con disabilit\u00e0, rafforzando programmi sociosanitari ed educativi e garantendo facilitazioni fiscali. Milei si era opposto, sostenendo che avrebbe compromesso il raggiungimento del suo obiettivo di pareggio di bilancio. In due anni di governo, il presidente ha smantellato lo\u00a0<strong>Stato sociale<\/strong>\u00a0e ha eliminato i\u00a0<strong>programmi di sostegno<\/strong>\u00a0alle persone pi\u00f9 vulnerabili. Se questo ha permesso di ridurre l\u2019inflazione mensile, che \u00e8 stata pari all\u20191,9% a luglio, ha avuto impatti notevoli sulla\u00a0<strong>popolazione<\/strong>\u00a0e sulla realt\u00e0 quotidiana: i\u00a0<strong>salari<\/strong>\u00a0<strong>reali<\/strong>\u00a0stagnanti o in calo, le\u00a0<strong>condizioni di lavoro precarie<\/strong>\u00a0e l\u2019aumento del costo della vita hanno eroso il potere d\u2019acquisto e alimentato proteste in particolare tra\u00a0<strong>pensionati<\/strong>, insegnanti e\u00a0<strong>dipendenti<\/strong>\u00a0<strong>statali<\/strong>\u00a0che sono tra le principali\u00a0<strong>categorie<\/strong>\u00a0che oggi contrastano il governo.<\/p>\n<\/div>\n<p>&nbsp;<\/p>\n<p><strong>FONTE:<\/strong>\u00a0<a href=\"https:\/\/www.ilfattoquotidiano.it\/2025\/09\/07\/corruzione-argentina-milei-karina-tangenti-notizie\/8115432\/\">https:\/\/www.ilfattoquotidiano.it\/2025\/09\/07\/corruzione-argentina-milei-karina-tangenti-notizie\/8115432\/<\/a><\/p>\n","protected":false},"excerpt":{"rendered":"<p>di ILFATTOQUOTIDIANO (Marta Facchini) &nbsp; Domenica 7 settembre si tengono le elezioni nella provincia di Buenos Aires, storico bastione dell&#8217;opposizione progressista della sinistra dove vota il 37% degli argentini. Al momento i sondaggi danno la parit\u00e0 tra fronte peronista e governativo, ma i recenti episodi che hanno messo in crisi l&#8217;esecutivo possono pesare Il governo del presidente\u00a0Javier Milei\u00a0sta attraversando una delle crisi pi\u00f9 gravi dall\u2019inizio del mandato. Un presunto caso di\u00a0corruzione\u00a0coinvolgerebbe alcuni suoi stretti collaboratori&#46;&#46;&#46;<\/p>\n","protected":false},"author":99,"featured_media":89998,"comment_status":"open","ping_status":"open","sticky":false,"template":"","format":"standard","meta":{"jetpack_post_was_ever_published":false,"_jetpack_newsletter_access":"","_jetpack_dont_email_post_to_subs":false,"_jetpack_newsletter_tier_id":0,"_jetpack_memberships_contains_paywalled_content":false,"_jetpack_memberships_contains_paid_content":false,"footnotes":"","jetpack_publicize_message":"","jetpack_publicize_feature_enabled":true,"jetpack_social_post_already_shared":true,"jetpack_social_options":{"image_generator_settings":{"template":"highway","enabled":false},"version":2}},"categories":[32],"tags":[],"jetpack_publicize_connections":[],"jetpack_featured_media_url":"https:\/\/appelloalpopolo.it\/wp-content\/uploads\/2025\/05\/IMG_0517.jpeg","jetpack_sharing_enabled":true,"jetpack_shortlink":"https:\/\/wp.me\/p7ZaJ4-nNY","_links":{"self":[{"href":"https:\/\/appelloalpopolo.it\/index.php?rest_route=\/wp\/v2\/posts\/91510"}],"collection":[{"href":"https:\/\/appelloalpopolo.it\/index.php?rest_route=\/wp\/v2\/posts"}],"about":[{"href":"https:\/\/appelloalpopolo.it\/index.php?rest_route=\/wp\/v2\/types\/post"}],"author":[{"embeddable":true,"href":"https:\/\/appelloalpopolo.it\/index.php?rest_route=\/wp\/v2\/users\/99"}],"replies":[{"embeddable":true,"href":"https:\/\/appelloalpopolo.it\/index.php?rest_route=%2Fwp%2Fv2%2Fcomments&post=91510"}],"version-history":[{"count":1,"href":"https:\/\/appelloalpopolo.it\/index.php?rest_route=\/wp\/v2\/posts\/91510\/revisions"}],"predecessor-version":[{"id":91511,"href":"https:\/\/appelloalpopolo.it\/index.php?rest_route=\/wp\/v2\/posts\/91510\/revisions\/91511"}],"wp:featuredmedia":[{"embeddable":true,"href":"https:\/\/appelloalpopolo.it\/index.php?rest_route=\/wp\/v2\/media\/89998"}],"wp:attachment":[{"href":"https:\/\/appelloalpopolo.it\/index.php?rest_route=%2Fwp%2Fv2%2Fmedia&parent=91510"}],"wp:term":[{"taxonomy":"category","embeddable":true,"href":"https:\/\/appelloalpopolo.it\/index.php?rest_route=%2Fwp%2Fv2%2Fcategories&post=91510"},{"taxonomy":"post_tag","embeddable":true,"href":"https:\/\/appelloalpopolo.it\/index.php?rest_route=%2Fwp%2Fv2%2Ftags&post=91510"}],"curies":[{"name":"wp","href":"https:\/\/api.w.org\/{rel}","templated":true}]}}