{"id":91639,"date":"2025-09-16T09:28:53","date_gmt":"2025-09-16T07:28:53","guid":{"rendered":"https:\/\/appelloalpopolo.it\/?p=91639"},"modified":"2025-09-16T09:28:53","modified_gmt":"2025-09-16T07:28:53","slug":"quello-strano-silenzio-calato-sul-caso-di-andry-paruby","status":"publish","type":"post","link":"https:\/\/appelloalpopolo.it\/?p=91639","title":{"rendered":"Quello &#8220;strano&#8221; silenzio calato sul caso di Andry Paruby"},"content":{"rendered":"<p style=\"text-align: justify\"><strong>di L&#8217;ANTIDIPLOMATICO (Clara Statello)<\/strong><\/p>\n<p style=\"text-align: justify\">\n<p style=\"text-align: justify\"><img loading=\"lazy\" decoding=\"async\" class=\"alignnone  wp-image-91640\" src=\"https:\/\/appelloalpopolo.it\/wp-content\/uploads\/2025\/09\/720x410c50-2-300x171.jpg\" alt=\"\" width=\"561\" height=\"320\" srcset=\"https:\/\/appelloalpopolo.it\/wp-content\/uploads\/2025\/09\/720x410c50-2-300x171.jpg 300w, https:\/\/appelloalpopolo.it\/wp-content\/uploads\/2025\/09\/720x410c50-2.jpg 720w\" sizes=\"(max-width: 561px) 100vw, 561px\" \/><\/p>\n<p style=\"text-align: justify\">\n<p style=\"text-align: justify\">\n<p style=\"text-align: justify\">Non si parla pi\u00f9 del caso di Andry Paruby, il fondatore del partito Social Nazionale ucraino e leader dei gruppi in armi dell&#8217; Euromaidan. Forse perch\u00e9 ad uccidere il deputato Andry Paruby non \u00e8 stata n\u00e9 \u201cla mano di Mosca\u201d n\u00e9 una resa dei conti interna, ma la vendetta di un padre ucraino, il signor Mychailo Viktorovy\u00a0Stselnikov, per il figlio caduto al fronte.<\/p>\n<div style=\"text-align: justify\">In onore suo e del nonno si chiamava Mychailo-Viktor ed era partito come volontario. Aveva scelto come nome di battaglia Lemberg, l&#8217;antico nome asburgico della citt\u00e0 di Leopoli. Evidentemente una scelta ideologica.<\/div>\n<div style=\"text-align: justify\"><\/div>\n<div style=\"text-align: justify\">Lemberg non \u00e8 uscito vivo dal tritacarne di Bachmut, come tante decine di migliaia di ragazzi ucraini.<\/div>\n<div style=\"text-align: justify\"><\/div>\n<div style=\"text-align: justify\">\u201cQuesta \u00e8 la mia vendetta personale contro le autorit\u00e0 ucraine\u201d, ha detto il padre ai giornalisti, l&#8217;unica dichiarazione rilasciata dopo la sua cattura. Ha affermato di voler essere condannato al pi\u00f9 presto e scambiato, per poter andare in Russia a cercare il corpo del figlio.<\/div>\n<div style=\"text-align: justify\"><\/div>\n<div style=\"text-align: justify\">Questa drammatica vicenda smonta radicalmente la narrazione occidentale che parla di un popolo ucraino unito attorno ai propri leader nello sforzo di respingere l\u2019offensiva russa.<\/div>\n<div style=\"text-align: justify\"><\/div>\n<div style=\"text-align: justify\">Forse per questo \u00e8 calato un velo di silenzio, nonostante i tanti interrogativi ancora insoluti che avvolgono il caso.<\/div>\n<div style=\"text-align: justify\"><\/div>\n<div style=\"text-align: justify\">Abbiamo chiesto un commento a Vasily Prozorov, ex tenente colonnello dei servizi segreti ucraini che nel 2017 e fuggito in Russia dove ha successivamente aperto il sito UKR LEAKS per denunciare i crimini del regime di Kiev.<\/div>\n<div style=\"text-align: justify\"><\/div>\n<div style=\"text-align: justify\">1. Signor Prozorov, l&#8217;assassinio di Paruby mostra inequivocabilmente una frattura all&#8217;interno dell&#8217; Ucraina. Qual \u00e8 oggi, in realt\u00e0, lo stato della societ\u00e0 ucraina in questa fase della guerra?<\/div>\n<div style=\"text-align: justify\"><\/div>\n<div style=\"text-align: justify\">\u00c8 una domanda molto interessante. Continuo a sentire regolarmente persone che vivono nei territori controllati da Kiev e la sensazione dominante \u00e8 chiara: stanchezza e mancanza di prospettive. La gente comune non crede pi\u00f9 in un futuro migliore.<\/div>\n<div style=\"text-align: justify\"><\/div>\n<div style=\"text-align: justify\">Prevalgono depressione e il desiderio che la guerra finisca al pi\u00f9 presto, a qualunque condizione. In pubblico per\u00f2 pochi osano parlarne, per paura \u2013 fondata \u2013 di persecuzioni da parte delle autorit\u00e0 e dei gruppi nazionalisti.<\/div>\n<div style=\"text-align: justify\"><\/div>\n<div style=\"text-align: justify\">\u00a0Al contrario, l\u2019\u00e9lite del Paese ripete incessantemente il messaggio opposto: \u201csi combatter\u00e0 fino alla fine\u201d. Facile dirlo, visto che loro non rischiano il fronte, la miseria o la mancanza di prospettive. Anzi, da questa guerra molti traggono vantaggi e ricchezze. A queste persone la guerra conviene, ma sono poche, anche se ben organizzate e saldamente al potere.<\/div>\n<div style=\"text-align: justify\"><\/div>\n<div style=\"text-align: justify\">2. La morte di Paruby mostra che gli ucraini iniziano ad attribuire le responsabilit\u00e0 della guerra non tanto alla Russia di Putin, quanto ai propri leader politici legati a Maidan. Secondo lei, cosa ha provocato questo mutamento nell\u2019opinione pubblica?<\/div>\n<div style=\"text-align: justify\"><\/div>\n<div style=\"text-align: justify\">La gente non \u00e8 ingenua. Capisce bene chi sia il vero responsabile della propria situazione. Non \u00e8 un caso che nei commenti sui social si leggano sempre pi\u00f9 spesso domande come: \u201cPerch\u00e9 il governo non ha fermato la guerra nell\u2019aprile 2022, quando la Russia offriva condizioni tutto sommato accettabili?\u201d. La memoria collettiva non \u00e8 corta: la gente vede e ricorda.<\/div>\n<div style=\"text-align: justify\"><\/div>\n<div style=\"text-align: justify\">3. Questa vicenda riporta alla mente la tragedia delle centinaia di migliaia di dispersi, e con loro di altrettante famiglie sprofondate nella disperazione. Ritiene plausibile che episodi simili possano ripetersi? E quale messaggio ha ricevuto Bankova?<\/div>\n<div style=\"text-align: justify\"><\/div>\n<div style=\"text-align: justify\">Non credo che tutto questo possa intimorire il potere. Anche di fronte a testimonianze dirette, Kiev continua a ripetere la solita formula della \u201cpista russa\u201d, ignorando l\u2019evidenza. E cos\u00ec sar\u00e0 anche in futuro: qualsiasi episodio simile verr\u00e0 presentato come un\u2019operazione dei servizi russi e usato come giustificazione per nuove strette repressive all\u2019interno del Paese.<\/div>\n<div style=\"text-align: justify\"><\/div>\n<div style=\"text-align: justify\">4. Che lettura si d\u00e0 in Russia a questi eventi e, pi\u00f9 in generale, alla situazione interna dell\u2019Ucraina?<\/div>\n<div style=\"text-align: justify\"><\/div>\n<div style=\"text-align: justify\">Posso darle la mia opinione personale. Mi dispiace per il popolo. L\u00e0 vivono ancora tante persone normali, del tutto ragionevoli, che per\u00f2 sono finite ostaggio di un regime criminale.<\/div>\n<div style=\"text-align: justify\"><\/div>\n<div style=\"text-align: justify\">5. Parubij \u00e8 stato una figura chiave della svolta maidanista dell&#8217; Ucraina. In base alla sua esperienza nei servizi ucraini, come si spiega che una personalit\u00e0 del genere si muovesse senza alcuna protezione?<\/div>\n<div style=\"text-align: justify\"><\/div>\n<div style=\"text-align: justify\">La questione \u00e8 semplice: per la squadra di Zelensky apparteneva al vecchio clan, era un potenziale concorrente. Nessuno aveva interesse a proteggerlo. Perch\u00e9 difendere qualcuno che, col tempo, poteva trasformarsi in un problema?<\/div>\n<div style=\"text-align: justify\"><\/div>\n<div style=\"text-align: justify\">6. Durante la cerimonia commemorativa, l\u2019ex presidente Petro Poro\u0161enko ha paragonato Paruby a Stepan Bandera. E un accostamento appropriato?<\/div>\n<div style=\"text-align: justify\"><\/div>\n<div style=\"text-align: justify\">Se si guarda al fatto che entrambi hanno le mani macchiate del sangue di vittime innocenti, allora il paragone regge. Sia Bandera che Paruby sono stati carnefici innanzitutto del loro stesso popolo, adottando l\u2019ideologia del nazionalismo estremo. Dal mio punto di vista, entrambi sono veri e propri cannibali in abiti umani.<\/div>\n<div style=\"text-align: justify\"><\/div>\n<div style=\"text-align: justify\">7. Damien Ganul, Ivan Vorony? e Andry Paruby hanno portato con s\u00e9 nella tomba segreti oscuri. A chi, in Occidente, conviene il silenzio perpetuo sui massacri e sul terrorismo dell\u2019Ucraina maidanista?<\/div>\n<div style=\"text-align: justify\"><\/div>\n<div style=\"text-align: justify\">\u00c8 cos\u00ec. In una mia recente indagine sugli eventi del Maidan del 2014 a Kiev, ho accertato che Paruby \u00e8 stato tra i principali esecutori dei piani occidentali per rovesciare il governo legittimo. E non solo a Kiev. Gi\u00e0 nel 2010-2011 trasferiva la sua \u201cesperienza\u201d agli attivisti delle proteste liberali in Russia: insegnava come allestire campi di tende nelle citt\u00e0, come opporsi alla polizia, come organizzare provocazioni in strada. Era inevitabile, quindi, che avesse stretti legami con esponenti occidentali, compresi rappresentanti di forze nazionaliste e persino fasciste. Questi ambienti oggi sono scossi dalla perdita di un \u201cesperto\u201d simile, ma allo stesso tempo sollevati: con lui sono scomparse anche molte informazioni compromettenti sulle attivit\u00e0 oscure di partiti radicali e servizi segreti occidentali. Lo stesso discorso vale per gli altri esponenti nazionalisti.<\/div>\n<div style=\"text-align: justify\"><strong>FONTE:<a href=\"https:\/\/www.lantidiplomatico.it\/dettnews-quello_strano_silenzio_calato_sul_caso_di_andry_paruby\/45289_62619\">https:\/\/www.lantidiplomatico.it\/dettnews-quello_strano_silenzio_calato_sul_caso_di_andry_paruby\/45289_62619<\/a><\/strong><\/div>\n","protected":false},"excerpt":{"rendered":"<p>di L&#8217;ANTIDIPLOMATICO (Clara Statello) Non si parla pi\u00f9 del caso di Andry Paruby, il fondatore del partito Social Nazionale ucraino e leader dei gruppi in armi dell&#8217; Euromaidan. Forse perch\u00e9 ad uccidere il deputato Andry Paruby non \u00e8 stata n\u00e9 \u201cla mano di Mosca\u201d n\u00e9 una resa dei conti interna, ma la vendetta di un padre ucraino, il signor Mychailo Viktorovy\u00a0Stselnikov, per il figlio caduto al fronte. In onore suo e del nonno si chiamava&#46;&#46;&#46;<\/p>\n","protected":false},"author":109,"featured_media":91597,"comment_status":"open","ping_status":"open","sticky":false,"template":"","format":"standard","meta":{"jetpack_post_was_ever_published":false,"_jetpack_newsletter_access":"","_jetpack_dont_email_post_to_subs":false,"_jetpack_newsletter_tier_id":0,"_jetpack_memberships_contains_paywalled_content":false,"_jetpack_memberships_contains_paid_content":false,"footnotes":"","jetpack_publicize_message":"","jetpack_publicize_feature_enabled":true,"jetpack_social_post_already_shared":true,"jetpack_social_options":{"image_generator_settings":{"template":"highway","enabled":false},"version":2}},"categories":[32],"tags":[],"jetpack_publicize_connections":[],"jetpack_featured_media_url":"https:\/\/appelloalpopolo.it\/wp-content\/uploads\/2025\/09\/Lantidiplomatico.jpg","jetpack_sharing_enabled":true,"jetpack_shortlink":"https:\/\/wp.me\/p7ZaJ4-nQ3","_links":{"self":[{"href":"https:\/\/appelloalpopolo.it\/index.php?rest_route=\/wp\/v2\/posts\/91639"}],"collection":[{"href":"https:\/\/appelloalpopolo.it\/index.php?rest_route=\/wp\/v2\/posts"}],"about":[{"href":"https:\/\/appelloalpopolo.it\/index.php?rest_route=\/wp\/v2\/types\/post"}],"author":[{"embeddable":true,"href":"https:\/\/appelloalpopolo.it\/index.php?rest_route=\/wp\/v2\/users\/109"}],"replies":[{"embeddable":true,"href":"https:\/\/appelloalpopolo.it\/index.php?rest_route=%2Fwp%2Fv2%2Fcomments&post=91639"}],"version-history":[{"count":1,"href":"https:\/\/appelloalpopolo.it\/index.php?rest_route=\/wp\/v2\/posts\/91639\/revisions"}],"predecessor-version":[{"id":91641,"href":"https:\/\/appelloalpopolo.it\/index.php?rest_route=\/wp\/v2\/posts\/91639\/revisions\/91641"}],"wp:featuredmedia":[{"embeddable":true,"href":"https:\/\/appelloalpopolo.it\/index.php?rest_route=\/wp\/v2\/media\/91597"}],"wp:attachment":[{"href":"https:\/\/appelloalpopolo.it\/index.php?rest_route=%2Fwp%2Fv2%2Fmedia&parent=91639"}],"wp:term":[{"taxonomy":"category","embeddable":true,"href":"https:\/\/appelloalpopolo.it\/index.php?rest_route=%2Fwp%2Fv2%2Fcategories&post=91639"},{"taxonomy":"post_tag","embeddable":true,"href":"https:\/\/appelloalpopolo.it\/index.php?rest_route=%2Fwp%2Fv2%2Ftags&post=91639"}],"curies":[{"name":"wp","href":"https:\/\/api.w.org\/{rel}","templated":true}]}}