{"id":91672,"date":"2025-09-17T10:32:55","date_gmt":"2025-09-17T08:32:55","guid":{"rendered":"https:\/\/appelloalpopolo.it\/?p=91672"},"modified":"2025-09-17T10:32:55","modified_gmt":"2025-09-17T08:32:55","slug":"i-destini-delleuropa-si-decideranno-a-parigi-e-non-e-una-buona-notizia","status":"publish","type":"post","link":"https:\/\/appelloalpopolo.it\/?p=91672","title":{"rendered":"I destini dell&#8217;Europa si decideranno a Parigi (e non \u00e8 una buona notizia)"},"content":{"rendered":"<p><strong>da L&#8217;ANTIDIPLOMATICO (Giuseppe Masala)<\/strong><\/p>\n<p><img loading=\"lazy\" decoding=\"async\" class=\"alignnone size-medium wp-image-91673\" src=\"https:\/\/appelloalpopolo.it\/wp-content\/uploads\/2025\/09\/350x200c50-1-300x171.jpg\" alt=\"\" width=\"300\" height=\"171\" srcset=\"https:\/\/appelloalpopolo.it\/wp-content\/uploads\/2025\/09\/350x200c50-1-300x171.jpg 300w, https:\/\/appelloalpopolo.it\/wp-content\/uploads\/2025\/09\/350x200c50-1.jpg 350w\" sizes=\"(max-width: 300px) 100vw, 300px\" \/><\/p>\n<p>Uno degli insegnamenti fondamentali della storia \u00e8 che per comprendere i destini dell&#8217;Europa bisogna guardare alla Francia. Una verit\u00e0 questa che probabilmente \u00e8 vera sin dai tempi della nascita dello stato nazione francese, ma che \u00e8 diventata sempre pi\u00f9 vera con il passare dei secoli nei quali si sono verificati \u2013 proprio in Francia &#8211; fenomeni peculiari come l&#8217;Illuminismo, la Rivoluzione Francese e l&#8217;epopea napoleonica.<\/p>\n<p>Ancora oggi \u00e8 cos\u00ec, la Francia \u00e8 l&#8217;unico paese dell&#8217;UE ad avere il deterrente nucleare e a sedere nel Consiglio di Sicurezza dell&#8217;Onu dando a Parigi un ruolo fondamentale nei delineare i destini dell&#8217;Europa continentale. Ci\u00f2 non dimeno, in questa fase storica, questo paese sta vivendo una profondissima crisi industriale, economica e politica, che per\u00f2\u00a0 ormai si \u00e8 trasformata in una crisi politica e, sempre di pi\u00f9, sociale.<\/p>\n<p>Lo snodo fondamentale per comprendere la genesi dell&#8217;attuale crisi della Francia va ricercato\u00a0 &#8211; come al solito! &#8211; nella nascita dell&#8217;Euro. Come Roma, anche Parigi non \u00e8 riuscita a reggere la concorrenza dei paesi nord europei e delle loro ben congegnate global chain value. Anche la Francia infatti ha vissuto il dramma della deindustrializzazione, al quale si \u00e8 anche aggiunta la fine della Fran\u00e7afrique, ovvero del dominio di Parigi sulle ex colonie africane che garantiva un sicuro mercato di sbocco per le merci francesi e anche un flusso continuo di capitali verso Parigi grazie al meccanismo del Franco CFA.<\/p>\n<p>A peggiorare la situazione francese \u00e8 stato anche un altro fenomeno, intrinsecamente legato al processo di integrazione europea. Mi riferisco naturalmente al cosiddetto asse franco-tedesco che non va visto solo dal lato politico, ma anche dal lato economico-finanziario. Sotto quest&#8217;ultimo aspetto l&#8217;asse va inteso in termini molto semplici e peculiari: Berlino ha sempre \u2013 e sempre di pi\u00f9 \u2013 coperto i crescenti passivi di Parigi a livello di saldo delle partite correnti. In altri termini la Germania, con la sua enorme potenza economica data da un sistema produttivo iper-competitivo a livello mondiale, saldava a pi\u00e9 di lista le spese di Parigi evitando cos\u00ec a quest&#8217;ultima il redde rationem con i propri conti nazionali sempre di pi\u00f9 fuori controllo. Ovviamente Berlino non faceva questo per spirito umanitario, ma perch\u00e8 cos\u00ec si guadagnava l&#8217;appoggio francese al livello delle politiche europee accrescendo cos\u00ec la propria egemonia sulle istituzioni unioniste. Dal punto di vista francese, va detto, che le continue iniezioni di capitale di Berlino e dei suoi paesi satelliti si sono rivelate come dosi massicce di morfina che hanno consentito di sostenere uno stato sociale di super lusso per decenni evitando che la crisi industriale si trasformasse in crisi sociale.<\/p>\n<p>Ma se queste dosi di morfina finanziaria proveniente da oltre Reno da un lato sono state per Parigi un toccasana, dall&#8217;altro lato si sono rivelate una dannazione che ha evitato alla politica francese di accorgersi della gravit\u00e0 della situazione e di continuare a dormire sugli allori.<\/p>\n<p>Tutto questo fino al redde rationem che stiamo vivendo in questi mesi. La posizione finanziaria netta francese \u00e8 totalmente fuori controllo con circa 900 miliardi di euro di debiti netti verso l&#8217;estero. Una cifra iperbolica, se fate il paragone con il fatto che l&#8217;Italia fu commissariata dall&#8217;EU con il governo Monti avendo una posizione finanziaria netta negativa per \u201cappena\u201d 300 miliardi di euro. Un terzo di quella francese, dove per\u00f2 Parigi non ha un&#8217;economia tre volte pi\u00f9 grande di quella italiana.<\/p>\n<p>Posizione finanziaria netta francese fuori controllo dunque, e inoltre da considerarsi totalmente instabile perch\u00e8 ha perso il suo paracadute principale, ovvero il flusso di capitali provenienti dalla Germania e dai suoi paesi satelliti che garantivano stabilit\u00e0 sia al sistema finanziario di Parigi sia al debito pubblico francese. A dimostrazione che la situazione finanziaria della Francia \u00e8 instabile basta citare un dato: i bond decennali di Parigi hanno ormai raggiunto un rendimento del 3,5% che \u00e8 oggettivamente molto alto e d\u00e0 il segno del fatto che la Francia deve offrire rendimenti pi\u00f9 alti se non vuole assistere al deflusso di capitali e alla conseguente crisi finanziaria e bancaria che si verificherebbe. Sotto questo aspetto,\u00a0 a dare il segno che anche il sistema bancario francese scricchiola \u00e8 stata\u00a0<a href=\"https:\/\/www.tradingview.com\/news\/forexlive:01e89de1e094b:0-ecb-s-lagarde-as-of-itself-french-banking-system-is-not-a-source-of-risk\/\">la dichiarazione della Governatrice della BCE Madame Lagarde che ha detto alla stampa come il \u201csistema bancario francese non \u00e8 a rischio\u201d<\/a>. Esiste forse una maggior certezza che un sistema bancario sia a rischio di quando un banchiere centrale \u00e8 costretto a spergiurare che non lo sia?<\/p>\n<p><img loading=\"lazy\" decoding=\"async\" src=\"https:\/\/www.lantidiplomatico.it\/public\/mce\/Francia%20Bond%20(1).png\" alt=\"\" width=\"732\" height=\"463\" \/><\/p>\n<p>Anche l&#8217;Agenzia di Rating Fitch ha preso atto della grave situazione, infatti ha declassato il debito pubblico francese portandolo ad una valutazione\u00a0 A +\u00a0 da AA -. Insomma, la via che sta percorrendo il paese transalpino \u00e8 molto simile a quella degli anni passati con tre aggravanti:<\/p>\n<p>&nbsp;<\/p>\n<ul>\n<li><em>i paesi del nord Europa ben difficilmente potranno sostenere il sistema finanziario francese con le imponenti iniezioni di capitale fatte in questi decenni;<\/em><\/li>\n<\/ul>\n<p>&nbsp;<\/p>\n<ul>\n<li><em>La posizione finanziaria netta francese \u00e8 estremamente grave in relazione alle dimensioni dell&#8217;economia del paese<\/em><\/li>\n<\/ul>\n<p>&nbsp;<\/p>\n<ul>\n<li><em>Molto probabilmente l&#8217;Europa nei prossimi decenni attraverser\u00e0 una grave crisi dovuta al fatto che ormai \u00e8 un&#8217;area economica marginale, fuori dai grandi flussi finanziari, di innovazione tecnologica e priva di qualsiasi peso politico. Conseguentemente Parigi avr\u00e0 maggior difficolt\u00e0 a risanare le finanze proprio perch\u00e8 questo dovr\u00e0 avvenire in una fase di difficolt\u00e0 sistemica per tutto il continente.<\/em><\/li>\n<\/ul>\n<p>&nbsp;<\/p>\n<p>Come sempre accade quando la situazione economica di un paese \u00e8 cos\u00ec instabile, anche il quadro istituzionale entra in una situazione di grave instabilit\u00e0: i governi a Parigi si susseguono molto rapidamente e soprattutto vivacchiano, imbelli e incapaci di progettare una strategia di uscita da questa crisi \u201call&#8217;italiana\u201d.<\/p>\n<p>Ed \u00e8 proprio in questo quadro complesso che le \u00e9lites transalpine sembrano aver scelto la strada pi\u00f9 comoda (e pi\u00f9 irresponsabile) per uscire dalla crisi: quella della creazione del nemico esterno. Ovviamente questo, non poteva che essere l&#8217;autocrate del Cremlino, Vladimir Putin.<\/p>\n<p>Le dichiarazioni sferzanti di Macron che ha definito il Presidente russo \u201corco\u201d e \u201cpredatore\u201d la dicono lunga su quella che \u00e8 la posizione di Parigi: Oltralpe\u00a0 vogliono la guerra o comunque uno stato di tensione con la Russia, cos\u00ec da nascondere i loro drammatici problemi interni.<\/p>\n<p>Solo in questa logica si pu\u00f2 dare un senso all&#8217;idea caldeggiata da Macron di mandare dei contingenti militari in Ucraina come truppe di interposizione e di istituire una no-fly-zone nell&#8217;Ucraina occidentale cos\u00ec da abbattere gli sciami di droni di Mosca che imperversano nei cieli ucraini.<\/p>\n<p>Idee irresponsabili che stanno surriscaldando il clima, tanto \u00e8 vero che il portavoce del Cremlino Peskov ha gi\u00e0 dichiarato di ritenere la Nato in guerra con la Russia. Non parliamo poi dell&#8217;ex presidente Medvedev che ormai anche lui parla di guerra tra Russia e Nato con i suoi consueti toni alla Zirinovskij.<\/p>\n<p>In definitiva, una cosa \u00e8 certa, ancora una volta i destini dell&#8217;Europa si stanno decidendo a Parigi. La pace in Europa ci sar\u00e0 solo con una Parigi pacificata.<\/p>\n<p><strong>FONTE:\u00a0<a href=\"https:\/\/www.lantidiplomatico.it\/dettnews-i_destini_delleuropa_si_decideranno_a_parigi_e_non__una_buona_notizia\/29296_62637\/\">https:\/\/www.lantidiplomatico.it\/dettnews-i_destini_delleuropa_si_decideranno_a_parigi_e_non__una_buona_notizia\/29296_62637\/<\/a><\/strong><\/p>\n","protected":false},"excerpt":{"rendered":"<p>da L&#8217;ANTIDIPLOMATICO (Giuseppe Masala) Uno degli insegnamenti fondamentali della storia \u00e8 che per comprendere i destini dell&#8217;Europa bisogna guardare alla Francia. Una verit\u00e0 questa che probabilmente \u00e8 vera sin dai tempi della nascita dello stato nazione francese, ma che \u00e8 diventata sempre pi\u00f9 vera con il passare dei secoli nei quali si sono verificati \u2013 proprio in Francia &#8211; fenomeni peculiari come l&#8217;Illuminismo, la Rivoluzione Francese e l&#8217;epopea napoleonica. Ancora oggi \u00e8 cos\u00ec, la Francia&#46;&#46;&#46;<\/p>\n","protected":false},"author":103,"featured_media":91597,"comment_status":"open","ping_status":"open","sticky":false,"template":"","format":"standard","meta":{"jetpack_post_was_ever_published":false,"_jetpack_newsletter_access":"","_jetpack_dont_email_post_to_subs":false,"_jetpack_newsletter_tier_id":0,"_jetpack_memberships_contains_paywalled_content":false,"_jetpack_memberships_contains_paid_content":false,"footnotes":"","jetpack_publicize_message":"","jetpack_publicize_feature_enabled":true,"jetpack_social_post_already_shared":true,"jetpack_social_options":{"image_generator_settings":{"template":"highway","enabled":false},"version":2}},"categories":[32],"tags":[],"jetpack_publicize_connections":[],"jetpack_featured_media_url":"https:\/\/appelloalpopolo.it\/wp-content\/uploads\/2025\/09\/Lantidiplomatico.jpg","jetpack_sharing_enabled":true,"jetpack_shortlink":"https:\/\/wp.me\/p7ZaJ4-nQA","_links":{"self":[{"href":"https:\/\/appelloalpopolo.it\/index.php?rest_route=\/wp\/v2\/posts\/91672"}],"collection":[{"href":"https:\/\/appelloalpopolo.it\/index.php?rest_route=\/wp\/v2\/posts"}],"about":[{"href":"https:\/\/appelloalpopolo.it\/index.php?rest_route=\/wp\/v2\/types\/post"}],"author":[{"embeddable":true,"href":"https:\/\/appelloalpopolo.it\/index.php?rest_route=\/wp\/v2\/users\/103"}],"replies":[{"embeddable":true,"href":"https:\/\/appelloalpopolo.it\/index.php?rest_route=%2Fwp%2Fv2%2Fcomments&post=91672"}],"version-history":[{"count":1,"href":"https:\/\/appelloalpopolo.it\/index.php?rest_route=\/wp\/v2\/posts\/91672\/revisions"}],"predecessor-version":[{"id":91674,"href":"https:\/\/appelloalpopolo.it\/index.php?rest_route=\/wp\/v2\/posts\/91672\/revisions\/91674"}],"wp:featuredmedia":[{"embeddable":true,"href":"https:\/\/appelloalpopolo.it\/index.php?rest_route=\/wp\/v2\/media\/91597"}],"wp:attachment":[{"href":"https:\/\/appelloalpopolo.it\/index.php?rest_route=%2Fwp%2Fv2%2Fmedia&parent=91672"}],"wp:term":[{"taxonomy":"category","embeddable":true,"href":"https:\/\/appelloalpopolo.it\/index.php?rest_route=%2Fwp%2Fv2%2Fcategories&post=91672"},{"taxonomy":"post_tag","embeddable":true,"href":"https:\/\/appelloalpopolo.it\/index.php?rest_route=%2Fwp%2Fv2%2Ftags&post=91672"}],"curies":[{"name":"wp","href":"https:\/\/api.w.org\/{rel}","templated":true}]}}