{"id":91783,"date":"2025-09-19T09:00:50","date_gmt":"2025-09-19T07:00:50","guid":{"rendered":"https:\/\/appelloalpopolo.it\/?p=91783"},"modified":"2025-09-18T09:31:17","modified_gmt":"2025-09-18T07:31:17","slug":"ravenna-si-ribella-migliaia-al-porto-per-bloccare-le-armi-dirette-a-israele","status":"publish","type":"post","link":"https:\/\/appelloalpopolo.it\/?p=91783","title":{"rendered":"Ravenna si ribella: migliaia al porto per bloccare le armi dirette a Israele"},"content":{"rendered":"<p><strong>di L&#8217;INDIPENDENTE (Fulvio Zappatore)<\/strong><\/p>\n<p>Nel momento in cui Israele\u00a0<a href=\"https:\/\/www.lindipendente.online\/2025\/09\/15\/lassedio-finale-a-gaza-city-tank-israeliani-la-circondano-300mila-palestinesi-in-fuga\/\" target=\"_blank\" rel=\"noopener\">compie\u00a0<\/a>un ulteriore passo nell\u2019offensiva nella Striscia di Gaza, occupando Gaza City, e mentre la comunit\u00e0 internazionale continua ad esitare nel fare dei passi decisivi ancora dopo due anni di genocidio contro la popolazione civile,\u00a0da Ravenna si alza forte la voce dei cittadini. Ieri, marted\u00ec 16 settembre,\u00a0<strong>migliaia<\/strong><b>\u00a0di persone sono scese in piazza contro l\u2019invio di armi<\/b>\u00a0dal porto romagnolo, da cui continuano a partire forniture a sostegno dell\u2019esercito di Netanyahu.<\/p>\n<p>Il caso<a href=\"https:\/\/www.lindipendente.online\/2025\/09\/06\/armi-a-israele-il-governo-italiano-mente-i-carichi-continuano-a-partire\/\" target=\"_blank\" rel=\"noopener\">\u00a0\u00e8 emerso<\/a>\u00a0il 30 giugno, quando un carico partito su gomma dalla Repubblica Ceca \u00e8 stato successivamente imbarcato e ha fatto tappa a Ravenna con un carico di munizioni, esplosivi e altro materiale bellico, per poi ripartire diretta a Haifa, dove \u00e8 giunta il 4 luglio. Tutto ci\u00f2 sarebbe avvenuto senza alcuna autorizzazione da parte dell\u2019UAMA, l\u2019autorit\u00e0 che regolamenta il transito di armamenti. A scoprirlo sono stati alcuni operai del porto, che hanno poi girato l\u2019informazione all\u2019osservatorio Weapon Watch e alla giornalista de\u00a0<i>il Manifesto<\/i>, Linda Mazzotti: \u00abAbbiamo fatto un accesso agli atti \u2014 ha spiegato a\u00a0<i>L\u2019Indipendente<\/i>\u00a0\u2014 e l\u2019autorit\u00e0 delle dogane ha confermato quanto accaduto, sostenendo che si trattava di un\u00a0<b>transito intercomunitario\u00a0<\/b>e che quindi\u00a0<b>non fosse necessaria alcuna autorizzazione<\/b>. Cosa palesemente non vera, ed \u00e8 il motivo per cui abbiamo presentato un esposto in Procura per la violazione della legge 185 del 1990\u00bb.<\/p>\n<p>La vicenda di Ravenna non \u00e8 isolata, n\u00e9 unica in Italia, ma \u00e8 emblematica delle\u00a0<b>modalit\u00e0 con cui armi ed esplosivi continuano a muoversi verso Israele<\/b>\u00a0anche dal nostro Paese, nonostante il governo continui a ripetere di aver sospeso le licenze a partire dal 7 ottobre 2023. Il tutto alla luce del sole: secondo la<a href=\"https:\/\/altreconomia.it\/armi-e-munizioni-dallitalia-a-israele-nel-2024-il-caso-delle-spolette-partite-da-viterbo\/\" target=\"_blank\" rel=\"noopener\">\u00a0Relazione\u00a0<\/a>annuale dell\u2019UAMA 2024, l\u2019Italia ha infatti autorizzato esportazioni militari verso Israele per circa 21 milioni di euro. Armi che partono da Ravenna, come dai porti di La Spezia, Genova e Livorno.<\/p>\n<div id=\"tdi_70\" class=\"td-gallery td-slide-on-2-columns\">\n<div class=\"post_td_gallery\">\n<div class=\"td-gallery-slide-top\">\n<div class=\"td-gallery-title\">Manifestazione contro il transito di armi dal porto di Ravenna verso Israele<\/div>\n<div class=\"td-gallery-controls-wrapper\">\n<div class=\"td-gallery-slide-count\"><span class=\"td-gallery-slide-item-focus\">1<\/span>\u00a0di 2<\/div>\n<div class=\"td-gallery-slide-prev-next-but\"><i class=\"td-icon-left doubleSliderPrevButton\"><\/i>\u00a0<i class=\"td-icon-right doubleSliderNextButton\"><\/i><\/div>\n<\/div>\n<\/div>\n<div class=\"td-doubleSlider-1 \">\n<div class=\"td-slider\">\n<div class=\"td-slide-item td-item1\">\n<figure class=\"td-slide-galery-figure td-slide-popup-gallery\"><a class=\"slide-gallery-image-link\" title=\"porto di Ravenna contro israele2\" href=\"https:\/\/cdn.lindipendente.online\/wp-content\/uploads\/2025\/09\/porto-di-Ravenna-contro-israele2.png\" data-caption=\"\" data-description=\"\"><img decoding=\"async\" class=\"entered td-animation-stack-type0-2 litespeed-loaded\" src=\"https:\/\/cdn.lindipendente.online\/wp-content\/uploads\/2025\/09\/porto-di-Ravenna-contro-israele2-630x420.png\" alt=\"\" data-lazyloaded=\"1\" data-src=\"https:\/\/cdn.lindipendente.online\/wp-content\/uploads\/2025\/09\/porto-di-Ravenna-contro-israele2-630x420.png\" data-srcset=\"https:\/\/cdn.lindipendente.online\/wp-content\/uploads\/2025\/09\/porto-di-Ravenna-contro-israele2-630x420.png 630w, https:\/\/cdn.lindipendente.online\/wp-content\/uploads\/2025\/09\/porto-di-Ravenna-contro-israele2-300x200.png 300w, https:\/\/cdn.lindipendente.online\/wp-content\/uploads\/2025\/09\/porto-di-Ravenna-contro-israele2-768x512.png 768w, https:\/\/cdn.lindipendente.online\/wp-content\/uploads\/2025\/09\/porto-di-Ravenna-contro-israele2-150x100.png 150w, https:\/\/cdn.lindipendente.online\/wp-content\/uploads\/2025\/09\/porto-di-Ravenna-contro-israele2-600x400.png 600w, https:\/\/cdn.lindipendente.online\/wp-content\/uploads\/2025\/09\/porto-di-Ravenna-contro-israele2-696x464.png 696w, https:\/\/cdn.lindipendente.online\/wp-content\/uploads\/2025\/09\/porto-di-Ravenna-contro-israele2.png 1000w\" data-sizes=\"(max-width: 630px) 100vw, 630px\" data-ll-status=\"loaded\" \/><\/a><\/figure>\n<\/div>\n<div class=\"td-slide-item td-item2\">\n<figure class=\"td-slide-galery-figure td-slide-popup-gallery\"><a class=\"slide-gallery-image-link\" title=\"porto di Ravenna contro israele3\" href=\"https:\/\/cdn.lindipendente.online\/wp-content\/uploads\/2025\/09\/porto-di-Ravenna-contro-israele3.png\" data-caption=\"\" data-description=\"\"><img decoding=\"async\" class=\"td-animation-stack-type0-2\" src=\"image\/gif;base64,R0lGODdhAQABAPAAAMPDwwAAACwAAAAAAQABAAACAkQBADs=\" alt=\"\" data-lazyloaded=\"1\" data-src=\"https:\/\/cdn.lindipendente.online\/wp-content\/uploads\/2025\/09\/porto-di-Ravenna-contro-israele3-630x420.png\" data-srcset=\"https:\/\/cdn.lindipendente.online\/wp-content\/uploads\/2025\/09\/porto-di-Ravenna-contro-israele3-630x420.png 630w, https:\/\/cdn.lindipendente.online\/wp-content\/uploads\/2025\/09\/porto-di-Ravenna-contro-israele3-300x200.png 300w, https:\/\/cdn.lindipendente.online\/wp-content\/uploads\/2025\/09\/porto-di-Ravenna-contro-israele3-768x512.png 768w, https:\/\/cdn.lindipendente.online\/wp-content\/uploads\/2025\/09\/porto-di-Ravenna-contro-israele3-150x100.png 150w, https:\/\/cdn.lindipendente.online\/wp-content\/uploads\/2025\/09\/porto-di-Ravenna-contro-israele3-600x400.png 600w, https:\/\/cdn.lindipendente.online\/wp-content\/uploads\/2025\/09\/porto-di-Ravenna-contro-israele3-696x464.png 696w, https:\/\/cdn.lindipendente.online\/wp-content\/uploads\/2025\/09\/porto-di-Ravenna-contro-israele3.png 1000w\" data-sizes=\"(max-width: 630px) 100vw, 630px\" \/><\/a><\/figure>\n<\/div>\n<\/div>\n<\/div>\n<\/div>\n<\/div>\n<p>\u00ab<b>Noi ci rifiutiamo di essere coinvolti<\/b>, anche indirettamente, in quello che oggi \u00e8 diventato uno sterminio di massa, un genocidio\u00bb ha detto al microfono Alex Viroli, portavoce del comitato autonomo dei portuali.\u00a0Davanti a lui, migliaia di persone: membri dei comitati contro la guerra, collettivi studenteschi, ma anche semplici cittadini desiderosi di manifestare la propria indignazione. \u00ab<b>Basta armi a Israele<\/b>\u00bb, \u00abFuori Israele genocida dal porto di Ravenna\u00bb, \u00abFine dell\u2019occupazione, Palestina libera\u00bb, si leggeva negli striscioni che aprivano il corteo. La manifestazione, organizzata da BDS, ha ottenuto una prima vittoria parziale: l\u2019annuncio del corteo ha infatti causato l\u2019annullamento di un incontro programmato nell\u2019ambito del progetto UnderSec, cofinanziato dall\u2019Unione Europea nel quadro di Horizon Europe e che vede il porto di Ravenna collaborare con Israele e con l\u2019azienda militare Rafael nello\u00a0<b>sviluppo di sistemi di sorveglianza e sicurezza marittima<\/b>. \u00abIsraele \u00e8 leader mondiale in questo campo \u2014 ha spiegato a\u00a0<i>L\u2019Indipendente<\/i>\u00a0Ionne Guerrini di BDS \u2014: dove ci sono progetti che richiedono lo sviluppo di dispositivi militari, Israele c\u2019\u00e8, perch\u00e9 ha la possibilit\u00e0 di testarli direttamente sul campo, sulla pelle dei palestinesi\u00bb.\u00a0\u00abUfficialmente l\u2019incontro di UnderSec \u00e8 stato annullato per mancanza di iscritti \u2014 continua Linda Maggiori \u2014, in realt\u00e0 noi pensiamo sia accaduto perch\u00e9 la citt\u00e0 si \u00e8 ribellata\u00bb.<\/p>\n<p>Se da una parte i cittadini fanno sentire la propria voce, dall\u2019altra<b>\u00a0continua il silenzio complice delle istituzioni locali e regionali\u00a0<\/b>che, in linea con quanto accade nei governi di tutta Europa, da un lato condannano il massacro a Gaza ma dall\u2019altro non adottano alcuna misura concreta.\u00a0Sia il sindaco di Ravenna, Alessandro Barattoni, sia il presidente della Regione, Michele de Pascale, hanno dichiarato di voler interrompere le relazioni con Israele e si sono detti sorpresi del passaggio di armi attraverso il porto. In realt\u00e0, sottolineano gli attivisti,\u00a0<b>le istituzioni sono perfettamente a conoscenza sia del progetto UnderSec<\/b>\u00a0sia dei traffici che avvengono nello scalo, dove la principale societ\u00e0 di gestione, la Sapir, \u00e8 controllata in maggioranza da Regione, Comune e Provincia.<\/p>\n<p>\u00abQuesta manifestazione ha proprio\u00a0<b>lo scopo di obbligare le autorit\u00e0 a uscire dal silenzio<\/b>\u00a0\u2014 conclude Ionne Guerrini \u2014. Le dichiarazioni della Corte penale internazionale impongono alle istituzioni di prendere provvedimenti. Altrimenti sono complici di genocidio\u00bb. E purtroppo lo siamo anche noi.<\/p>\n<p><strong>FONTE:\u00a0<a href=\"https:\/\/www.lindipendente.online\/2025\/09\/17\/ravenna-si-ribella-migliaia-al-porto-per-bloccare-le-armi-dirette-a-israele\">https:\/\/www.lindipendente.online\/2025\/09\/17\/ravenna-si-ribella-migliaia-al-porto-per-bloccare-le-armi-dirette-a-israele<\/a><\/strong><\/p>\n","protected":false},"excerpt":{"rendered":"<p>di L&#8217;INDIPENDENTE (Fulvio Zappatore) Nel momento in cui Israele\u00a0compie\u00a0un ulteriore passo nell\u2019offensiva nella Striscia di Gaza, occupando Gaza City, e mentre la comunit\u00e0 internazionale continua ad esitare nel fare dei passi decisivi ancora dopo due anni di genocidio contro la popolazione civile,\u00a0da Ravenna si alza forte la voce dei cittadini. Ieri, marted\u00ec 16 settembre,\u00a0migliaia\u00a0di persone sono scese in piazza contro l\u2019invio di armi\u00a0dal porto romagnolo, da cui continuano a partire forniture a sostegno dell\u2019esercito di&#46;&#46;&#46;<\/p>\n","protected":false},"author":112,"featured_media":84764,"comment_status":"open","ping_status":"open","sticky":false,"template":"","format":"standard","meta":{"jetpack_post_was_ever_published":false,"_jetpack_newsletter_access":"","_jetpack_dont_email_post_to_subs":false,"_jetpack_newsletter_tier_id":0,"_jetpack_memberships_contains_paywalled_content":false,"_jetpack_memberships_contains_paid_content":false,"footnotes":"","jetpack_publicize_message":"","jetpack_publicize_feature_enabled":true,"jetpack_social_post_already_shared":true,"jetpack_social_options":{"image_generator_settings":{"template":"highway","enabled":false},"version":2}},"categories":[32],"tags":[],"jetpack_publicize_connections":[],"jetpack_featured_media_url":"https:\/\/appelloalpopolo.it\/wp-content\/uploads\/2024\/04\/LIndipendente.online.jpg","jetpack_sharing_enabled":true,"jetpack_shortlink":"https:\/\/wp.me\/p7ZaJ4-nSn","_links":{"self":[{"href":"https:\/\/appelloalpopolo.it\/index.php?rest_route=\/wp\/v2\/posts\/91783"}],"collection":[{"href":"https:\/\/appelloalpopolo.it\/index.php?rest_route=\/wp\/v2\/posts"}],"about":[{"href":"https:\/\/appelloalpopolo.it\/index.php?rest_route=\/wp\/v2\/types\/post"}],"author":[{"embeddable":true,"href":"https:\/\/appelloalpopolo.it\/index.php?rest_route=\/wp\/v2\/users\/112"}],"replies":[{"embeddable":true,"href":"https:\/\/appelloalpopolo.it\/index.php?rest_route=%2Fwp%2Fv2%2Fcomments&post=91783"}],"version-history":[{"count":1,"href":"https:\/\/appelloalpopolo.it\/index.php?rest_route=\/wp\/v2\/posts\/91783\/revisions"}],"predecessor-version":[{"id":91784,"href":"https:\/\/appelloalpopolo.it\/index.php?rest_route=\/wp\/v2\/posts\/91783\/revisions\/91784"}],"wp:featuredmedia":[{"embeddable":true,"href":"https:\/\/appelloalpopolo.it\/index.php?rest_route=\/wp\/v2\/media\/84764"}],"wp:attachment":[{"href":"https:\/\/appelloalpopolo.it\/index.php?rest_route=%2Fwp%2Fv2%2Fmedia&parent=91783"}],"wp:term":[{"taxonomy":"category","embeddable":true,"href":"https:\/\/appelloalpopolo.it\/index.php?rest_route=%2Fwp%2Fv2%2Fcategories&post=91783"},{"taxonomy":"post_tag","embeddable":true,"href":"https:\/\/appelloalpopolo.it\/index.php?rest_route=%2Fwp%2Fv2%2Ftags&post=91783"}],"curies":[{"name":"wp","href":"https:\/\/api.w.org\/{rel}","templated":true}]}}