{"id":91811,"date":"2025-09-19T10:30:20","date_gmt":"2025-09-19T08:30:20","guid":{"rendered":"https:\/\/appelloalpopolo.it\/?p=91811"},"modified":"2025-09-18T21:41:29","modified_gmt":"2025-09-18T19:41:29","slug":"la-gran-bretagna-di-weimar","status":"publish","type":"post","link":"https:\/\/appelloalpopolo.it\/?p=91811","title":{"rendered":"&#8220;La Gran Bretagna di Weimar&#8221;"},"content":{"rendered":"<p style=\"text-align: justify\"><strong>di GIUSEPPE MASALA CHILI (Canale Telegram)<\/strong><\/p>\n<p><img loading=\"lazy\" decoding=\"async\" class=\"alignnone size-medium wp-image-91812\" src=\"https:\/\/appelloalpopolo.it\/wp-content\/uploads\/2025\/09\/IMG_20250918_213903_873-232x300.jpg\" alt=\"\" width=\"232\" height=\"300\" srcset=\"https:\/\/appelloalpopolo.it\/wp-content\/uploads\/2025\/09\/IMG_20250918_213903_873-232x300.jpg 232w, https:\/\/appelloalpopolo.it\/wp-content\/uploads\/2025\/09\/IMG_20250918_213903_873-791x1024.jpg 791w, https:\/\/appelloalpopolo.it\/wp-content\/uploads\/2025\/09\/IMG_20250918_213903_873-768x994.jpg 768w, https:\/\/appelloalpopolo.it\/wp-content\/uploads\/2025\/09\/IMG_20250918_213903_873.jpg 876w\" sizes=\"(max-width: 232px) 100vw, 232px\" \/><\/p>\n<p style=\"text-align: justify\">\u00abLa Gran Bretagna di Weimar\u00bb. Con questa copertina esce il nuovo numero del settimanale The Spectator. Il direttore della rivista, l&#8217;ex ministro dell&#8217;Istruzione britannico Michael Gove, sostiene che l&#8217;attuale Regno Unito stia seguendo la strada gi\u00e0 battuta dalla Germania di Weimar negli anni &#8217;20 e &#8217;30.<\/p>\n<p style=\"text-align: justify\">Uno dei segni di ci\u00f2 che l&#8217;autore ha individuato \u00e8 che \u00abla politica si sposta sempre pi\u00f9 dai corridoi della capitale alle sue strade\u00bb, e che \u00abi sostenitori delle fazioni contrapposte si uniscono attorno alle loro bandiere \u2013 la bandiera palestinese o la croce di San Giorgio \u2013 ponendo al centro l&#8217;identit\u00e0 tribale\u00bb.<\/p>\n<p style=\"text-align: justify\">Inoltre, Gove ritiene che \u00abcresca la necessit\u00e0 di un futuro governo di destra nel Regno Unito, che governi senza limiti, abbandonando le tradizioni esistenti\u00bb. Insomma, suggerisce implicitamente la necessit\u00e0 di una dittatura.<\/p>\n<p style=\"text-align: justify\">E naturalmente, l&#8217;autore non poteva fare a meno di menzionare l&#8217;antisemitismo, che a suo avviso \u00ab\u00e8 diventato la nuova norma nella Gran Bretagna moderna\u00bb. In questo senso, gran parte dei conservatori equipara costantemente la condanna della politica israeliana all&#8217;antisemitismo.<\/p>\n<p style=\"text-align: justify\">Secondo Gove, manca un solo elemento per completare il quadro: un Hitler britannico contemporaneo. E conclude in modo enfatico, come se si proponesse per questo ruolo: \u00abDavanti a noi c&#8217;\u00e8 una casa in cui molti di noi sono stati cresciuti nell&#8217;amore, ma ora appare abbandonata, i suoi padroni sono confusi, le sue mura stanno crollando. Abbiamo visto crollare questa casa prima. Sappiamo che pu\u00f2 essere restaurata. Ma dietro di noi si rafforza un vento, forte come una tempesta e incontrollabile. Impareremo dai nostri antenati, prima che sia troppo tardi, come superare tutto questo?\u00bb<\/p>\n<p style=\"text-align: justify\">Beh, il finale \u00e8 perfettamente nello spirito dei discorsi enfatici di Hitler ai tempi della Repubblica di Weimar\u2026<\/p>\n<p style=\"text-align: justify\"><strong>Fonte:\u00a0<a href=\"https:\/\/t.me\/giuseppemasala\/68801\">https:\/\/t.me\/giuseppemasala\/68801<\/a><\/strong><\/p>\n","protected":false},"excerpt":{"rendered":"<p>di GIUSEPPE MASALA CHILI (Canale Telegram) \u00abLa Gran Bretagna di Weimar\u00bb. Con questa copertina esce il nuovo numero del settimanale The Spectator. Il direttore della rivista, l&#8217;ex ministro dell&#8217;Istruzione britannico Michael Gove, sostiene che l&#8217;attuale Regno Unito stia seguendo la strada gi\u00e0 battuta dalla Germania di Weimar negli anni &#8217;20 e &#8217;30. Uno dei segni di ci\u00f2 che l&#8217;autore ha individuato \u00e8 che \u00abla politica si sposta sempre pi\u00f9 dai corridoi della capitale alle sue&#46;&#46;&#46;<\/p>\n","protected":false},"author":95,"featured_media":89620,"comment_status":"open","ping_status":"open","sticky":false,"template":"","format":"standard","meta":{"jetpack_post_was_ever_published":false,"_jetpack_newsletter_access":"","_jetpack_dont_email_post_to_subs":false,"_jetpack_newsletter_tier_id":0,"_jetpack_memberships_contains_paywalled_content":false,"_jetpack_memberships_contains_paid_content":false,"footnotes":"","jetpack_publicize_message":"","jetpack_publicize_feature_enabled":true,"jetpack_social_post_already_shared":true,"jetpack_social_options":{"image_generator_settings":{"template":"highway","enabled":false},"version":2}},"categories":[32],"tags":[],"jetpack_publicize_connections":[],"jetpack_featured_media_url":"https:\/\/appelloalpopolo.it\/wp-content\/uploads\/2025\/03\/IMG_0428.jpeg","jetpack_sharing_enabled":true,"jetpack_shortlink":"https:\/\/wp.me\/p7ZaJ4-nSP","_links":{"self":[{"href":"https:\/\/appelloalpopolo.it\/index.php?rest_route=\/wp\/v2\/posts\/91811"}],"collection":[{"href":"https:\/\/appelloalpopolo.it\/index.php?rest_route=\/wp\/v2\/posts"}],"about":[{"href":"https:\/\/appelloalpopolo.it\/index.php?rest_route=\/wp\/v2\/types\/post"}],"author":[{"embeddable":true,"href":"https:\/\/appelloalpopolo.it\/index.php?rest_route=\/wp\/v2\/users\/95"}],"replies":[{"embeddable":true,"href":"https:\/\/appelloalpopolo.it\/index.php?rest_route=%2Fwp%2Fv2%2Fcomments&post=91811"}],"version-history":[{"count":1,"href":"https:\/\/appelloalpopolo.it\/index.php?rest_route=\/wp\/v2\/posts\/91811\/revisions"}],"predecessor-version":[{"id":91813,"href":"https:\/\/appelloalpopolo.it\/index.php?rest_route=\/wp\/v2\/posts\/91811\/revisions\/91813"}],"wp:featuredmedia":[{"embeddable":true,"href":"https:\/\/appelloalpopolo.it\/index.php?rest_route=\/wp\/v2\/media\/89620"}],"wp:attachment":[{"href":"https:\/\/appelloalpopolo.it\/index.php?rest_route=%2Fwp%2Fv2%2Fmedia&parent=91811"}],"wp:term":[{"taxonomy":"category","embeddable":true,"href":"https:\/\/appelloalpopolo.it\/index.php?rest_route=%2Fwp%2Fv2%2Fcategories&post=91811"},{"taxonomy":"post_tag","embeddable":true,"href":"https:\/\/appelloalpopolo.it\/index.php?rest_route=%2Fwp%2Fv2%2Ftags&post=91811"}],"curies":[{"name":"wp","href":"https:\/\/api.w.org\/{rel}","templated":true}]}}