{"id":91814,"date":"2025-09-22T08:30:37","date_gmt":"2025-09-22T06:30:37","guid":{"rendered":"https:\/\/appelloalpopolo.it\/?p=91814"},"modified":"2025-09-21T10:48:19","modified_gmt":"2025-09-21T08:48:19","slug":"91814","status":"publish","type":"post","link":"https:\/\/appelloalpopolo.it\/?p=91814","title":{"rendered":"Se la Lituania&#8230;"},"content":{"rendered":"<p style=\"text-align: justify\"><strong>di TERMOMETRO GEOPOLITICO (Francesco Dall&#8217;Aglio)<\/strong><\/p>\n<p><img loading=\"lazy\" decoding=\"async\" class=\"alignnone size-medium wp-image-91815\" src=\"https:\/\/appelloalpopolo.it\/wp-content\/uploads\/2025\/09\/FB_IMG_1758439924667-300x203.jpg\" alt=\"\" width=\"300\" height=\"203\" srcset=\"https:\/\/appelloalpopolo.it\/wp-content\/uploads\/2025\/09\/FB_IMG_1758439924667-300x203.jpg 300w, https:\/\/appelloalpopolo.it\/wp-content\/uploads\/2025\/09\/FB_IMG_1758439924667-768x518.jpg 768w, https:\/\/appelloalpopolo.it\/wp-content\/uploads\/2025\/09\/FB_IMG_1758439924667.jpg 800w\" sizes=\"(max-width: 300px) 100vw, 300px\" \/><\/p>\n<p style=\"text-align: justify\">Se la Lituania fosse un paese serio e non la Ruritania de &#8220;Il prigioniero di Zenda&#8221;, e soprattutto se avesse un&#8217;aviazione militare in grado di dare seguito ai deliri, che allego in foto, della propria Ministra della difesa Dovil\u0117 \u0160akalien\u0117 (la Lituania, come gli altri due etnostati amici suoi, non ha un&#8217;aviazione militare e la sua difesa aerea \u00e8 affidata al nostro buon cuore), un paese serio come la Russia (vi piaccia o no, \u00e8 un paese serio), soprattutto dotato di un&#8217;aviazione militare, avrebbe gi\u00e0 cacciato l&#8217;ambasciatore ruritano, pardon lituano, a calci in culo e sarebbe passata alle vie di fatto, magari al grido di &#8220;Americ\u00e0, facce Tarzan&#8221;. Ma appunto, essendo la Lituania il set di un cappa e spada di fine &#8216;800, a Mosca se ne fregano, direi per fortuna, e ridono molto.<\/p>\n<p style=\"text-align: justify\">La parte interessante del delirio di onnipotenza della poveretta alla guida del dicastero della difesa ruritano non \u00e8 per\u00f2 la fantasia di vendetta sull&#8217;orco russo, ma l&#8217;idea che &#8220;la Turchia ha dato un esempio dieci anni fa&#8221; del fatto che se abbatti un aereo russo non ci sono conseguenze, anzi i NAFO ne faranno un cardine della loro mitologia.<\/p>\n<p style=\"text-align: justify\">La poveretta si riferisce all&#8217;incidente del 24 novembre 2015, quando un Sukhoi Su-24 (che \u00e8 un&#8217;aereo da attacco al suolo) \u00e8 stato abbattuto da un F-16 turco per una presunta violazione dello spazio aero mentre era impegnato in una operazione di bombardamento in Siria. Fin qui poco male, l&#8217;equipaggio si era lanciato con successo, ma una volta a terra (in Siria, tra l&#8217;altro, vicino al villaggio di Yamadi nel Latakia, il che getta un po&#8217; di dubbi sulla versione turca degli eventi, ovvero che l&#8217;aereo russo fosse in Turchia) il pilota \u00e8 stato ucciso dai ribelli siriani, un gruppo misto di turkmeni e Al-Nusra (parenti dei galantuomini al potere adesso, se non proprio gli stessi), che hanno ucciso anche un marine russo della squadra di recupero. La leggenda vuole che non vi sia stata nessuna conseguenza.<\/p>\n<p style=\"text-align: justify\">In realt\u00e0 ce ne sono state, e molte. Il giorno dopo l&#8217;incidente Medvedev, all&#8217;epoca primo ministro, cancell\u00f2 tutti i programmi di cooperazione economica con la Turchia, incluso il gasdotto Turkish Stream; le importazioni di prodotti alimentari turchi vennero bloccate, cos\u00ec come i permessi di lavoro dei turchi in Russia, i pacchetti-vacanza in Turchia e i voli charter dei tour operator russi, mentre i controlli di sicurezza sulle compagnie aeree turche negli scali russi furono aumentati talmente tanto da rendere loro sostanzialmente impossibile lavorarci. La campagna di bombardamento contro i turkmeni nel Latakia riprese con entusiasmo, ogni avvertimento turco a non operare vicino al confine venne ignorato completamente e i turchi si guardarono bene dall&#8217;intervenire di nuovo; un convoglio di &#8220;aiuti&#8221; proveniente dalla Turchia e diretto ai loro proxy in Siria venne bombardato e distrutto, il Ministero della Difesa russo interruppe ogni contatto con il suo omologo turco e la Turchia ed Erdogan personalmente vennero accusati ufficialmente di essere paesi sponsor del terrorismo e di ricavare profitto dal petrolio siriano contrabbandato dai ribelli che sostenevano.<\/p>\n<p style=\"text-align: justify\">La situazione si fece sempre pi\u00f9 tesa e anche in Turchia in parecchi cominciarono a chiedere al governo una ricomposizione, finch\u00e9 nel giugno 2016 Erdogan mand\u00f2 una lettera a Putin nella quale espresse &#8220;il suo pi\u00f9 profondo rammarico&#8221; per l&#8217;accaduto. Ciliegina sulla torta, i due piloti responsabili dell&#8217;abbattimento furono arrestati perch\u00e9, a detta sua, erano sospettati di appartenere al movimento g\u00fclenista e di avere dunque agito per danneggiare la Turchia e il suo governo.<br \/>\nNon un grandissimo esempio, insomma.<\/p>\n<p style=\"text-align: justify\"><em>#TGP #Lituania #Russia #Turchia #Nato<\/em><\/p>\n<p style=\"text-align: justify\"><em>Fonte: https:\/\/www.facebook.com\/francesco.dallaglio<\/em><\/p>\n<p style=\"text-align: justify\"><strong>Fonte: <a href=\"https:\/\/www.facebook.com\/share\/p\/19o3sojfhx\/\">https:\/\/www.facebook.com\/share\/p\/19o3sojfhx\/<\/a><\/strong><\/p>\n","protected":false},"excerpt":{"rendered":"<p>di TERMOMETRO GEOPOLITICO (Francesco Dall&#8217;Aglio) Se la Lituania fosse un paese serio e non la Ruritania de &#8220;Il prigioniero di Zenda&#8221;, e soprattutto se avesse un&#8217;aviazione militare in grado di dare seguito ai deliri, che allego in foto, della propria Ministra della difesa Dovil\u0117 \u0160akalien\u0117 (la Lituania, come gli altri due etnostati amici suoi, non ha un&#8217;aviazione militare e la sua difesa aerea \u00e8 affidata al nostro buon cuore), un paese serio come la Russia&#46;&#46;&#46;<\/p>\n","protected":false},"author":95,"featured_media":84835,"comment_status":"open","ping_status":"open","sticky":false,"template":"","format":"standard","meta":{"jetpack_post_was_ever_published":false,"_jetpack_newsletter_access":"","_jetpack_dont_email_post_to_subs":false,"_jetpack_newsletter_tier_id":0,"_jetpack_memberships_contains_paywalled_content":false,"_jetpack_memberships_contains_paid_content":false,"footnotes":"","jetpack_publicize_message":"","jetpack_publicize_feature_enabled":true,"jetpack_social_post_already_shared":true,"jetpack_social_options":{"image_generator_settings":{"template":"highway","enabled":false},"version":2}},"categories":[32],"tags":[],"jetpack_publicize_connections":[],"jetpack_featured_media_url":"https:\/\/appelloalpopolo.it\/wp-content\/uploads\/2024\/04\/termometro-geopolitico.png","jetpack_sharing_enabled":true,"jetpack_shortlink":"https:\/\/wp.me\/s7ZaJ4-91814","_links":{"self":[{"href":"https:\/\/appelloalpopolo.it\/index.php?rest_route=\/wp\/v2\/posts\/91814"}],"collection":[{"href":"https:\/\/appelloalpopolo.it\/index.php?rest_route=\/wp\/v2\/posts"}],"about":[{"href":"https:\/\/appelloalpopolo.it\/index.php?rest_route=\/wp\/v2\/types\/post"}],"author":[{"embeddable":true,"href":"https:\/\/appelloalpopolo.it\/index.php?rest_route=\/wp\/v2\/users\/95"}],"replies":[{"embeddable":true,"href":"https:\/\/appelloalpopolo.it\/index.php?rest_route=%2Fwp%2Fv2%2Fcomments&post=91814"}],"version-history":[{"count":2,"href":"https:\/\/appelloalpopolo.it\/index.php?rest_route=\/wp\/v2\/posts\/91814\/revisions"}],"predecessor-version":[{"id":91825,"href":"https:\/\/appelloalpopolo.it\/index.php?rest_route=\/wp\/v2\/posts\/91814\/revisions\/91825"}],"wp:featuredmedia":[{"embeddable":true,"href":"https:\/\/appelloalpopolo.it\/index.php?rest_route=\/wp\/v2\/media\/84835"}],"wp:attachment":[{"href":"https:\/\/appelloalpopolo.it\/index.php?rest_route=%2Fwp%2Fv2%2Fmedia&parent=91814"}],"wp:term":[{"taxonomy":"category","embeddable":true,"href":"https:\/\/appelloalpopolo.it\/index.php?rest_route=%2Fwp%2Fv2%2Fcategories&post=91814"},{"taxonomy":"post_tag","embeddable":true,"href":"https:\/\/appelloalpopolo.it\/index.php?rest_route=%2Fwp%2Fv2%2Ftags&post=91814"}],"curies":[{"name":"wp","href":"https:\/\/api.w.org\/{rel}","templated":true}]}}