{"id":91830,"date":"2025-09-22T08:30:25","date_gmt":"2025-09-22T06:30:25","guid":{"rendered":"https:\/\/appelloalpopolo.it\/?p=91830"},"modified":"2025-09-21T15:25:26","modified_gmt":"2025-09-21T13:25:26","slug":"francia-sullorlo-del-baratro-il-patto-segreto-tra-eurobond-e-bomba-atomica-che-potrebbe-salvare-o-distruggere-leuropa","status":"publish","type":"post","link":"https:\/\/appelloalpopolo.it\/?p=91830","title":{"rendered":"Francia sull\u2019Orlo del Baratro: il Patto Segreto tra Eurobond e Bomba Atomica che Potrebbe Salvare (o Distruggere) l\u2019Europa"},"content":{"rendered":"<p><strong>di VOCIDALLAGERMANIA (redazione)<\/strong><\/p>\n<p>&nbsp;<\/p>\n<div class=\"bs-blog-thumb\"><img loading=\"lazy\" decoding=\"async\" class=\"img-fluid attachment-full size-full wp-post-image\" src=\"https:\/\/vocidallagermania.it\/wp-content\/uploads\/2025\/09\/21933100-jpg-100-1920x1080-1.jpg\" alt=\"thomas meyer\" width=\"1920\" height=\"1080\" \/><\/div>\n<article class=\"small single\">&nbsp;<\/p>\n<div class=\"wp-block-spacer\" aria-hidden=\"true\"><\/div>\n<p class=\"has-medium-font-size\">La seconda economia dell\u2019Eurozona \u00e8 tecnicamente insolvente. Non si tratta di un\u2019esagerazione giornalistica, ma di una cruda realt\u00e0 finanziaria che si nasconde dietro la facciata di una delle nazioni pi\u00f9 potenti e culturalmente influenti del mondo. Mentre il dibattito pubblico si concentra sulle crisi immediate, una voragine si sta allargando silenziosamente sotto i piedi di Parigi, una crisi del debito cos\u00ec profonda da minacciare di trascinare con s\u00e9 l\u2019intero progetto europeo. Cosa succede quando un modello di stato sociale, un tempo invidiato, si rivela un castello di carte costruito sul debito? E se la via d\u2019uscita non si trovasse nei manuali di economia, ma in un rischiosissimo azzardo geopolitico che lega la finanza all\u2019arma pi\u00f9 potente del pianeta?<\/p>\n<p class=\"has-medium-font-size\">Questa non \u00e8 un\u2019ipotesi da catastrofisti, ma la fredda diagnosi che emerge dalla sferzante analisi dell\u2019economista\u00a0<strong>Thomas Mayer<\/strong>, pubblicata\u00a0<a href=\"https:\/\/www.cicero.de\/wirtschaft\/der-euro-vor-der-nachsten-zerreissprobe-die-franzosische-herausforderung\">sulla rivista\u00a0<em>Cicero<\/em><\/a>. Secondo Mayer, la Francia \u00e8 prigioniera di una condizione che dura da oltre cinquant\u2019anni: non un singolo bilancio in pareggio. Un\u2019abitudine alla spesa a credito che \u00e8 diventata una vera e propria \u201cdipendenza\u201d nazionale, utilizzata per finanziare tutto, dai servizi pubblici alle pensioni. Il risultato \u00e8 un debito pubblico che ha superato il 113% del PIL, quasi il doppio di quello tedesco, e un declassamento da parte di Fitch che ha solo certificato una malattia cronica. L\u2019ex Primo Ministro Fran\u00e7ois Bayrou, poco prima della sua caduta, ha descritto la situazione come una \u201cemorragia silenziosa e insopportabile\u201d, dove tutta la ricchezza creata in un anno viene divorata dal pagamento degli interessi ai creditori.<\/p>\n<div class=\"wp-block-spacer\" aria-hidden=\"true\"><\/div>\n<div class=\"wp-block-image\">\n<figure class=\"aligncenter size-full is-resized\"><img loading=\"lazy\" decoding=\"async\" class=\"wp-image-2738\" src=\"https:\/\/vocidallagermania.it\/wp-content\/uploads\/2025\/05\/download-1-1.jpg\" alt=\"rapporti francia germania\" width=\"278\" height=\"181\" \/><\/figure>\n<\/div>\n<div class=\"wp-block-spacer\" aria-hidden=\"true\"><\/div>\n<h3 class=\"wp-block-heading has-medium-font-size\">Il Gigante dai Piedi d\u2019Argilla: Radiografia del Debito Francese<\/h3>\n<p class=\"has-medium-font-size\">Per comprendere la magnitudine del problema, dobbiamo andare oltre le cifre percentuali e capire cosa significano nella vita reale. Significa che un\u2019intera nazione vive strutturalmente al di sopra delle proprie possibilit\u00e0. E il problema non \u00e8 confinato allo Stato. L\u2019analisi mostra come anche il settore privato francese\u2014famiglie, imprese e istituzioni finanziarie\u2014sia significativamente pi\u00f9 indebitato rispetto ai suoi vicini, come la Germania. Si \u00e8 creato un intero ecosistema economico che dipende dal flusso costante di nuovo debito per sostenersi, un meccanismo che funziona finch\u00e9 i tassi di interesse restano bassi e la fiducia dei mercati alta. Ma ora, entrambi questi pilastri stanno vacillando.<\/p>\n<p class=\"has-medium-font-size\">La fragilit\u00e0 del sistema \u00e8 tale che qualsiasi shock esterno o interno pu\u00f2 innescare una crisi di fiducia. Non si tratta pi\u00f9 di una questione di \u201cse\u201d, ma di \u201cquando\u201d. Si discute molto online e sui media specializzati su quale sar\u00e0 la scintilla: un\u2019altra crisi energetica? Un rallentamento economico globale pi\u00f9 forte del previsto? O la semplice constatazione da parte degli investitori che il re \u00e8 nudo e che la capacit\u00e0\u00a0<a href=\"https:\/\/vocidallagermania.it\/category\/rapporti-francia-germania\/\">della Francia<\/a>\u00a0di ripagare i suoi debiti \u00e8 seriamente compromessa?\u00a0<strong>Il punto \u00e8 che la sostenibilit\u00e0 del debito francese non \u00e8 pi\u00f9 un dato di fatto, ma un atto di fede.<\/strong><\/p>\n<div class=\"wp-block-spacer\" aria-hidden=\"true\"><\/div>\n<figure class=\"wp-block-image size-large\"><img loading=\"lazy\" decoding=\"async\" class=\"wp-image-2737\" src=\"https:\/\/vocidallagermania.it\/wp-content\/uploads\/2025\/05\/eu-flag-2108026_1280-1280x640-1-1-960x480.jpg\" alt=\"rapporti francia germania\" width=\"960\" height=\"480\" \/><\/figure>\n<div class=\"wp-block-spacer\" aria-hidden=\"true\"><\/div>\n<h3 class=\"wp-block-heading\">Quando la Politica si Arrende: Cronaca di un\u2019Ingovernabilit\u00e0 Annunciata<\/h3>\n<p class=\"has-medium-font-size\">Come si \u00e8 arrivati a questo punto? La risposta, dolorosa ma onesta, risiede in una completa paralisi politica. La Francia si \u00e8 trasformata in un Paese essenzialmente irriformabile. Ogni governo che ha tentato di introdurre misure, anche modeste, di contenimento della spesa pubblica si \u00e8 scontrato con un muro di gomma fatto di proteste di piazza, scioperi paralizzanti e veti incrociati in un Parlamento frammentato. La caduta del governo Bayrou, sacrificato sull\u2019altare di un piano di risparmi da 44 miliardi di euro, \u00e8 solo l\u2019ultimo capitolo di questa saga di impotenza.<\/p>\n<p class=\"has-medium-font-size\">Il Presidente Emmanuel Macron si trova in una posizione impossibile, stretto tra la necessit\u00e0 di rassicurare i mercati con riforme strutturali e l\u2019impossibilit\u00e0 politica di attuarle. La nomina di un nuovo premier, il terzo in poco pi\u00f9 di un anno, \u00e8 percepita pi\u00f9 come un tentativo di prendere tempo che come una soluzione strategica.\u00a0<strong><a href=\"https:\/\/vocidallagermania.it\/category\/rapporti-francia-germania\/\">La Francia<\/a>\u00a0sembra prigioniera del suo stesso mito, quello di un welfare generoso e universale che nessuno ha il coraggio di dichiarare finanziariamente defunto.<\/strong>\u00a0La popolazione si oppone con tenacia a qualsiasi riduzione dei benefici acquisiti, e la classe politica, priva di una maggioranza stabile, non ha la forza di imporre una cura che sa essere indispensabile ma politicamente suicida.<\/p>\n<div class=\"wp-block-spacer\" aria-hidden=\"true\"><\/div>\n<figure class=\"wp-block-image size-large\"><img loading=\"lazy\" decoding=\"async\" class=\"wp-image-2735\" src=\"https:\/\/vocidallagermania.it\/wp-content\/uploads\/2025\/05\/f4ac6835-196c-4b7b-a1a8-cffb718dc469-960x960.jpeg\" alt=\"rapporti franco-tedeschi\" width=\"960\" height=\"960\" \/><\/figure>\n<div class=\"wp-block-spacer\" aria-hidden=\"true\"><\/div>\n<h3 class=\"wp-block-heading\">Perch\u00e9 la Francia \u00e8 \u201cToo Big to Save\u201d: L\u2019Impotenza degli Strumenti Europei<\/h3>\n<p class=\"has-medium-font-size\">Durante la crisi dei debiti sovrani di un decennio fa, l\u2019Europa ha creato meccanismi di salvataggio per nazioni come Grecia e Portogallo. Ma la Francia non \u00e8 la Grecia. Il suo mercato del debito, insieme a quello italiano, \u00e8 uno dei pi\u00f9 grandi del mondo. \u00c8, semplicemente, troppo grande per essere salvata (\u201ctoo big to save\u201d) con gli strumenti convenzionali. Un salvataggio richiederebbe risorse che l\u2019Eurozona non possiede.<\/p>\n<p class=\"has-medium-font-size\">Inoltre, \u00e8 politicamente inimmaginabile che Parigi possa accettare le condizioni di un programma di aiuti esterno, percepito come un \u201cdiktat\u201d di Bruxelles o Berlino. L\u2019orgoglio nazionale e il suo peso politico lo impedirebbero. Anche gli strumenti pi\u00f9 sofisticati della Banca Centrale Europea, come lo scudo anti-spread noto come TPI (Transmission Protection Instrument), sono inapplicabili. Le sue stesse regole richiedono finanze pubbliche sane e assenza di squilibri macroeconomici, ovvero l\u2019esatto opposto della situazione francese.\u00a0<strong>Attivare il TPI per la Francia significherebbe stracciare le regole del gioco, distruggendo la credibilit\u00e0 della BCE<\/strong>\u00a0e ammettendo che le leggi valgono per i piccoli ma non per i grandi. La cassetta degli attrezzi europea, di fronte al paziente francese, \u00e8 drammaticamente vuota.<\/p>\n<div class=\"wp-block-spacer\" aria-hidden=\"true\"><\/div>\n<figure class=\"wp-block-image size-large\"><img loading=\"lazy\" decoding=\"async\" class=\"wp-image-2734\" src=\"https:\/\/vocidallagermania.it\/wp-content\/uploads\/2025\/05\/d93b417c-bcd6-469b-a4f1-d036704d4c05-960x960.jpeg\" alt=\"rapporti franco-tedeschi\" width=\"960\" height=\"960\" \/><\/figure>\n<div class=\"wp-block-spacer\" aria-hidden=\"true\"><\/div>\n<h3 class=\"wp-block-heading\">L\u2019Opzione Nucleare: il Patto Segreto tra Eurobond e Force de Frappe<\/h3>\n<p class=\"has-medium-font-size\">Ed \u00e8 qui che l\u2019analisi di Thomas Mayer si spinge verso uno scenario che trascende l\u2019economia per entrare nel regno della grande strategia geopolitica. Se tutte le vie d\u2019uscita convenzionali sono sbarrate, se ne deve esplorare una non convenzionale. Questa via si chiama\u00a0<strong>mutualizzazione del debito su vasta scala tramite gli Eurobond.<\/strong>\u00a0Il tab\u00f9 \u00e8 stato rotto con il NextGenerationEU, giustificato dalla pandemia. Ora, la nuova grande narrazione per giustificare un passo simile potrebbe essere la difesa comune europea di fronte alle crescenti minacce globali.<\/p>\n<p class=\"has-medium-font-size\">In questo scenario, la Francia potrebbe \u201cesternalizzare\u201d parte delle sue colossali spese per la difesa, finanziandole con debito garantito da tutti i partner dell\u2019Eurozona. Ma perch\u00e9 la Germania, la nazione del rigore, dovrebbe accettare di condividere il fardello di un partner cos\u00ec fiscalmente indisciplinato? La risposta, secondo Mayer, risiede nell\u2019unica, potentissima merce di scambio che Parigi possiede: la\u00a0<strong>Force de Frappe, il suo arsenale nucleare.<\/strong>\u00a0Con la garanzia di sicurezza americana sempre pi\u00f9 incerta, l\u2019ombrello nucleare francese diventa un asset strategico di valore incalcolabile. L\u2019ipotesi \u00e8 quella di un patto non scritto, un grande baratto:\u00a0<strong>la Germania approva gli Eurobond per salvare la Francia dal collasso finanziario, e in cambio Parigi estende il suo scudo atomico a protezione di Berlino.<\/strong><\/p>\n<div class=\"wp-block-spacer\" aria-hidden=\"true\"><\/div>\n<figure class=\"wp-block-image size-large\"><img loading=\"lazy\" decoding=\"async\" class=\"wp-image-3016\" src=\"https:\/\/vocidallagermania.it\/wp-content\/uploads\/2025\/06\/Gemini_Generated_Image_jvt668jvt668jvt6-960x960.jpeg\" alt=\"Manifesto SPD per la pace con la Russia\" width=\"960\" height=\"960\" \/><\/figure>\n<div class=\"wp-block-spacer\" aria-hidden=\"true\"><\/div>\n<h3 class=\"wp-block-heading\">Comprare Tempo a Debito: Qual \u00e8 il Prezzo per il Futuro dell\u2019Euro?<\/h3>\n<p class=\"has-medium-font-size\">Un simile accordo, per quanto politicamente astuto, non risolverebbe i problemi strutturali della Francia. Sarebbe un gigantesco calcio al barattolo, una mossa per comprare tempo. Permetterebbe a Parigi di evitare riforme dolorose e alla Germania di acquisire una profondit\u00e0 strategica che non ha mai avuto dalla fine della Seconda Guerra Mondiale. Ma sarebbe come curare una malattia cronica con dosi massicce di morfina: si maschera il dolore, ma l\u2019organismo continua a deteriorarsi.<\/p>\n<p class=\"has-medium-font-size\"><strong>Staremmo comprando tempo, ma lo staremmo comprando a debito, ipotecando la credibilit\u00e0 futura dell\u2019euro.<\/strong>\u00a0Cosa succederebbe alla fiducia nella moneta unica quando i mercati globali capiranno che la sua stabilit\u00e0 non poggia pi\u00f9 sulla disciplina fiscale tedesca, ma su un delicato e opaco equilibrio del terrore? L\u2019analisi di Mayer \u00e8 pessimistica: prima o poi, la corda si spezzer\u00e0. La fiducia croller\u00e0, il valore dell\u2019euro si deprezzer\u00e0, e l\u2019inflazione torner\u00e0 a farsi sentire. L\u2019unione monetaria pu\u00f2 forse posticipare il giorno del giudizio, ma non pu\u00f2 cancellarlo.<\/p>\n<div class=\"wp-block-spacer\" aria-hidden=\"true\"><\/div>\n<figure class=\"wp-block-image size-large\"><img loading=\"lazy\" decoding=\"async\" class=\"wp-image-3214\" src=\"https:\/\/vocidallagermania.it\/wp-content\/uploads\/2025\/09\/21933100-jpg-100-1920x1080-1-960x540.jpg\" alt=\"thomas meyer\" width=\"960\" height=\"540\" \/><figcaption class=\"wp-element-caption\">Thomas Mayer<\/figcaption><\/figure>\n<div class=\"wp-block-spacer\" aria-hidden=\"true\"><\/div>\n<h3 class=\"wp-block-heading\">Il Giorno della Resa dei Conti: una Domanda Aperta per il Nostro Futuro<\/h3>\n<p class=\"has-medium-font-size\">La crisi del debito francese smette cos\u00ec di essere un problema tecnico per economisti e diventa una questione esistenziale per ogni cittadino europeo. Ci costringe a interrogarci sulla vera natura della nostra Unione. Qual \u00e8 il limite della solidariet\u00e0 finanziaria? Siamo disposti a scambiare la condivisione del debito con la condivisione della sicurezza militare? E che cosa significa davvero sovranit\u00e0 nazionale in un mondo dove la finanza di un Paese e la difesa di un altro sono cos\u00ec fatalmente interconnesse?<\/p>\n<p class=\"has-medium-font-size\">La crepa che si sta allargando sotto Parigi non minaccia solo un Paese, ma l\u2019intero edificio europeo. Ci pone di fronte alla domanda pi\u00f9 difficile di tutte: siamo pronti a pagare il prezzo, qualunque esso sia, per tenere insieme il nostro progetto comune, o stiamo semplicemente assistendo, impotenti, al prologo del suo inevitabile smantellamento?<\/p>\n<\/article>\n","protected":false},"excerpt":{"rendered":"<p>di VOCIDALLAGERMANIA (redazione) &nbsp; &nbsp; La seconda economia dell\u2019Eurozona \u00e8 tecnicamente insolvente. Non si tratta di un\u2019esagerazione giornalistica, ma di una cruda realt\u00e0 finanziaria che si nasconde dietro la facciata di una delle nazioni pi\u00f9 potenti e culturalmente influenti del mondo. Mentre il dibattito pubblico si concentra sulle crisi immediate, una voragine si sta allargando silenziosamente sotto i piedi di Parigi, una crisi del debito cos\u00ec profonda da minacciare di trascinare con s\u00e9 l\u2019intero progetto&#46;&#46;&#46;<\/p>\n","protected":false},"author":99,"featured_media":81877,"comment_status":"open","ping_status":"open","sticky":false,"template":"","format":"standard","meta":{"jetpack_post_was_ever_published":false,"_jetpack_newsletter_access":"","_jetpack_dont_email_post_to_subs":false,"_jetpack_newsletter_tier_id":0,"_jetpack_memberships_contains_paywalled_content":false,"_jetpack_memberships_contains_paid_content":false,"footnotes":"","jetpack_publicize_message":"","jetpack_publicize_feature_enabled":true,"jetpack_social_post_already_shared":true,"jetpack_social_options":{"image_generator_settings":{"template":"highway","enabled":false},"version":2}},"categories":[32],"tags":[],"jetpack_publicize_connections":[],"jetpack_featured_media_url":"https:\/\/appelloalpopolo.it\/wp-content\/uploads\/2023\/10\/cropped-cropped-cropped-cropped-cropped-cropped-cropped-cropped-cropped-Voci-dalla-Germania_logo-1.jpg","jetpack_sharing_enabled":true,"jetpack_shortlink":"https:\/\/wp.me\/p7ZaJ4-nT8","_links":{"self":[{"href":"https:\/\/appelloalpopolo.it\/index.php?rest_route=\/wp\/v2\/posts\/91830"}],"collection":[{"href":"https:\/\/appelloalpopolo.it\/index.php?rest_route=\/wp\/v2\/posts"}],"about":[{"href":"https:\/\/appelloalpopolo.it\/index.php?rest_route=\/wp\/v2\/types\/post"}],"author":[{"embeddable":true,"href":"https:\/\/appelloalpopolo.it\/index.php?rest_route=\/wp\/v2\/users\/99"}],"replies":[{"embeddable":true,"href":"https:\/\/appelloalpopolo.it\/index.php?rest_route=%2Fwp%2Fv2%2Fcomments&post=91830"}],"version-history":[{"count":1,"href":"https:\/\/appelloalpopolo.it\/index.php?rest_route=\/wp\/v2\/posts\/91830\/revisions"}],"predecessor-version":[{"id":91831,"href":"https:\/\/appelloalpopolo.it\/index.php?rest_route=\/wp\/v2\/posts\/91830\/revisions\/91831"}],"wp:featuredmedia":[{"embeddable":true,"href":"https:\/\/appelloalpopolo.it\/index.php?rest_route=\/wp\/v2\/media\/81877"}],"wp:attachment":[{"href":"https:\/\/appelloalpopolo.it\/index.php?rest_route=%2Fwp%2Fv2%2Fmedia&parent=91830"}],"wp:term":[{"taxonomy":"category","embeddable":true,"href":"https:\/\/appelloalpopolo.it\/index.php?rest_route=%2Fwp%2Fv2%2Fcategories&post=91830"},{"taxonomy":"post_tag","embeddable":true,"href":"https:\/\/appelloalpopolo.it\/index.php?rest_route=%2Fwp%2Fv2%2Ftags&post=91830"}],"curies":[{"name":"wp","href":"https:\/\/api.w.org\/{rel}","templated":true}]}}