{"id":91859,"date":"2025-09-24T08:00:30","date_gmt":"2025-09-24T06:00:30","guid":{"rendered":"https:\/\/appelloalpopolo.it\/?p=91859"},"modified":"2025-09-23T11:23:48","modified_gmt":"2025-09-23T09:23:48","slug":"linconcludenza-dellindignazione-liberal","status":"publish","type":"post","link":"https:\/\/appelloalpopolo.it\/?p=91859","title":{"rendered":"L&#8217;inconcludenza dell&#8217;indignazione liberal"},"content":{"rendered":"<p><strong>da FERDINANDO PASTORE (pagina Facebook)<\/strong><\/p>\n<p>Dopo due anni di silenzio omertoso sulla tragedia genocidaria di Gaza, i liberal di ogni latitudine appaiono rianimati da un entusiasta spirito battagliero, corroborato dal protagonismo delle loro fondazioni, dei loro club, delle loro associazioni che predicano una globalizzazione dei mercati contraddistinta da un incorporeo impulso umanitario.<\/p>\n<p>Uno spirito poco dedito alle cause dell&#8217;ingiustizia provocata dalla tirannia dei mercati e dei loro sovrani, ma molto attento alla compensazione filantropica, all&#8217;empatia dello star system, alla generosit\u00e0 caritatevole di oligarchi pi\u00f9 inclini di altri a investire sulla piet\u00e0 umana.<\/p>\n<p>Si assiste dunque a una mobilitazione civilizzatrice che non d\u00e0 alcuna speranza ai popoli diseredati e alle classi sfruttate. N\u00e9 terrena come si proponeva di ottenere il socialismo n\u00e9 celeste dato che perlomeno il cristianesimo prospettava una salvezza immortale anche per gli ultimi nel regno della vita eterna.<\/p>\n<p>Si avvera la celebrazione di un attivismo autocentrato, personalizzato, che non intende in alcun modo ragionare di modi di produzione, di orizzonti anticapitalisti, di conflitto sociale organizzato. Insomma che si bea dell&#8217;emersione della causa giusta, mediaticamente spettacolarizzata, nella quale spolverare quel pizzico di narcisismo cos\u00ec opportuno per industrializzare il proprio carisma.<\/p>\n<p>Dimostrazione ne \u00e8 il fatto che la questione palestinese non viene pi\u00f9 inquadrata, come \u00e8 avvenuto in questi anni di manifestazioni silenziate dal misticismo filo-sionista, in ambito antimperialista. Israele non viene identificato come un dispositivo paradigmatico della cultura occidentale che ha legalizzato la colonizzazione ridefinendola &#8220;guerra d&#8217;esportazione&#8221;. Tutto viene ridotto alla personificazione dell&#8217;orrore come se Benjamin Netanyahu e il suo governo fossero dei corpi estranei in una societ\u00e0 tutto sommato sana, come in fin dei conti lo \u00e8 quella rappresentata dalle fondazioni, dai club e dalle associazioni che analizzano la solidariet\u00e0 globale.<\/p>\n<p>Motivo per cui i palestinesi non incorporano pi\u00f9 quel popolo sprovvisto di ricchezze o di contropartite da offrire per salvarsi dalla mentalit\u00e0 predatoria di uno stato ultra-capitalista, quale \u00e8 Israele. Diventano una massa oscura, spoliticizzata nel suo errare per la sopravvivenza, priva di nazione, spogliata della sua lotta di autodeterminazione. Adatta a essere assorbita nella generica categoria di migrante quando la sua vita \u00e8 stata ormai rasa al suolo.<\/p>\n<p>E di concerto non \u00e8 un&#8217;indignazione che sconquassa le nostre strade che, tranne per qualche nostalgico novecentesco, continuano a essere percorse con placida leggerezza. I liberal non ce la fanno ad associare imperialismo e conflitto sociale, a concatenare le due dinamiche, a rappresentare la questione palestinese come espressione fondante della lotta di classe.<\/p>\n<p>La cultura del minimalismo progressista, quella dell&#8217;accigliato cinema italiano, per esempio, che sfila indifferentemente per Gaza e contro l&#8217;Iran, non permette di associare la guerra al salario, al lavoro, ai servizi, alla sicurezza, alle pensioni che i capitalisti combattono senza avversari da trent&#8217;anni con la soluzione finale dei palestinesi. Non lo permette perch\u00e9 l&#8217;essenza della democrazia \u00e8 la politicizzazione del conflitto, poco incline questo a farsi guidare da influencer e celebrit\u00e0. N\u00e9 da partiti di cartapesta.<\/p>\n<p><strong>FONTE:\u00a0<a href=\"https:\/\/www.facebook.com\/share\/1AbDoVB1HQ\/\">https:\/\/www.facebook.com\/share\/1AbDoVB1HQ\/<\/a><\/strong><\/p>\n","protected":false},"excerpt":{"rendered":"<p>da FERDINANDO PASTORE (pagina Facebook) Dopo due anni di silenzio omertoso sulla tragedia genocidaria di Gaza, i liberal di ogni latitudine appaiono rianimati da un entusiasta spirito battagliero, corroborato dal protagonismo delle loro fondazioni, dei loro club, delle loro associazioni che predicano una globalizzazione dei mercati contraddistinta da un incorporeo impulso umanitario. Uno spirito poco dedito alle cause dell&#8217;ingiustizia provocata dalla tirannia dei mercati e dei loro sovrani, ma molto attento alla compensazione filantropica, all&#8217;empatia&#46;&#46;&#46;<\/p>\n","protected":false},"author":103,"featured_media":89105,"comment_status":"open","ping_status":"open","sticky":false,"template":"","format":"standard","meta":{"jetpack_post_was_ever_published":false,"_jetpack_newsletter_access":"","_jetpack_dont_email_post_to_subs":false,"_jetpack_newsletter_tier_id":0,"_jetpack_memberships_contains_paywalled_content":false,"_jetpack_memberships_contains_paid_content":false,"footnotes":"","jetpack_publicize_message":"","jetpack_publicize_feature_enabled":true,"jetpack_social_post_already_shared":true,"jetpack_social_options":{"image_generator_settings":{"template":"highway","enabled":false},"version":2}},"categories":[32],"tags":[],"jetpack_publicize_connections":[],"jetpack_featured_media_url":"https:\/\/appelloalpopolo.it\/wp-content\/uploads\/2025\/02\/Ferdinando-Pastore.jpg","jetpack_sharing_enabled":true,"jetpack_shortlink":"https:\/\/wp.me\/p7ZaJ4-nTB","_links":{"self":[{"href":"https:\/\/appelloalpopolo.it\/index.php?rest_route=\/wp\/v2\/posts\/91859"}],"collection":[{"href":"https:\/\/appelloalpopolo.it\/index.php?rest_route=\/wp\/v2\/posts"}],"about":[{"href":"https:\/\/appelloalpopolo.it\/index.php?rest_route=\/wp\/v2\/types\/post"}],"author":[{"embeddable":true,"href":"https:\/\/appelloalpopolo.it\/index.php?rest_route=\/wp\/v2\/users\/103"}],"replies":[{"embeddable":true,"href":"https:\/\/appelloalpopolo.it\/index.php?rest_route=%2Fwp%2Fv2%2Fcomments&post=91859"}],"version-history":[{"count":1,"href":"https:\/\/appelloalpopolo.it\/index.php?rest_route=\/wp\/v2\/posts\/91859\/revisions"}],"predecessor-version":[{"id":91860,"href":"https:\/\/appelloalpopolo.it\/index.php?rest_route=\/wp\/v2\/posts\/91859\/revisions\/91860"}],"wp:featuredmedia":[{"embeddable":true,"href":"https:\/\/appelloalpopolo.it\/index.php?rest_route=\/wp\/v2\/media\/89105"}],"wp:attachment":[{"href":"https:\/\/appelloalpopolo.it\/index.php?rest_route=%2Fwp%2Fv2%2Fmedia&parent=91859"}],"wp:term":[{"taxonomy":"category","embeddable":true,"href":"https:\/\/appelloalpopolo.it\/index.php?rest_route=%2Fwp%2Fv2%2Fcategories&post=91859"},{"taxonomy":"post_tag","embeddable":true,"href":"https:\/\/appelloalpopolo.it\/index.php?rest_route=%2Fwp%2Fv2%2Ftags&post=91859"}],"curies":[{"name":"wp","href":"https:\/\/api.w.org\/{rel}","templated":true}]}}