{"id":91883,"date":"2025-09-24T11:25:39","date_gmt":"2025-09-24T09:25:39","guid":{"rendered":"https:\/\/appelloalpopolo.it\/?p=91883"},"modified":"2025-09-24T10:46:36","modified_gmt":"2025-09-24T08:46:36","slug":"non-solo-in-italia-stellantis-tira-giu-le-serrande-pure-in-francia","status":"publish","type":"post","link":"https:\/\/appelloalpopolo.it\/?p=91883","title":{"rendered":"Non solo in Italia: Stellantis tira gi\u00f9 le serrande pure in Francia"},"content":{"rendered":"<p><strong>DA START MAGAZINE (Di Carlo Terzano)<\/strong><\/p>\n<p><img loading=\"lazy\" decoding=\"async\" class=\"aligncenter\" src=\"https:\/\/www.startmag.it\/wp-content\/uploads\/stellantis-214-scaled-1170x550.jpg\" alt=\"stellantis francia\" width=\"425\" height=\"200\" \/><\/p>\n<p style=\"text-align: justify\">Anche in Francia i dipendenti Stellantis costretti alla cassa integrazione: dal 13 al 31 ottobre chiuder\u00e0 lo stabilimento di Poissy che non ha un piano industriale ben delineato per il dopo-Mokka e fa gola alla propriet\u00e0 qatariota del Paris Saint-Germain che vorrebbe realizzarci un nuovo stadio. E i lavoratori rischiano di finire in Serbia alle linee della Grande Panda, come i cugini italiani<\/p>\n<p style=\"text-align: justify\">\n<div class=\"vcex-post-content\">\n<p style=\"text-align: justify\">Mentre gli stabilimenti italiani di Stellantis boccheggiano, con il\u00a0<a href=\"https:\/\/www.corriere.it\/economia\/aziende\/25_agosto_28\/stellantis-il-62-dei-lavoratori-in-cassa-o-solidarieta-cosa-succede-a-termoli-pomigliano-e-mirafiori-a7f66d9f-d397-4fe0-9c1b-9aee4d8a3xlk.shtml\" target=\"_blank\" rel=\"noopener\" data-saferedirecturl=\"https:\/\/www.google.com\/url?q=https:\/\/www.corriere.it\/economia\/aziende\/25_agosto_28\/stellantis-il-62-dei-lavoratori-in-cassa-o-solidarieta-cosa-succede-a-termoli-pomigliano-e-mirafiori-a7f66d9f-d397-4fe0-9c1b-9aee4d8a3xlk.shtml&amp;source=gmail&amp;ust=1758716647615000&amp;usg=AOvVaw0BMjEmyDE1cisA-7X7LXY4\">62 per cento<\/a>\u00a0dei lavoratori di\u00a0<a href=\"https:\/\/www.startmag.it\/smartcity\/da-mirafiori-a-termoli-fino-a-pomigliano-ecco-lautunno-industriale-di-stellantis\/\" target=\"_blank\" rel=\"noopener\" data-saferedirecturl=\"https:\/\/www.google.com\/url?q=https:\/\/www.startmag.it\/smartcity\/da-mirafiori-a-termoli-fino-a-pomigliano-ecco-lautunno-industriale-di-stellantis\/&amp;source=gmail&amp;ust=1758716647615000&amp;usg=AOvVaw2veCJ5AUuoE2Xx42jMr7p2\">Mirafiori, Termoli e Pomigliano<\/a>\u00a0in cassa integrazione o solidariet\u00e0, il Gruppo italo-francese ora tira gi\u00f9 le serrande anche all\u2019impianto di di\u00a0<a href=\"https:\/\/www.reuters.com\/en\/stellantis-halt-production-three-weeks-its-poissy-plant-france-2025-09-22\/\" target=\"_blank\" rel=\"noopener\" data-saferedirecturl=\"https:\/\/www.google.com\/url?q=https:\/\/www.reuters.com\/en\/stellantis-halt-production-three-weeks-its-poissy-plant-france-2025-09-22\/&amp;source=gmail&amp;ust=1758716647615000&amp;usg=AOvVaw2GXZt4bp0UpgQ-kxXJvq_2\">Poissy<\/a>, alle porte di Parigi. E per i lavoratori d\u2019Oltralpe si manifesta di colpo il dubbio la desertificazione industriale del settore industriale che ha colpito il nostro Paese costituisse solo un\u2019anteprima della crisi in atto.<\/p>\n<p style=\"text-align: justify\"><strong><span style=\"font-size: 14pt\">IN FRANCIA COME IN ITALIA PER I DIPENDENTI STELLANTIS<\/span><\/strong><\/p>\n<p style=\"text-align: justify\">La chiusura riguarder\u00e0 2mila dipendenti per tre settimane, dal 13 al 31 ottobre 2025: 12 giorni in cassa integrazione pi\u00f9 tre di ferie forzate. Le difficili condizioni del mercato europeo \u2013 la spiegazione di Stellantis \u2013 aumentano il rischio di sovralimentare le scorte, perci\u00f2 in vista della fine dell\u2019anno meglio tirare il freno a mano.<\/p>\n<p style=\"text-align: justify\"><strong><span style=\"font-size: 14pt\">COSA PRODUCE POISSY<\/span><\/strong><\/p>\n<p style=\"text-align: justify\">L\u2019impianto di Poissy che sotto Psa produceva soprattutto la Peugeot 208 e le DS aveva beneficiato di un investimento di 150 milioni di euro cos\u00ec da consentirgli i dovuti aggiornamenti per la produzione di auto elettriche basate sulla piattaforma eCMP. Ma le auto elettriche, si sa, non stanno avendo la fortuna nelle vendite che ci si aspettava.<\/p>\n<p style=\"text-align: justify\">Dopo la fusione con Stellantis l\u2019impianto ha continuato a sfornare DS (attualmente DS3) aggiungendo anche le Opel Mokka: in totale ne produce 420 esemplari al d\u00ec. Troppi per vetture che non godono di particolare appeal n\u00e9 in Europa n\u00e9 sui rispettivi mercati di riferimento (ovvero la Francia e la Germania). La pausa, inoltre, sar\u00e0 sfruttata per interventi di manutenzione e per l\u2019organizzazione di corsi di formazione destinati ai dipendenti.<\/p>\n<p style=\"text-align: justify\"><strong><span style=\"font-size: 14pt\">UNO STABILIMENTO NEL PALLONE<\/span><\/strong><\/p>\n<p style=\"text-align: justify\">Sul futuro dell\u2019impianto francese che occupa una superficie di 180 ettari incombono interrogativi abnormi che coincidono non solo col fatto che l\u2019Opel Mokka sia ormai arrivata a fine carriera, dopo l\u2019ultimo maquillage del 2024, ma anche con la proposta qatariota di trasformarlo nel nuovo stadio del Paris Saint-Germain, interessato a quelle superfici per via della posizione strategica dei terreni a due passi da Parigi.<\/p>\n<p style=\"text-align: justify\"><strong><span style=\"font-size: 14pt\">LA SITUAZIONE FRANCESE IN SCIA A QUELLA ITALIANA?<\/span><\/strong><\/p>\n<p style=\"text-align: justify\">E mentre in Italia c\u2019\u00e8 chi \u00e8 arrivato a contare che il 2025 \u00e8 stato il\u00a0<a href=\"https:\/\/www.collettiva.it\/copertine\/lavoro\/mirafiori-stellantis-torino-in-cassa-integrazione-kd81poh6\" target=\"_blank\" rel=\"noopener\" data-saferedirecturl=\"https:\/\/www.google.com\/url?q=https:\/\/www.collettiva.it\/copertine\/lavoro\/mirafiori-stellantis-torino-in-cassa-integrazione-kd81poh6&amp;source=gmail&amp;ust=1758716647615000&amp;usg=AOvVaw2UsVJeGVXbpKmhH84sGioj\">18esimo anno di cassa per Mirafiori<\/a>, hub storico della Fiat, in Francia i sindacati scandalizzati sottolineano che non fosse mai accaduto prima di dover fermare gli impianti per ben tre settimane.<\/p>\n<p style=\"text-align: justify\">Quanto ai duemila lavoratori di Poissy si \u00e8 ventilata l\u2019ipotesi di trasferirli altrove, anche fuori dalla Francia. In merito la stampa locale ha fatto il nome dello\u00a0<a href=\"https:\/\/www.startmag.it\/smartcity\/le-ultime-follie-di-stellantis-in-italia\/\" target=\"_blank\" rel=\"noopener\" data-saferedirecturl=\"https:\/\/www.google.com\/url?q=https:\/\/www.startmag.it\/smartcity\/le-ultime-follie-di-stellantis-in-italia\/&amp;source=gmail&amp;ust=1758716647615000&amp;usg=AOvVaw0fP8-SazEgaCnfjSX6Sq74\">stabilimento serbo<\/a>\u00a0che accoglie gi\u00e0 gli operai italiani adibiti alla realizzazione della Grande Panda. La situazione italiana di Stellantis sembra insomma anticipare di qualche anno, o di qualche mese, quella francese. Un incubo per tutti i lavoratori d\u2019Oltralpe.<\/p>\n<\/div>\n<div class=\"vcex-post-content\">\n<div class=\"related-posts wpex-overflow-hidden wpex-mb-40 wpex-clr\">\n<h3 class=\"theme-heading border-bottom related-posts-title\">FONTE:\u00a0<a href=\"https:\/\/www.startmag.it\/smartcity\/non-solo-in-italia-stellantis-tira-giu-le-serrande-pure-in-francia\/\">https:\/\/www.startmag.it\/smartcity\/non-solo-in-italia-stellantis-tira-giu-le-serrande-pure-in-francia\/<\/a><\/h3>\n<\/div>\n<\/div>\n","protected":false},"excerpt":{"rendered":"<p>DA START MAGAZINE (Di Carlo Terzano) Anche in Francia i dipendenti Stellantis costretti alla cassa integrazione: dal 13 al 31 ottobre chiuder\u00e0 lo stabilimento di Poissy che non ha un piano industriale ben delineato per il dopo-Mokka e fa gola alla propriet\u00e0 qatariota del Paris Saint-Germain che vorrebbe realizzarci un nuovo stadio. E i lavoratori rischiano di finire in Serbia alle linee della Grande Panda, come i cugini italiani Mentre gli stabilimenti italiani di Stellantis&#46;&#46;&#46;<\/p>\n","protected":false},"author":111,"featured_media":48474,"comment_status":"open","ping_status":"open","sticky":false,"template":"","format":"standard","meta":{"jetpack_post_was_ever_published":false,"_jetpack_newsletter_access":"","_jetpack_dont_email_post_to_subs":false,"_jetpack_newsletter_tier_id":0,"_jetpack_memberships_contains_paywalled_content":false,"_jetpack_memberships_contains_paid_content":false,"footnotes":"","jetpack_publicize_message":"","jetpack_publicize_feature_enabled":true,"jetpack_social_post_already_shared":true,"jetpack_social_options":{"image_generator_settings":{"template":"highway","enabled":false},"version":2}},"categories":[32],"tags":[],"jetpack_publicize_connections":[],"jetpack_featured_media_url":"https:\/\/appelloalpopolo.it\/wp-content\/uploads\/2019\/02\/start-magazine.png","jetpack_sharing_enabled":true,"jetpack_shortlink":"https:\/\/wp.me\/p7ZaJ4-nTZ","_links":{"self":[{"href":"https:\/\/appelloalpopolo.it\/index.php?rest_route=\/wp\/v2\/posts\/91883"}],"collection":[{"href":"https:\/\/appelloalpopolo.it\/index.php?rest_route=\/wp\/v2\/posts"}],"about":[{"href":"https:\/\/appelloalpopolo.it\/index.php?rest_route=\/wp\/v2\/types\/post"}],"author":[{"embeddable":true,"href":"https:\/\/appelloalpopolo.it\/index.php?rest_route=\/wp\/v2\/users\/111"}],"replies":[{"embeddable":true,"href":"https:\/\/appelloalpopolo.it\/index.php?rest_route=%2Fwp%2Fv2%2Fcomments&post=91883"}],"version-history":[{"count":2,"href":"https:\/\/appelloalpopolo.it\/index.php?rest_route=\/wp\/v2\/posts\/91883\/revisions"}],"predecessor-version":[{"id":91885,"href":"https:\/\/appelloalpopolo.it\/index.php?rest_route=\/wp\/v2\/posts\/91883\/revisions\/91885"}],"wp:featuredmedia":[{"embeddable":true,"href":"https:\/\/appelloalpopolo.it\/index.php?rest_route=\/wp\/v2\/media\/48474"}],"wp:attachment":[{"href":"https:\/\/appelloalpopolo.it\/index.php?rest_route=%2Fwp%2Fv2%2Fmedia&parent=91883"}],"wp:term":[{"taxonomy":"category","embeddable":true,"href":"https:\/\/appelloalpopolo.it\/index.php?rest_route=%2Fwp%2Fv2%2Fcategories&post=91883"},{"taxonomy":"post_tag","embeddable":true,"href":"https:\/\/appelloalpopolo.it\/index.php?rest_route=%2Fwp%2Fv2%2Ftags&post=91883"}],"curies":[{"name":"wp","href":"https:\/\/api.w.org\/{rel}","templated":true}]}}