{"id":91891,"date":"2025-09-26T08:00:13","date_gmt":"2025-09-26T06:00:13","guid":{"rendered":"https:\/\/appelloalpopolo.it\/?p=91891"},"modified":"2025-09-24T23:10:07","modified_gmt":"2025-09-24T21:10:07","slug":"propaganda-guerra-cognitiva-e-il-percorso-delleuropa-verso-lautodistruzione","status":"publish","type":"post","link":"https:\/\/appelloalpopolo.it\/?p=91891","title":{"rendered":"Propaganda, guerra cognitiva e il percorso dell&#8217;Europa verso l&#8217;autodistruzione"},"content":{"rendered":"<p><strong>di GIUBBE ROSSE NEWS (Old Hunter)<\/strong><\/p>\n<h5 class=\"wp-block-heading\"><strong><em>Narrazioni mediatiche, complesso di superiorit\u00e0 e battaglie psicologiche stanno plasmando il futuro dell\u2019Europa. L\u2019immagine dell\u2019Europa come \u201cgiardino\u201d la rende cieca di fronte alle realt\u00e0 globali, mentre le narrazioni irrazionali sulla guerra rischiano di accelerare il suo stesso declino.<\/em><\/strong><\/h5>\n<div class=\"wp-block-spacer\" aria-hidden=\"true\"><\/div>\n<figure class=\"wp-block-image alignwide size-large\"><img loading=\"lazy\" decoding=\"async\" class=\"wp-image-174148457\" src=\"https:\/\/giubberossenews.it\/wp-content\/uploads\/2025\/09\/Immagine4-4-1024x583.jpg\" alt=\"\" width=\"1024\" height=\"583\" data-attachment-id=\"174148457\" data-permalink=\"https:\/\/giubberossenews.it\/2025\/09\/24\/propaganda-guerra-cognitiva-e-il-percorso-delleuropa-verso-lautodistruzione\/immagine4-28\/\" data-orig-file=\"https:\/\/giubberossenews.it\/wp-content\/uploads\/2025\/09\/Immagine4-4.jpg\" data-orig-size=\"1516,863\" data-comments-opened=\"1\" data-image-meta=\"{&quot;aperture&quot;:&quot;0&quot;,&quot;credit&quot;:&quot;&quot;,&quot;camera&quot;:&quot;&quot;,&quot;caption&quot;:&quot;&quot;,&quot;created_timestamp&quot;:&quot;0&quot;,&quot;copyright&quot;:&quot;&quot;,&quot;focal_length&quot;:&quot;0&quot;,&quot;iso&quot;:&quot;0&quot;,&quot;shutter_speed&quot;:&quot;0&quot;,&quot;title&quot;:&quot;&quot;,&quot;orientation&quot;:&quot;0&quot;}\" data-image-title=\"Immagine4\" data-image-description=\"\" data-image-caption=\"\" data-medium-file=\"https:\/\/giubberossenews.it\/wp-content\/uploads\/2025\/09\/Immagine4-4-300x171.jpg\" data-large-file=\"https:\/\/giubberossenews.it\/wp-content\/uploads\/2025\/09\/Immagine4-4-1024x583.jpg\" \/><figcaption class=\"wp-element-caption\"><strong><em><a href=\"https:\/\/it.wikipedia.org\/wiki\/Trittico_del_Giardino_delle_delizie\">Il giardino delle delizie terrene<\/a>\u00a0di\u00a0<a href=\"https:\/\/it.wikipedia.org\/wiki\/Hieronymus_Bosch\">Hieronymus Bosch<\/a>, olio su tavola, 1480-1490, Museo del Prado, Madri<\/em><\/strong><\/figcaption><\/figure>\n<p>Jowett e O\u2019Donnell (2012), studiosi nel campo della comunicazione politica e degli studi sulla propaganda, definiscono la propaganda come \u201cil tentativo deliberato e sistematico di plasmare le percezioni, manipolare le cognizioni e dirigere il comportamento per ottenere una risposta che favorisca l\u2019intento desiderato dal propagandista\u201d.<\/p>\n<p>La propaganda \u00e8 sempre stata un\u2019arma di guerra, ma nell\u2019Europa di oggi, e in particolare in Germania, ha raggiunto nuovi livelli di sofisticazione. Ci\u00f2 che un tempo prendeva di mira avversari stranieri, ora \u00e8 sempre pi\u00f9 diretto contro la popolazione nazionale.<\/p>\n<p>Sostenuta dai media tradizionali, dalle strategie della NATO e dal consenso delle \u00e9lite, la propaganda in Europa ha iniziato a concentrarsi sempre meno sull\u2019informazione dei cittadini e sempre pi\u00f9 sulla definizione del loro ambiente cognitivo.<\/p>\n<p>Lo studioso tedesco\u00a0<a href=\"https:\/\/www.jonastoegel.de\/\">Dr. Jonas T\u00f6gel<\/a>\u00a0chiama questo fenomeno \u201cguerra cognitiva\u201d, un tentativo deliberato di plasmare i pensieri, le emozioni e persino gli istinti di intere popolazioni.<\/p>\n<p>In questo articolo intendo esaminare lo stato attuale della propaganda in Germania e in Europa, i suoi obiettivi e la sua traiettoria autodistruttiva, il ruolo della NATO nell\u2019armare la cognizione e la mentalit\u00e0 culturale che consente agli europei di considerarsi un \u201cgiardino\u201d circondato dalla \u201cgiungla\u201d.<\/p>\n<p>Avvalendomi delle voci del dott. T\u00f6gel, dell\u2019intervistatore e studioso Pascal Lottaz dell\u2019Istituto per\u00a0<a href=\"https:\/\/neutralitystudies.com\/\">gli studi sulla neutralit\u00e0<\/a>\u00a0dell\u2019Universit\u00e0 di Kyoto e del filosofo tedesco Hans-Georg Moeller, esploro dove questa propaganda sta portando l\u2019Europa e se c\u2019\u00e8 spazio per l\u2019ottimismo.<\/p>\n<div class=\"wp-block-spacer\" aria-hidden=\"true\"><\/div>\n<p><strong>Lo stato attuale della propaganda in Germania e in Europa<\/strong><\/p>\n<p>L\u2019analisi del Dott. Jonas\u00a0<a href=\"https:\/\/www.youtube.com\/watch?v=3PyKzU7O_z0\">T\u00f6gel<\/a>\u00a0mostra che i media tedeschi oggi sono pi\u00f9 propagandistici che in qualsiasi altro momento dalla Guerra Fredda. Nel suo studio su\u00a0<em><a href=\"https:\/\/www.tagesschau.de\/\">Tagesschau<\/a><\/em>, il telegiornale serale pi\u00f9 seguito in Germania, ha riscontrato un framing sistematico: si parte da un\u2019informazione apparentemente neutrale, per poi guidare sottilmente gli spettatori verso conclusioni unilaterali. I crimini di guerra russi vengono enfatizzati, quelli ucraini ignorati e le richieste della Russia sono descritte come irrazionali, mentre quelle dell\u2019Ucraina sono legittime.<\/p>\n<p>Non \u00e8 un caso. T\u00f6gel sottolinea che la Germania spende oltre 100 milioni di euro all\u2019anno in \u201cpubbliche relazioni\u201d, un eufemismo per la propaganda finanziata dallo Stato. I servizi segreti monitorano le narrazioni che circolano sui media e adottano rapide contromisure quando opinioni alternative prendono piede.<\/p>\n<p>Secondo lo studioso,\u00a0la NATO stessa ha istituito dei \u201ccentri di eccellenza\u201d dedicati alla guerra narrativa, mentre le leggi europee, come il\u00a0<a href=\"https:\/\/commission.europa.eu\/strategy-and-policy\/priorities-2019-2024\/europe-fit-digital-age\/digital-services-act_en\">Digital Services Act, creano l\u2019infrastruttura legale per controllare il dissenso online.<\/a><\/p>\n<p>In breve, la propaganda in Germania oggi non \u00e8 solo una notizia di parte; \u00e8 una campagna coordinata, professionale e ben finanziata che confonde il confine tra informazione e operazioni psicologiche.<\/p>\n<div class=\"wp-block-spacer\" aria-hidden=\"true\"><\/div>\n<p><strong>La guerra cognitiva della NATO: volgersi verso l\u2019interno<\/strong><\/p>\n<p>Tradizionalmente, la propaganda era rivolta ai nemici stranieri. Oggi, la NATO descrive apertamente la \u201c<a href=\"https:\/\/www.act.nato.int\/activities\/cognitive-warfare\/\">guerra cognitiva<\/a>\u201d come un nuovo campo di battaglia, accanto a terra, mare, aria, spazio e cyberspazio. Il sesto dominio \u00e8 la mente umana stessa.<\/p>\n<p>Secondo T\u00f6gel, la strategia di resilienza della NATO richiede \u201ccittadini resilienti\u201d, definiti non come persone capaci di pensiero indipendente, ma come individui che \u201cpensano e sentono le cose giuste\u201d. In pratica, ci\u00f2 significa plasmare l\u2019opinione pubblica per garantire l\u2019allineamento con gli obiettivi della NATO, liquidando il dissenso come \u201cdisinformazione russa\u201d.<\/p>\n<p>L\u2019ipocrisia \u00e8 impressionante: i leader occidentali affermano di difendere la democrazia e il dibattito aperto censurando le voci dissenzienti. Come osserva T\u00f6gel, questa inversione \u2013 \u201cdifendere la libert\u00e0 attraverso la censura\u201d \u2013 non \u00e8 nascosta in stanze buie, ma discussa apertamente alle conferenze della NATO. Ai cittadini viene detto che la guerra cognitiva \u00e8 una difesa contro le manipolazioni straniere, ma in realt\u00e0 sono le loro menti a essere il campo di battaglia.<\/p>\n<p>La censura in Occidente sta diventando sempre pi\u00f9 palese. La politica del Pentagono dell\u2019amministrazione Trump ora impone ai giornalisti di ottenere un\u2019autorizzazione prima di riportare informazioni, anche non classificate, altrimenti rischiano di perderne l\u2019accesso. \u201cLe informazioni devono essere approvate per la divulgazione al pubblico da un funzionario autorizzato prima di essere diffuse, anche se non classificate\u201d, secondo un\u00a0<a href=\"https:\/\/www.nbcwashington.com\/news\/politics\/pentagon-now-requires-approval-to-report-even-unclassified-information\/3991461\/\">promemoria del Pentagono<\/a>.<\/p>\n<div class=\"wp-block-spacer\" aria-hidden=\"true\"><\/div>\n<p><strong>Perch\u00e9 gli europei credono alla propria propaganda?<\/strong><\/p>\n<p>Una delle domande pi\u00f9 sorprendenti che vengono sollevate \u00e8 perch\u00e9 gli europei si fidino cos\u00ec facilmente della propria propaganda, mentre considerano la manipolazione come qualcosa che accade solo \u201caltrove\u201d. \u00c8 una domanda che ho posto molte volte, ma non ho mai ricevuto risposta, solo sguardi offesi.<\/p>\n<p>Secondo T\u00f6gel, parte della risposta risiede nella professionalizzazione: i dibattiti e i notiziari televisivi tedeschi sono attentamente preparati per creare credibilit\u00e0. Partendo da un\u2019informazione neutrale (la tecnica del \u201cpiede nella porta\u201d), il pubblico \u00e8 in seguito pi\u00f9 propenso ad accettare conclusioni parziali.<\/p>\n<p>Un altro fattore \u00e8 sociologico. I giornalisti spesso operano come freelance o appaltatori, il che significa che il loro sostentamento dipende dalla capacit\u00e0 di soddisfare le aspettative dei redattori. Questo crea un \u201cmeccanismo naturale\u201d, come dice Lottaz, in cui il conformismo viene premiato e il dissenso punito. Col tempo, la propaganda si basa meno su ordini diretti e pi\u00f9 su un\u2019autocensura sistemica.<\/p>\n<p>Le conseguenze sono pericolose: la paura pubblica nei confronti della Russia viene deliberatamente coltivata, non per incoraggiare i negoziati di pace, ma per sostenere le forniture di armi e l\u2019escalation militare. Statisticamente, livelli pi\u00f9 elevati di paura sono correlati a una maggiore accettazione della guerra da parte dell\u2019opinione pubblica e alla perdita del benessere.<\/p>\n<div class=\"wp-block-spacer\" aria-hidden=\"true\"><\/div>\n<p><strong>L\u2019arroganza innocente tedesca e la superiorit\u00e0 europea<\/strong><\/p>\n<p><a href=\"https:\/\/fah.um.edu.mo\/hans-georg-moeller\/\">Hans-Georg Moeller<\/a>\u00a0dell\u2019Universit\u00e0 di Macao offre\u00a0<a href=\"https:\/\/www.youtube.com\/watch?v=XOLdKtT8w1Y\">un\u2019altra dimensione<\/a>: la mentalit\u00e0 culturale che sostiene la propaganda europea. Descrive l\u2019atteggiamento della Germania come \u201cinnocente arroganza\u201d, la convinzione che la superiorit\u00e0 tedesca, un tempo basata sul nazionalismo, ora si manifesti attraverso l\u2019Unione Europea.<\/p>\n<p>La Germania proietta la sua superiorit\u00e0 morale sull\u2019Europa, inquadrando l\u2019UE come un \u201cgiardino\u201d circondato da una \u201cgiungla\u201d caotica, come sostenuto da Josep Borrell. Questa visione del mondo presuppone che gli europei siano custodi illuminati della civilt\u00e0, mentre il resto del mondo rimane indietro.<\/p>\n<p>Moeller ricorda il politico tedesco che si lament\u00f2 con il presidente della Namibia dicendo che nel paese c\u2019erano pi\u00f9 cinesi che tedeschi, un\u2019osservazione radicata nella nostalgia e nella superiorit\u00e0 coloniale, dimenticando che i namibiani non hanno dimenticato il genocidio commesso l\u00ec dalla Germania coloniale.<\/p>\n<p>Questa arroganza europea acceca i politici di fronte alle realt\u00e0 globali. Mentre l\u2019Europa si aggrappa alla retorica morale, paesi come la Cina la stanno superando in termini di modernizzazione e sviluppo. Convinti che il loro stato sociale sia eterno, gli europei sottovalutano la propria vulnerabilit\u00e0. Come avverte Moeller, questo complesso di superiorit\u00e0 lascia l\u2019Europa \u201ccolta di sorpresa\u201d, impreparata a un ordine globale in evoluzione.<\/p>\n<div class=\"wp-block-spacer\" aria-hidden=\"true\"><\/div>\n<p><strong>La propaganda come autodistruzione<\/strong><\/p>\n<p>Sia T\u00f6gel che Moeller convergono verso una conclusione inquietante: la propaganda non sta rafforzando l\u2019Europa, ma ne accelera il declino, perch\u00e9 impedisce ai suoi leader e ai suoi cittadini di vedere la realt\u00e0.<\/p>\n<p>Inquadrando la guerra in Ucraina come una \u201cbattaglia per la democrazia\u201d senza obiettivi realistici, i leader europei stanno giocando con la propria distruzione. A differenza degli Stati Uniti o della Russia, qualsiasi escalation devasterebbe direttamente l\u2019Europa.<\/p>\n<p>Inoltre, la propaganda alimenta l\u2019irrazionalit\u00e0. Mentre Russia e Cina (e, in una certa misura, gli Stati Uniti) agiscono secondo una logica geopolitica, l\u2019Europa si aggrappa a narrazioni emotive che si contraddicono a vicenda: la Russia \u00e8 debole e sul punto di conquistare Berlino; l\u2019Ucraina \u00e8 vittoriosa e al tempo stesso disperatamente dipendente dagli aiuti per sopravvivere. Queste contraddizioni sono alimentate solo da una manipolazione costante.<\/p>\n<p>Lo Stato sociale, un tempo fiore all\u2019occhiello dell\u2019Europa, \u00e8 messo a dura prova dall\u2019aumento vertiginoso della spesa militare. La sola Germania spende circa 200 miliardi di euro all\u2019anno per la difesa, sottraendo risorse a scuole, sanit\u00e0, infrastrutture e pensioni. Se la propaganda continua a reprimere il dissenso, i cittadini potrebbero rendersi conto troppo tardi che la loro sicurezza e prosperit\u00e0 sono state sacrificate sull\u2019altare delle illusioni, secondo gli studiosi.<\/p>\n<div class=\"wp-block-spacer\" aria-hidden=\"true\"><\/div>\n<p><strong>Motivi di ottimismo?<\/strong><\/p>\n<p>Nonostante questo quadro fosco, T\u00f6gel offre una cauta speranza: la consapevolezza sta crescendo attraverso i media indipendenti, i canali di ricerca alternativi e l\u2019attivismo dei cittadini sta smascherando i meccanismi della propaganda. Insiste sul fatto che se l\u2019opinione pubblica chiede la pace, le \u00e9lite politiche dovranno prima o poi cercarla.<\/p>\n<p>L\u2019ottimismo non risiede nella NATO o nelle \u00e9lite europee, ma nei cittadini comuni che rivendicano la propria capacit\u00e0 di ragionare. L\u2019antidoto alla propaganda \u00e8 il pluralismo: l\u2019esposizione a molteplici prospettive, il dibattito critico e una democrazia autentica, in cui le decisioni su guerra e pace ricadono sul popolo, non su \u00e9lite isolate.<\/p>\n<div class=\"wp-block-spacer\" aria-hidden=\"true\"><\/div>\n<p><strong>Conclusione<\/strong><\/p>\n<p>La propaganda costruita attraverso notizie e dibattiti unilaterali in Germania e in Europa oggi \u00e8 senza precedenti per portata, sofisticatezza e potenziale autodistruttivo. Sostiene politiche irrazionali, reprime il dissenso e acceca gli europei di fronte alle realt\u00e0 geopolitiche globali. La guerra cognitiva della NATO, lungi dal difendere la democrazia, la mina prendendo di mira le menti dei propri cittadini con la scusa di proteggerli.<\/p>\n<p>La critica di Hans-Georg Moeller all\u2019arroganza tedesca rivela la logica culturale pi\u00f9 profonda: il complesso di superiorit\u00e0 dell\u2019Europa alimenta l\u2019illusione di essere il \u201cgiardino\u201d della civilt\u00e0, anche quando viene superata da altri.<\/p>\n<p>Dove sta andando tutto questo? Se gli europei non si svegliano, il risultato potrebbe essere un declino in termini economici, politici, accademici e persino di civilt\u00e0. Ma se la consapevolezza si diffonde, se i cittadini rivendicano il loro ruolo di decisori, la propaganda potrebbe ancora crollare sotto il peso delle sue contraddizioni o comunque far rivivere lo spirito democratico che la propaganda avrebbe dovuto mettere a tacere. L\u2019altra possibilit\u00e0 \u00e8 continuare sulla strada dell\u2019autodistruzione.<\/p>\n<p><strong>FONTE:\u00a0<a href=\"https:\/\/giubberossenews.it\/2025\/09\/24\/propaganda-guerra-cognitiva-e-il-percorso-delleuropa-verso-lautodistruzione\">https:\/\/giubberossenews.it\/2025\/09\/24\/propaganda-guerra-cognitiva-e-il-percorso-delleuropa-verso-lautodistruzione<\/a><\/strong><\/p>\n","protected":false},"excerpt":{"rendered":"<p>di GIUBBE ROSSE NEWS (Old Hunter) Narrazioni mediatiche, complesso di superiorit\u00e0 e battaglie psicologiche stanno plasmando il futuro dell\u2019Europa. L\u2019immagine dell\u2019Europa come \u201cgiardino\u201d la rende cieca di fronte alle realt\u00e0 globali, mentre le narrazioni irrazionali sulla guerra rischiano di accelerare il suo stesso declino. Il giardino delle delizie terrene\u00a0di\u00a0Hieronymus Bosch, olio su tavola, 1480-1490, Museo del Prado, Madri Jowett e O\u2019Donnell (2012), studiosi nel campo della comunicazione politica e degli studi sulla propaganda, definiscono la&#46;&#46;&#46;<\/p>\n","protected":false},"author":112,"featured_media":72556,"comment_status":"open","ping_status":"open","sticky":false,"template":"","format":"standard","meta":{"jetpack_post_was_ever_published":false,"_jetpack_newsletter_access":"","_jetpack_dont_email_post_to_subs":false,"_jetpack_newsletter_tier_id":0,"_jetpack_memberships_contains_paywalled_content":false,"_jetpack_memberships_contains_paid_content":false,"footnotes":"","jetpack_publicize_message":"","jetpack_publicize_feature_enabled":true,"jetpack_social_post_already_shared":true,"jetpack_social_options":{"image_generator_settings":{"template":"highway","enabled":false},"version":2}},"categories":[32],"tags":[],"jetpack_publicize_connections":[],"jetpack_featured_media_url":"https:\/\/appelloalpopolo.it\/wp-content\/uploads\/2022\/06\/logo-Giubbe-Rosse-News-grande-1.webp","jetpack_sharing_enabled":true,"jetpack_shortlink":"https:\/\/wp.me\/p7ZaJ4-nU7","_links":{"self":[{"href":"https:\/\/appelloalpopolo.it\/index.php?rest_route=\/wp\/v2\/posts\/91891"}],"collection":[{"href":"https:\/\/appelloalpopolo.it\/index.php?rest_route=\/wp\/v2\/posts"}],"about":[{"href":"https:\/\/appelloalpopolo.it\/index.php?rest_route=\/wp\/v2\/types\/post"}],"author":[{"embeddable":true,"href":"https:\/\/appelloalpopolo.it\/index.php?rest_route=\/wp\/v2\/users\/112"}],"replies":[{"embeddable":true,"href":"https:\/\/appelloalpopolo.it\/index.php?rest_route=%2Fwp%2Fv2%2Fcomments&post=91891"}],"version-history":[{"count":1,"href":"https:\/\/appelloalpopolo.it\/index.php?rest_route=\/wp\/v2\/posts\/91891\/revisions"}],"predecessor-version":[{"id":91892,"href":"https:\/\/appelloalpopolo.it\/index.php?rest_route=\/wp\/v2\/posts\/91891\/revisions\/91892"}],"wp:featuredmedia":[{"embeddable":true,"href":"https:\/\/appelloalpopolo.it\/index.php?rest_route=\/wp\/v2\/media\/72556"}],"wp:attachment":[{"href":"https:\/\/appelloalpopolo.it\/index.php?rest_route=%2Fwp%2Fv2%2Fmedia&parent=91891"}],"wp:term":[{"taxonomy":"category","embeddable":true,"href":"https:\/\/appelloalpopolo.it\/index.php?rest_route=%2Fwp%2Fv2%2Fcategories&post=91891"},{"taxonomy":"post_tag","embeddable":true,"href":"https:\/\/appelloalpopolo.it\/index.php?rest_route=%2Fwp%2Fv2%2Ftags&post=91891"}],"curies":[{"name":"wp","href":"https:\/\/api.w.org\/{rel}","templated":true}]}}