{"id":91904,"date":"2025-09-26T10:30:11","date_gmt":"2025-09-26T08:30:11","guid":{"rendered":"https:\/\/appelloalpopolo.it\/?p=91904"},"modified":"2025-09-25T11:06:23","modified_gmt":"2025-09-25T09:06:23","slug":"ma-quale-democrazia","status":"publish","type":"post","link":"https:\/\/appelloalpopolo.it\/?p=91904","title":{"rendered":"Ma quale democrazia"},"content":{"rendered":"<p style=\"text-align: justify\"><strong>di FERDINANDO PASTORE (Pagina FB)<\/strong><\/p>\n<p>&nbsp;<\/p>\n<p style=\"text-align: justify\">Ancora lo si deve specificare, perch\u00e9 beatamente i pi\u00f9 credono fermamente di poter conversare in una democrazia- s\u00ec \u00e8 vero in un impeto di schiettezza, tolti i cortigiani del potere, aggiungono sempre un &#8220;tutto sommato&#8221; o un &#8220;nonostante tutto&#8221;, a dimostrazione che la finta ingenuit\u00e0 o la malafede si possono frenare solo se \u00e8 messa in gioco la loro credibilit\u00e0.<\/p>\n<p style=\"text-align: justify\">Si deve precisare quindi che no, ovviamente la nostra non \u00e8 una democrazia. Chi \u00e8 avvezzo all&#8217;argomento lo sa da tempo, da quando sono state esautorate le costituzioni, da quando &#8220;ce lo chiede l&#8217;Europa&#8221; ha sostituito il dibattito politico, da quando la giustizia di mercato ha corrotto la giustizia sociale, da quando l&#8217;Onu \u00e8 stato sorpassato dalle prove sulle armi di distruzione di massa.<\/p>\n<p style=\"text-align: justify\">Ma questa semplice constatazione, ormai rubricata dagli studiosi nell&#8217;ampio concetto di post-democrazia, \u00e8 di difficile digestione nonostante tre colpi di stato, da quello di mani pulite, passando per Monti, per arrivare a Draghi, orditi da impeccabili finanzieri vestiti a Bruxelles ed eseguiti dai vari Presidenti della Repubblica, o la ferrea convinzione di Macron di non dare seguito all&#8217;esito elettorale perch\u00e9 &#8220;il programma della sinistra non pu\u00f2 in alcun modo governare&#8221;.<\/p>\n<p style=\"text-align: justify\">Qualcuno si bea ancora cos\u00ec tanto di questo immaginario democratico e dei suoi salottini televisivi dove viene artefatto quotidianamente il dibattito, da non rendersi conto di scivolare nel ridicolo. Per esempio ieri i sindacati di base hanno portato in piazza un milione di persone circa e hanno indetto uno sciopero generale con percentuali di adesione novecentesche. Lo hanno fatto con una piattaforma rigettata non solo dai sindacati confederali ma anche da tutte le formazioni politiche presenti in parlamento.<\/p>\n<p style=\"text-align: justify\">Eppure nessuno, in quei salottini dove si \u00e8 subito puntato il dito su qualche vetrina disintegrata, ha pensato di invitare i rappresentanti di questi sindacati che, in pochissimi sanno, raccolgono circa due milioni di iscritti. Non lo si pu\u00f2 fare perch\u00e9 il dibattito deve essere controllato dalla solita consorteria, dalla consueta partita di giro, nella quale sguazzano le parti in commedia: dai politici pettinati nei loro micropartiti di regime agli influencer, dagli imprenditori managerializzati ai giornalisti ossequiosi.<\/p>\n<p style=\"text-align: justify\">Questo schema \u00e8 foraggiato soprattutto dal centrosinistra, proprio perch\u00e9 questa societ\u00e0 si basa sul blocco della rappresentanza della sinistra critica. Si pu\u00f2 deragliare a destra con tutti gli pseudo-partiti post-fascisti, presentati artificiosamente come anti-sistema, quando poi non sono altro che espressione del capitalismo militante meno sofisticato e meno riparato da affabulazioni politicamente corrette, ma non si potr\u00e0 mai deragliare il buon senso comune verso stagioni di conflittualit\u00e0 generalizzata che mettano in discussione l&#8217;impianto valoriale, economico e ideologico del capitalismo neoliberale. Lo stesso che lavora unito e compatto per la guerra nel cuore dell&#8217;Europa.<\/p>\n<p style=\"text-align: justify\"><strong>Fonte:\u00a0<a href=\"https:\/\/www.facebook.com\/share\/p\/1JJCieeZyb\/\">https:\/\/www.facebook.com\/share\/p\/1JJCieeZyb\/<\/a><\/strong><\/p>\n","protected":false},"excerpt":{"rendered":"<p>di FERDINANDO PASTORE (Pagina FB) &nbsp; Ancora lo si deve specificare, perch\u00e9 beatamente i pi\u00f9 credono fermamente di poter conversare in una democrazia- s\u00ec \u00e8 vero in un impeto di schiettezza, tolti i cortigiani del potere, aggiungono sempre un &#8220;tutto sommato&#8221; o un &#8220;nonostante tutto&#8221;, a dimostrazione che la finta ingenuit\u00e0 o la malafede si possono frenare solo se \u00e8 messa in gioco la loro credibilit\u00e0. Si deve precisare quindi che no, ovviamente la nostra&#46;&#46;&#46;<\/p>\n","protected":false},"author":95,"featured_media":89105,"comment_status":"open","ping_status":"open","sticky":false,"template":"","format":"standard","meta":{"jetpack_post_was_ever_published":false,"_jetpack_newsletter_access":"","_jetpack_dont_email_post_to_subs":false,"_jetpack_newsletter_tier_id":0,"_jetpack_memberships_contains_paywalled_content":false,"_jetpack_memberships_contains_paid_content":false,"footnotes":"","jetpack_publicize_message":"","jetpack_publicize_feature_enabled":true,"jetpack_social_post_already_shared":true,"jetpack_social_options":{"image_generator_settings":{"template":"highway","enabled":false},"version":2}},"categories":[32],"tags":[],"jetpack_publicize_connections":[],"jetpack_featured_media_url":"https:\/\/appelloalpopolo.it\/wp-content\/uploads\/2025\/02\/Ferdinando-Pastore.jpg","jetpack_sharing_enabled":true,"jetpack_shortlink":"https:\/\/wp.me\/p7ZaJ4-nUk","_links":{"self":[{"href":"https:\/\/appelloalpopolo.it\/index.php?rest_route=\/wp\/v2\/posts\/91904"}],"collection":[{"href":"https:\/\/appelloalpopolo.it\/index.php?rest_route=\/wp\/v2\/posts"}],"about":[{"href":"https:\/\/appelloalpopolo.it\/index.php?rest_route=\/wp\/v2\/types\/post"}],"author":[{"embeddable":true,"href":"https:\/\/appelloalpopolo.it\/index.php?rest_route=\/wp\/v2\/users\/95"}],"replies":[{"embeddable":true,"href":"https:\/\/appelloalpopolo.it\/index.php?rest_route=%2Fwp%2Fv2%2Fcomments&post=91904"}],"version-history":[{"count":1,"href":"https:\/\/appelloalpopolo.it\/index.php?rest_route=\/wp\/v2\/posts\/91904\/revisions"}],"predecessor-version":[{"id":91905,"href":"https:\/\/appelloalpopolo.it\/index.php?rest_route=\/wp\/v2\/posts\/91904\/revisions\/91905"}],"wp:featuredmedia":[{"embeddable":true,"href":"https:\/\/appelloalpopolo.it\/index.php?rest_route=\/wp\/v2\/media\/89105"}],"wp:attachment":[{"href":"https:\/\/appelloalpopolo.it\/index.php?rest_route=%2Fwp%2Fv2%2Fmedia&parent=91904"}],"wp:term":[{"taxonomy":"category","embeddable":true,"href":"https:\/\/appelloalpopolo.it\/index.php?rest_route=%2Fwp%2Fv2%2Fcategories&post=91904"},{"taxonomy":"post_tag","embeddable":true,"href":"https:\/\/appelloalpopolo.it\/index.php?rest_route=%2Fwp%2Fv2%2Ftags&post=91904"}],"curies":[{"name":"wp","href":"https:\/\/api.w.org\/{rel}","templated":true}]}}