{"id":91906,"date":"2025-09-25T11:12:50","date_gmt":"2025-09-25T09:12:50","guid":{"rendered":"https:\/\/appelloalpopolo.it\/?p=91906"},"modified":"2025-09-25T11:12:50","modified_gmt":"2025-09-25T09:12:50","slug":"cortei-propal-del-22-settembre-alcune-brevi-considerazioni","status":"publish","type":"post","link":"https:\/\/appelloalpopolo.it\/?p=91906","title":{"rendered":"Cortei ProPal del 22 settembre: alcune brevi considerazioni"},"content":{"rendered":"<p><strong>DA LA FIONDA (Di Ugo Boghetta)<\/strong><\/p>\n<p><img loading=\"lazy\" decoding=\"async\" class=\"aligncenter\" src=\"https:\/\/www.lafionda.org\/wp-content\/uploads\/2025\/09\/IMG_2271.jpeg\" width=\"500\" height=\"281\" \/><\/p>\n<p style=\"text-align: justify\">Le manifestazioni del 22 settembre ProPal hanno segnato un aumento quantitativo enorme per partecipazione ed estensione. Ne sarebbe contento Gramsci, che odiava gli indifferenti. Il governo israeliano ha effettivamente superato tutti i limiti. La nota strategia israeliana del \u201ccane pazzo\u201d sembra essersi trasformata nel \u201ccane impazzito\u201d. E la risposta umanitaria, incubata a lungo e preparata da manifestazioni insistite, alla fine c\u2019\u00e8 stata. Non \u00e8 dato sapere quanto questa sia dovuta anche al riposizionamento dei \u201cculi di pietra\u201d dei governi europei. Anche la galassia del PD si \u00e8 alla fine sentita libera di partecipare. Del resto, l\u2019appoggio alla lotta del popolo palestinese \u00e8 di lunga data, anche se \u00e8 stato interrotto dall\u2019innominabile seconda repubblica.<\/p>\n<p style=\"text-align: justify\">La presenza massiccia dei giovani ci dice tuttavia che l\u2019indignazione \u00e8 maturata per altre vie. Le loro.<\/p>\n<p style=\"text-align: justify\">L\u2019indignazione \u00e8, in effetti, la nota predominante delle manifestazioni. E l\u2019indignazione \u00e8 una cosa importante, poich\u00e9 \u00e8 il motore di qualsiasi protesta e cambiamento.<\/p>\n<p style=\"text-align: justify\">Tuttavia le manifestazioni sono state deboli dal punto di vista politico. L\u2019unico slogan ripetuto era: \u201cPalestina libera\u201d. Quasi nessuno slogan contro gli Usa, senza il cui appoggio Israele non esisterebbe nemmeno. Nessuno slogan contro il governo Meloni, che tiene bordone agli americani e non finge nemmeno il patetico riconoscimento di uno Stato palestinese che non esiste e non esister\u00e0. Qualcuno ha gridato: \u201cFuori l\u2019Italia dalla Nato\u201d. Uno slogan da tempo senza efficacia e ora fuori contesto. Nessun collegamento fra la guerra alla Russia e quello che accade in Medio Oriente, che sono due facce della stessa medaglia occidentalista. Non si sono sentiti nemmeno riferimenti alle proprie condizioni di studio e di lavoro. Lo stesso USB, che ha avuto l\u2019indubbio merito di aver catalizzato la protesta, non si \u00e8 affatto distinto. Potere al Popolo e Rifondazione non pervenute, a dimostrazione della loro inanit\u00e0.<\/p>\n<p style=\"text-align: justify\">Queste considerazioni si riferiscono all\u2019enorme corteo di Bologna, ma credo possano essere estese anche alle altre manifestazioni, per come le ho viste nei Tg e sui social.<\/p>\n<p style=\"text-align: justify\">In buona sostanza si \u00e8 trattato di manifestazioni con un profondo spirito umanitario, una profonda indignazione senza tuttavia elementi politici, senza prospettive. Volenti o nolenti, \u00e8 una delega della cosiddetta opinione pubblica ai poteri che contano, quelli cio\u00e8 che questa situazione l\u2019hanno prima creata e poi tollerata per innumerevoli decenni. Israele faceva comodo, solo che ha esagerato. Inoltre ora conta anche la diatriba inter-imperialistica fra Usa e Paesi europei in merito all\u2019Ucraina e l\u2019atteggiamento di Trump che snobba e irride le vecchie nazioni imperiali europee.<\/p>\n<p style=\"text-align: justify\">In queste condizioni, come potr\u00e0 continuare e crescere questo movimento? Un movimento senza avanguardie e senza politica! E non ci sono avanguardie perch\u00e9 non c\u2019\u00e8 nessun progetto politico dedotto dal combinato disposto internazionale\/nazionale. Sarebbe dunque tempo che si costruisse almeno un centro politico adeguato ai tempi. I tempi sono maturi, i soggetti pare di no.<\/p>\n<p><strong>FONTE:\u00a0<a href=\"https:\/\/www.lafionda.org\/2025\/09\/23\/cortei-propal-del-22-settembre-alcune-brevi-considerazioni\/\">https:\/\/www.lafionda.org\/2025\/09\/23\/cortei-propal-del-22-settembre-alcune-brevi-considerazioni\/<\/a><\/strong><\/p>\n","protected":false},"excerpt":{"rendered":"<p>DA LA FIONDA (Di Ugo Boghetta) Le manifestazioni del 22 settembre ProPal hanno segnato un aumento quantitativo enorme per partecipazione ed estensione. Ne sarebbe contento Gramsci, che odiava gli indifferenti. Il governo israeliano ha effettivamente superato tutti i limiti. La nota strategia israeliana del \u201ccane pazzo\u201d sembra essersi trasformata nel \u201ccane impazzito\u201d. E la risposta umanitaria, incubata a lungo e preparata da manifestazioni insistite, alla fine c\u2019\u00e8 stata. Non \u00e8 dato sapere quanto questa sia&#46;&#46;&#46;<\/p>\n","protected":false},"author":111,"featured_media":89995,"comment_status":"open","ping_status":"open","sticky":false,"template":"","format":"standard","meta":{"jetpack_post_was_ever_published":false,"_jetpack_newsletter_access":"","_jetpack_dont_email_post_to_subs":false,"_jetpack_newsletter_tier_id":0,"_jetpack_memberships_contains_paywalled_content":false,"_jetpack_memberships_contains_paid_content":false,"footnotes":"","jetpack_publicize_message":"","jetpack_publicize_feature_enabled":true,"jetpack_social_post_already_shared":true,"jetpack_social_options":{"image_generator_settings":{"template":"highway","enabled":false},"version":2}},"categories":[32],"tags":[],"jetpack_publicize_connections":[],"jetpack_featured_media_url":"https:\/\/appelloalpopolo.it\/wp-content\/uploads\/2025\/05\/IMG_0516.jpeg","jetpack_sharing_enabled":true,"jetpack_shortlink":"https:\/\/wp.me\/p7ZaJ4-nUm","_links":{"self":[{"href":"https:\/\/appelloalpopolo.it\/index.php?rest_route=\/wp\/v2\/posts\/91906"}],"collection":[{"href":"https:\/\/appelloalpopolo.it\/index.php?rest_route=\/wp\/v2\/posts"}],"about":[{"href":"https:\/\/appelloalpopolo.it\/index.php?rest_route=\/wp\/v2\/types\/post"}],"author":[{"embeddable":true,"href":"https:\/\/appelloalpopolo.it\/index.php?rest_route=\/wp\/v2\/users\/111"}],"replies":[{"embeddable":true,"href":"https:\/\/appelloalpopolo.it\/index.php?rest_route=%2Fwp%2Fv2%2Fcomments&post=91906"}],"version-history":[{"count":1,"href":"https:\/\/appelloalpopolo.it\/index.php?rest_route=\/wp\/v2\/posts\/91906\/revisions"}],"predecessor-version":[{"id":91907,"href":"https:\/\/appelloalpopolo.it\/index.php?rest_route=\/wp\/v2\/posts\/91906\/revisions\/91907"}],"wp:featuredmedia":[{"embeddable":true,"href":"https:\/\/appelloalpopolo.it\/index.php?rest_route=\/wp\/v2\/media\/89995"}],"wp:attachment":[{"href":"https:\/\/appelloalpopolo.it\/index.php?rest_route=%2Fwp%2Fv2%2Fmedia&parent=91906"}],"wp:term":[{"taxonomy":"category","embeddable":true,"href":"https:\/\/appelloalpopolo.it\/index.php?rest_route=%2Fwp%2Fv2%2Fcategories&post=91906"},{"taxonomy":"post_tag","embeddable":true,"href":"https:\/\/appelloalpopolo.it\/index.php?rest_route=%2Fwp%2Fv2%2Ftags&post=91906"}],"curies":[{"name":"wp","href":"https:\/\/api.w.org\/{rel}","templated":true}]}}