{"id":91923,"date":"2025-09-29T08:30:57","date_gmt":"2025-09-29T06:30:57","guid":{"rendered":"https:\/\/appelloalpopolo.it\/?p=91923"},"modified":"2025-09-27T23:22:58","modified_gmt":"2025-09-27T21:22:58","slug":"ora-la-cisgiordania","status":"publish","type":"post","link":"https:\/\/appelloalpopolo.it\/?p=91923","title":{"rendered":"Ora la Cisgiordania"},"content":{"rendered":"<p style=\"text-align: justify\"><strong>di FERDINANDO PASTORE (Pagina FB)<\/strong><\/p>\n<p style=\"text-align: justify\">Benjamin Netanyahu annuncia al mondo un ulteriore salto di qualit\u00e0. La soluzione finale della questione palestinese e dei palestinesi non si fermer\u00e0 nello spianare al suolo Gaza. Dalle Nazioni Unite afferma, con la squallida sicumera di un terrorista in doppiopetto, che l&#8217;Autorit\u00e0 Palestinese \u00e8 come Hamas, perch\u00e9 paga a foraggia i terroristi, quindi sostanzialmente \u00e8 anch&#8217;essa un&#8217;organizzazione terroristica. Lo Stato israeliano, dunque, forte di una strategia consolidata in ottant&#8217;anni di occupazione illegale e del suo progetto di cancellazione dell&#8217;identit\u00e0 palestinese, riafferma la necessit\u00e0 di sradicare ci\u00f2 che resta del popolo palestinese in quella che dovr\u00e0 essere la Grande Israele.<\/p>\n<p style=\"text-align: justify\">Detto che gli eserciti di liberazione nazionale dalle occupazioni coloniali e imperiali non possono essere in nessun modo equiparati a gruppi terroristi, \u00e8 dalla fine degli anni 60 che i sionisti indirizzano il dibattito e i rapporti diplomatici sull&#8217;idea che qualsiasi partito politico o qualsiasi fazione palestinese equivalga a un gruppo di stampo terrorista. Valse la cosa anche per l&#8217;OLP nel momento in cui inizi\u00f2 a essere guidata da Arafat e da Al-Fatah. Attraverso questo stratagemma discorsivo Israele ha sempre posto l&#8217;attenzione sul rischio della sua sopravvivenza proprio nel momento in cui aveva l&#8217;intenzione di aumentare l&#8217;offensiva militare, che costitutivamente ha sempre avuto una radice genocidaria. I palestinesi devono scomparire da quel territorio, vivi o morti che siano. Questo il senso pi\u00f9 profondo del colonialismo sionista, sin dalla &#8220;Dichiarazione Balfour&#8221;.<\/p>\n<p style=\"text-align: justify\">Motivo questo che induce a ritenere i tardivi riconoscimenti dello Stato palestinese uno specchietto per le allodole. Un riconoscimento che avviene quando Israele cancella, occupandolo, il territorio di quello Stato. Un riconoscimento fuori tempo massimo fatto passare per grande risultato politico che impedisce di ragionare politicamente sulla questione. Alla Palestina non servono pacche sulle spalle. Alla Palestina e ai palestinesi servono soldi, armi e serve che la si smetta di nutrire la capacit\u00e0 bellica del sionismo. Serve che i rappresentanti dello Stato terrorista d&#8217;Israele vengano processati e condannati. Serve un&#8217;inversione completa nei rapporti di forza internazionale. La Cisgiordania \u00e8 avvisata.<\/p>\n<p style=\"text-align: justify\"><strong>Fonte:\u00a0<a href=\"https:\/\/www.facebook.com\/share\/p\/14N1rvBQ1SC\/\">https:\/\/www.facebook.com\/share\/p\/14N1rvBQ1SC\/<\/a><\/strong><\/p>\n","protected":false},"excerpt":{"rendered":"<p>di FERDINANDO PASTORE (Pagina FB) Benjamin Netanyahu annuncia al mondo un ulteriore salto di qualit\u00e0. La soluzione finale della questione palestinese e dei palestinesi non si fermer\u00e0 nello spianare al suolo Gaza. Dalle Nazioni Unite afferma, con la squallida sicumera di un terrorista in doppiopetto, che l&#8217;Autorit\u00e0 Palestinese \u00e8 come Hamas, perch\u00e9 paga a foraggia i terroristi, quindi sostanzialmente \u00e8 anch&#8217;essa un&#8217;organizzazione terroristica. Lo Stato israeliano, dunque, forte di una strategia consolidata in ottant&#8217;anni di&#46;&#46;&#46;<\/p>\n","protected":false},"author":95,"featured_media":89105,"comment_status":"open","ping_status":"open","sticky":false,"template":"","format":"standard","meta":{"jetpack_post_was_ever_published":false,"_jetpack_newsletter_access":"","_jetpack_dont_email_post_to_subs":false,"_jetpack_newsletter_tier_id":0,"_jetpack_memberships_contains_paywalled_content":false,"_jetpack_memberships_contains_paid_content":false,"footnotes":"","jetpack_publicize_message":"","jetpack_publicize_feature_enabled":true,"jetpack_social_post_already_shared":true,"jetpack_social_options":{"image_generator_settings":{"template":"highway","enabled":false},"version":2}},"categories":[32],"tags":[],"jetpack_publicize_connections":[],"jetpack_featured_media_url":"https:\/\/appelloalpopolo.it\/wp-content\/uploads\/2025\/02\/Ferdinando-Pastore.jpg","jetpack_sharing_enabled":true,"jetpack_shortlink":"https:\/\/wp.me\/p7ZaJ4-nUD","_links":{"self":[{"href":"https:\/\/appelloalpopolo.it\/index.php?rest_route=\/wp\/v2\/posts\/91923"}],"collection":[{"href":"https:\/\/appelloalpopolo.it\/index.php?rest_route=\/wp\/v2\/posts"}],"about":[{"href":"https:\/\/appelloalpopolo.it\/index.php?rest_route=\/wp\/v2\/types\/post"}],"author":[{"embeddable":true,"href":"https:\/\/appelloalpopolo.it\/index.php?rest_route=\/wp\/v2\/users\/95"}],"replies":[{"embeddable":true,"href":"https:\/\/appelloalpopolo.it\/index.php?rest_route=%2Fwp%2Fv2%2Fcomments&post=91923"}],"version-history":[{"count":1,"href":"https:\/\/appelloalpopolo.it\/index.php?rest_route=\/wp\/v2\/posts\/91923\/revisions"}],"predecessor-version":[{"id":91924,"href":"https:\/\/appelloalpopolo.it\/index.php?rest_route=\/wp\/v2\/posts\/91923\/revisions\/91924"}],"wp:featuredmedia":[{"embeddable":true,"href":"https:\/\/appelloalpopolo.it\/index.php?rest_route=\/wp\/v2\/media\/89105"}],"wp:attachment":[{"href":"https:\/\/appelloalpopolo.it\/index.php?rest_route=%2Fwp%2Fv2%2Fmedia&parent=91923"}],"wp:term":[{"taxonomy":"category","embeddable":true,"href":"https:\/\/appelloalpopolo.it\/index.php?rest_route=%2Fwp%2Fv2%2Fcategories&post=91923"},{"taxonomy":"post_tag","embeddable":true,"href":"https:\/\/appelloalpopolo.it\/index.php?rest_route=%2Fwp%2Fv2%2Ftags&post=91923"}],"curies":[{"name":"wp","href":"https:\/\/api.w.org\/{rel}","templated":true}]}}