{"id":92008,"date":"2025-10-03T09:30:20","date_gmt":"2025-10-03T07:30:20","guid":{"rendered":"https:\/\/appelloalpopolo.it\/?p=92008"},"modified":"2025-10-02T12:12:16","modified_gmt":"2025-10-02T10:12:16","slug":"tra-guerra-e-terrorismo-auspicato-i-deliri-del-forum-di-varsavia","status":"publish","type":"post","link":"https:\/\/appelloalpopolo.it\/?p=92008","title":{"rendered":"Tra guerra e terrorismo auspicato: i deliri del &#8220;Forum di Varsavia&#8221;"},"content":{"rendered":"<p style=\"text-align: justify\"><strong>di L&#8217;ANTIDIPLOMATICO (Fabrizio Poggi)<\/strong><\/p>\n<p><img loading=\"lazy\" decoding=\"async\" class=\"alignnone size-medium wp-image-92009\" src=\"https:\/\/appelloalpopolo.it\/wp-content\/uploads\/2025\/10\/350x200c50-14-300x171.jpg\" alt=\"\" width=\"300\" height=\"171\" srcset=\"https:\/\/appelloalpopolo.it\/wp-content\/uploads\/2025\/10\/350x200c50-14-300x171.jpg 300w, https:\/\/appelloalpopolo.it\/wp-content\/uploads\/2025\/10\/350x200c50-14.jpg 350w\" sizes=\"(max-width: 300px) 100vw, 300px\" \/><\/p>\n<p style=\"text-align: justify\">Appena un paio di giorni fa, si azzardava che sarebbe pi\u00f9 esatto definire il Forum sulla Sicurezza di Varsavia, svoltosi nella capitale polacca il 29 e 30 settembre, un forum sulla guerra. Per essere pi\u00f9 esatti, si dovrebbe ora correggere in forum \u201csul terrorismo\u201d, soprattutto dopo l&#8217;intervento dell&#8217;ex presidente estone Toomas Hendrik Ilves, il quale, in maniera nemmeno tanto criptica, ha auspicato un evento come quello del 11 settembre 2001. \u00c8 ora che i politici europei smettano di essere timorosi e dichiarino apertamente guerra alla Russia, ha tuonato Ilves e si cominci a lavorare per la no-fly zone sull&#8217;Ucraina, dichiarata il 25 febbraio. Appena un paio di mesi fa, ha detto Ilves, Gran Bretagna e USA avevano fornito supporto aereo a Israele: si pu\u00f2 fare \u00ablo stesso per l&#8217;Ucraina. Per farlo, abbiamo solo bisogno di aerei in grado di abbattere gli aerei russi&#8230; ci\u00f2 che sta succedendo in Ucraina \u00e8 una guerra&#8230; siamo sotto attacco. I politici europei potranno riconoscere ci\u00f2 che stiamo affrontando solo dopo un evento come l&#8217;11 settembre. Dopodich\u00e9, non potranno pi\u00f9 dire di non voler fare nulla\u00bb. Ragion per cui, par di capire, per accelerare quel \u201criconoscimento\u201d, niente di meglio che un europeista attentato in grande stile.<\/p>\n<p style=\"text-align: justify\">D&#8217;altronde, che ormai da pi\u00f9 parti si ammetta che la UE \u00e8 in guerra con la Russia, lo ha confermato schiettamente nella stessa occasione il primo ministro polacco Donald Tusk: \u00abChe vi piaccia o no, la guerra in Ucraina \u00e8 anche la nostra guerra\u00bb e chi non \u00e8 d&#8217;accordo con questa visione non deve essere isolato, ma \u201ccostretto a cambiare idea\u201d. Senza mezzi termini: \u201ccostretto\u201d; e il \u00abcompito pi\u00f9 importante di tutti gli opinion leader \u00e8 rendere l&#8217;intera comunit\u00e0 occidentale, l&#8217;intera comunit\u00e0 transatlantica, dolorosamente e profondamente consapevole che una guerra \u00e8 in corso\u00bb. La \u00abnostra guerra\u00bb, dice Tusk, cio\u00e8 una guerra europea con la Russia, pur se l&#8217;Europa, ufficialmente, vi partecipa per ora &#8220;solo&#8221; con armi, denaro, intelligence e consiglieri. Kiev dice la stessa cosa, osserva P\u00ebtr Akopov su RIA Novosti, affermando di essere in prima linea nella difesa dell&#8217;Occidente e che una sconfitta dell&#8217;Ucraina sarebbe una catastrofe per l&#8217;Europa e un duro colpo per gli Stati Uniti.<\/p>\n<p style=\"text-align: justify\">Ma pare che non tutti, in Europa, ne siano consapevoli e allora Tusk lancia l&#8217;allarme: \u00abSe perdiamo questa guerra, le conseguenze riguarderanno non solo la nostra generazione, ma anche quelle future. In Polonia, in tutta Europa, negli Stati Uniti, in tutto il mondo\u00bb. Tusk non \u00e8 il solo a tentare di terrorizzare gli europei, nota Akopov: prima li spaventavano coi carri armati russi a Varsavia e Berlino e ora coi droni e i MiG ed \u00e8 tutto un vocio su i russi che si stanno preparando e se gli europei cederanno l&#8217;Ucraina, dopo toccher\u00e0 a loro. La maggior parte degli europei fa fatica a crederci e arrivano a dire che forse sarebbe il caso di raggiungere un qualche accordo con Mosca. Ovvio che tali voci vengano etichettate come &#8220;propaganda russa&#8221; e capitolazione e, come assicura Tusk, l&#8217;Occidente non ha ragioni per capitolare: proprio nessuna ragione, \u00abtranne debolezza di volont\u00e0, dubbi, codardia, mancanza di immaginazione\u00bb. Parola di convinto europeista e sicuro tagliagole liberale.<\/p>\n<p style=\"text-align: justify\">Che, per\u00f2, sembra avere qualche problema in patria. La coalizione parlamentare che sostiene il suo governo mostra qualche segno di crisi e questo \u00e8 un segnale d&#8217;allarme per l&#8217;Ucraina, per il possibile impatto sugli aiuti militari alla junta. I problemi della coalizione, scrive PolitNavigator, sono iniziati dopo che il presidente Karol Nawrocki, di orientamento conservatore, ha presentato al Sejm un disegno di legge per la creazione del Porto di Comunicazione Centrale (PCC), ovvero uno snodo di trasporto tra Varsavia e Lodz. La coalizione liberale sperava di bocciare rapidamente il disegno di legge, ma questo \u00e8 stato votato dal Presidente del Sejm Szymon Golownia e dai parlamentari del suo partito \u201cPolonia 2050&#8243; ed \u00e8 ora in fase di discussione. Per Kiev, la Polonia \u00e8 un alleato strategico chiave, che funge da polo logistico e da portavoce politico in Europa; qualsiasi sconvolgimento a Varsavia ha un impatto diretto su Kiev, dal supporto militare alle posizioni a Bruxelles. Ora, il conflitto Nawrocki-Tusk non favorisce la cooperazione ucraino-polacca, tanto pi\u00f9 che il presidente sta gradualmente imponendo il proprio programma al governo, in particolare con la presentazione al Sejm di un altro disegno di legge, che vieta l&#8217;ideologia del banderismo ucraino, cosa che potrebbe portare, scrive la filo-golpista Evropejskaja Pravda ucraina, a una riconsiderazione delle relazioni Varsavia-Kiev.<\/p>\n<p style=\"text-align: justify\">E mentre allo stesso Forum di Varsavia il deputato estone Marko Mihkelson sostiene che non si debbano condurre colloqui di pace con dei \u201ccriminali di guerra\u201d, avendo in mente, ovviamente, la Russia, e accusa di schizofrenia coloro che sostengono il negoziato, perch\u00e9 in tal modo legittimano immunit\u00e0 e impunit\u00e0 di Mosca, ragion per cui, di fronte a una \u00abRussia che non vuole la pace, l&#8217;unica alternativa \u00e8 di sconfiggerla con la forza militare, aiutando l&#8217;Ucraina a farlo\u00bb, ecco che la solita Ursula-Demonia-Gertrud ha fatto un annuncio storico, dichiarando che \u00abl&#8217;Europa deve dare una risposta decisa e unita all&#8217;intrusione dei droni russi nello spazio aereo vicino ai nostri confini\u00bb, cos\u00ec che proporremo \u00abun&#8217;azione immediata per istituire un \u201cmuro di droni\u201d nell&#8217;ambito della sorveglianza del fianco orientale della NATO\u00bb.<\/p>\n<p style=\"text-align: justify\">La dichiarazione \u00e8 arrivata dopo diversi giorni di frenetica isteria per le &#8220;intrusioni di droni e aerei russi&#8221; nello spazio aereo UE e NATO, scrive Kirill Strel&#8217;nikov su RIA Novosti. Vero \u00e8 che, secondo la tedesca Berliner Zeitung, \u00abaccuse infondate diffuse dai media stanno creando un&#8217;atmosfera di paura, utilizzata per giustificare il riarmo europeo\u00bb e, in generale, \u00able accuse dei politici e dei media occidentali contro la Russia, in merito agli incidenti coi droni in Europa, non sono supportate dai risultati delle indagini della NATO e dell&#8217;intelligence nazionale\u00bb. Ma questo \u00e8 del tutto irrilevante, perch\u00e9 sono in gioco molti soldi.<\/p>\n<p style=\"text-align: justify\">Per l&#8217;europeo medio, l&#8217;idea di un &#8220;muro di droni&#8221; pu\u00f2 sembrare una reazione ai terribili &#8220;attacchi ibridi&#8221; della Russia contro un \u201cgiardino fiorito\u201d, ma in realt\u00e0 questo progetto covava da tempo, in attesa dell&#8217;occasione giusta. La Lituania ha presentato per la prima volta una richiesta alla UE per un &#8220;muro di droni contro la Russia&#8221; nel 2023, e altri sei paesi NATO vi hanno aderito nel 2024. All&#8217;epoca, la Commissione europea non ha fornito finanziamenti, ma ora ci si \u00e8 resi conto che i droni sono la prossima &#8220;wunderwaffe&#8221;: la trovata del secolo.<\/p>\n<p style=\"text-align: justify\">L&#8217;Ucraina dovrebbe svolgere un ruolo chiave nella creazione del &#8220;muro&#8221;. Secondo il Commissario europeo alla Difesa, il lituano Andrius Kublius &#8211; quello del vaticinio sulla Russia che \u00abtra cinque anni, o forse anche prima, invader\u00e0 sicuramente un paese UE, o forse anche pi\u00f9 di uno\u00bb &#8211; l&#8217;Ucraina possiede \u00abun&#8217;esperienza inestimabile e comprovata sul campo e diventer\u00e0 parte del nuovo ecosistema di difesa europeo\u00bb. In altre parole, gli indignati elettori dei paesi UE non avranno pi\u00f9 nulla da obiettare: i soldi sottratti a stato sociale, salari, istruzione, sanit\u00e0, in realt\u00e0 non sono per l&#8217;Ucraina, ma per la \u00abnostra sicurezza condivisa europea\u00bb. Un capolavoro di prestidigitazione linguistica.<\/p>\n<p style=\"text-align: justify\">Cos\u00ec, Bruxelles ha rapidamente stanziato dieci miliardi di dollari, sei dei quali andranno direttamente a Kiev: che fine faranno, lo sapremo dopo che si saranno viste sorgere nuove ville sulle coste sarde e toscane. Durante il primo anno, si proceder\u00e0 a testare il sistema di sensori, dopodich\u00e9 il conto raggiunger\u00e0 le centinaia di miliardi di euro, la maggior parte dei quali andr\u00e0 nuovamente all&#8217;Ucraina e ai suoi ras e giannizzeri locali, affamati di soldi occidentali per le proprie tasche.<\/p>\n<p style=\"text-align: justify\">Secondo la britannica The Telegraph, l&#8217;ex direttore della CIA David Petraeus avrebbe ispezionato i droni ucraini e ne sarebbe rimasto entusiasta, sicuro nella vittoria di Kiev, che possiede un&#8217;enorme quantit\u00e0 di droni, missili navali e aerei magici, dai quali la Russia non ha scampo. Ma, ancora una volta, \u00e8 tutta una questione di soldi: i soldi che fluiscono \u00abdall&#8217;Occidente a Kiev per sviluppare un esercito di droni potrebbero aiutare l&#8217;Ucraina a vincere la guerra&#8230; \u00c8 fondamentale investire in Ucraina 200 miliardi di sterline di beni russi congelati, per produrre droni e ottenere successi sul campo\u00bb.<\/p>\n<p style=\"text-align: justify\">Ci sono tutte le ragioni per credere che questo progetto avr\u00e0 un successo clamoroso, al pari di molti altri progetti di &#8220;difesa&#8221; occidentali, ironizza Strel&#8217;nikov. Ad esempio, The Wall Street Journal ha recentemente riportato il fallimento del \u201cProgetto Replicator\u201d, inizialmente definito &#8220;uno dei progetti pi\u00f9 ambiziosi del Pentagono&#8221;, che prevedeva la creazione di un sistema di produzione e rapido dispiegamento di \u00abmigliaia di droni da combattimento autonomi ed economici\u00bb. Inizialmente era stato stanziato un miliardo di dollari, ma, secondo i revisori, \u00abil progetto ha dimostrato un divario tra concetti ambiziosi e reali capacit\u00e0 dell&#8217;industria della difesa americana\u00bb e sciami letali di droni economici si sono trasformati in costosi prodotti unici, incompatibili tra loro.<\/p>\n<p style=\"text-align: justify\">Un altro esempio: il programma europeo per nuovi caccia FCAS da 100 miliardi di euro, per cui Germania, Francia e Spagna hanno unito le forze nel 2017 con l&#8217;obiettivo di liquidare gli aerei russi entro il 2040. Risultato: la Germania sta valutando di ritirarsi dal progetto a causa di insormontabili divergenze con la Francia, che vuole gestire il progetto da sola e intascare una parte dei proventi. I soldi sono stati spesi, ma non ci sono aerei.<\/p>\n<p style=\"text-align: justify\">Tuttavia, i vertici UE e NATO non sono afflitti dal fatto che i fondi per la difesa contro i \u201cmalvagi russi\u201d e gli aiuti all&#8217;Ucraina stiano andando in fumo: i comuni contribuenti europei trasaliranno, ma pagheranno. L&#8217;ex Segretario NATO, Jens Stoltenberg, ha riassunto brillantemente la situazione: \u00abUn miliardo per la difesa dell&#8217;Ucraina \u00e8 un miliardo in meno per assistenza sanitaria o istruzione. Ma, un prezzo pi\u00f9 alto, sarebbe quello di permettere a Putin di vincere. Pertanto, dobbiamo farci carico dei costi e pagare per la pace\u00bb. Ecco: pagate per la loro \u201cpace\u201d da cimitero.<\/p>\n<p style=\"text-align: justify\">Parafrasando al contrario Victor Hugo de \u201cIl &#8217;93\u201d, vien da dire che sotto un tempio di civilizzazione si costruisce un patibolo su cui porre il collo delle masse lavoratrici dei paesi europei.<\/p>\n<p style=\"text-align: justify\"><strong>Fonte:\u00a0<a href=\"https:\/\/www.lantidiplomatico.it\/dettnews-tra_guerra_e_terrorismo_sperato_i_deliri_del_forum_di_varsavia\/45289_62852\/\">https:\/\/www.lantidiplomatico.it\/dettnews-tra_guerra_e_terrorismo_sperato_i_deliri_del_forum_di_varsavia\/45289_62852\/<\/a><\/strong><\/p>\n","protected":false},"excerpt":{"rendered":"<p>di L&#8217;ANTIDIPLOMATICO (Fabrizio Poggi) Appena un paio di giorni fa, si azzardava che sarebbe pi\u00f9 esatto definire il Forum sulla Sicurezza di Varsavia, svoltosi nella capitale polacca il 29 e 30 settembre, un forum sulla guerra. Per essere pi\u00f9 esatti, si dovrebbe ora correggere in forum \u201csul terrorismo\u201d, soprattutto dopo l&#8217;intervento dell&#8217;ex presidente estone Toomas Hendrik Ilves, il quale, in maniera nemmeno tanto criptica, ha auspicato un evento come quello del 11 settembre 2001. \u00c8&#46;&#46;&#46;<\/p>\n","protected":false},"author":95,"featured_media":91597,"comment_status":"open","ping_status":"open","sticky":false,"template":"","format":"standard","meta":{"jetpack_post_was_ever_published":false,"_jetpack_newsletter_access":"","_jetpack_dont_email_post_to_subs":false,"_jetpack_newsletter_tier_id":0,"_jetpack_memberships_contains_paywalled_content":false,"_jetpack_memberships_contains_paid_content":false,"footnotes":"","jetpack_publicize_message":"","jetpack_publicize_feature_enabled":true,"jetpack_social_post_already_shared":true,"jetpack_social_options":{"image_generator_settings":{"template":"highway","enabled":false},"version":2}},"categories":[32],"tags":[],"jetpack_publicize_connections":[],"jetpack_featured_media_url":"https:\/\/appelloalpopolo.it\/wp-content\/uploads\/2025\/09\/Lantidiplomatico.jpg","jetpack_sharing_enabled":true,"jetpack_shortlink":"https:\/\/wp.me\/p7ZaJ4-nW0","_links":{"self":[{"href":"https:\/\/appelloalpopolo.it\/index.php?rest_route=\/wp\/v2\/posts\/92008"}],"collection":[{"href":"https:\/\/appelloalpopolo.it\/index.php?rest_route=\/wp\/v2\/posts"}],"about":[{"href":"https:\/\/appelloalpopolo.it\/index.php?rest_route=\/wp\/v2\/types\/post"}],"author":[{"embeddable":true,"href":"https:\/\/appelloalpopolo.it\/index.php?rest_route=\/wp\/v2\/users\/95"}],"replies":[{"embeddable":true,"href":"https:\/\/appelloalpopolo.it\/index.php?rest_route=%2Fwp%2Fv2%2Fcomments&post=92008"}],"version-history":[{"count":1,"href":"https:\/\/appelloalpopolo.it\/index.php?rest_route=\/wp\/v2\/posts\/92008\/revisions"}],"predecessor-version":[{"id":92012,"href":"https:\/\/appelloalpopolo.it\/index.php?rest_route=\/wp\/v2\/posts\/92008\/revisions\/92012"}],"wp:featuredmedia":[{"embeddable":true,"href":"https:\/\/appelloalpopolo.it\/index.php?rest_route=\/wp\/v2\/media\/91597"}],"wp:attachment":[{"href":"https:\/\/appelloalpopolo.it\/index.php?rest_route=%2Fwp%2Fv2%2Fmedia&parent=92008"}],"wp:term":[{"taxonomy":"category","embeddable":true,"href":"https:\/\/appelloalpopolo.it\/index.php?rest_route=%2Fwp%2Fv2%2Fcategories&post=92008"},{"taxonomy":"post_tag","embeddable":true,"href":"https:\/\/appelloalpopolo.it\/index.php?rest_route=%2Fwp%2Fv2%2Ftags&post=92008"}],"curies":[{"name":"wp","href":"https:\/\/api.w.org\/{rel}","templated":true}]}}