{"id":92017,"date":"2025-10-02T12:20:12","date_gmt":"2025-10-02T10:20:12","guid":{"rendered":"https:\/\/appelloalpopolo.it\/?p=92017"},"modified":"2025-10-02T12:20:12","modified_gmt":"2025-10-02T10:20:12","slug":"come-volano-le-minacce-di-ryanair-contro-litalia","status":"publish","type":"post","link":"https:\/\/appelloalpopolo.it\/?p=92017","title":{"rendered":"Come volano le minacce di Ryanair contro l\u2019Italia"},"content":{"rendered":"<p><strong>DA START MAGAZINE (Di Giuseppe Liturri)<\/strong><\/p>\n<p><img loading=\"lazy\" decoding=\"async\" class=\"aligncenter\" src=\"https:\/\/www.startmag.it\/wp-content\/uploads\/Imagoeconomica_2545106-scaled-1170x550.jpg\" alt=\"ryanair\" width=\"466\" height=\"219\" \/><\/p>\n<div class=\"vcex-post-content\">\n<p style=\"text-align: justify\">La compagnia aerea Ryanair, dopo la Spagna,\u00a0<a href=\"https:\/\/orabasta.substack.com\/p\/ryanair-ormai-vuole-scrivere-le-leggi?r=3ohyzr\">mette nel mirino l\u2019Italia<\/a>\u00a0per quanto riguarda le tariffe aeroportuali.<\/p>\n<p style=\"text-align: justify\">L\u2019unica differenza \u00e8 che nella\u00a0<a href=\"https:\/\/orabasta.substack.com\/i\/173495403\/ryanair-minaccia-di-tagliare-un-altro-milione-di-posti-in-spagna-per-le-tasse-di-aena\">penisola iberica a chi non si \u00e8 adeguato ha tagliato i voli,<\/a>\u00a0mentre in Italia promette voli e passeggeri aggiuntivi se i costi sono quelli che lui ritiene congrui; altrimenti non se ne far\u00e0 nulla.<\/p>\n<p style=\"text-align: justify\">Ad ascoltare i toni arroganti e imperativi usati nella\u00a0<a href=\"https:\/\/www.corriere.it\/economia\/trasporti\/aerei\/25_settembre_30\/ryanair-il-ceo-o-leary-in-europa-presto-falliranno-altre-compagnie-easyjet-verra-smembrata-wizz-air-non-ha-futuro-79bb0c6b-953e-4f5f-af0d-5ea08ff13xlk_amp.shtml\">conferenza stampa<\/a>\u00a0di marted\u00ec scorso, siamo davvero vicini al momento in cui le tariffe aeroportuali e le imposte locali saranno determinate direttamente da Michael O\u2019Leary e dal suo staff.<\/p>\n<p style=\"text-align: justify\">L\u2019eloquio del manager irlandese \u00e8 il solito: diretto, senza fronzoli, sicuro di s\u00e9. Uno duro e puro, insomma, che non \u00e8 abituato a chiedere e nemmeno a ricevere dei dinieghi.<\/p>\n<p style=\"text-align: justify\">Nel caso dell\u2019Italia, O\u2019Leary mette sul tavolo il solito argomento: \u201cio porto traffico e tu mi fai usare (quasi) gratis le tue infrastrutture aeroportuali\u201d. Lo scambio \u00e8 spiegato senza tanti giri di parole: \u201cRyanair \u00e8 pronta a investire in Italia 4 miliardi di dollari se verranno abolite le tasse legate all\u2019addizionale municipale a Roma e se saranno ridotte le tariffe elevate di Aeroporti di Roma che sono cresciute ben pi\u00f9 dell\u2019inflazione (+44% a Ciampino, +15% a Fiumicino)\u201d.<\/p>\n<p style=\"text-align: justify\">Ovviamente, O\u2019Leary non la racconta tutta, perch\u00e9, quegli investimenti non sono una donazione, ma sono delle spese destinate a generare per Ryanair rilevanti profitti. Anche perch\u00e9 riesce ad utilizzare\u00a0<a href=\"https:\/\/bari.corriere.it\/notizie\/economia\/25_luglio_25\/aeroporti-di-puglia-perdite-per-altri-2-5-milioni-e-piu-debiti-per-gestire-le-attivita-ma-e-solo-una-questione-tecnica-654d79f8-01dc-4d4c-a1b2-ad542d849xlk.shtml\">infrastrutture aeroportuali che costano miliardi, pretendendo tariffe irrisorie, che mandano regolarmente in perdita le societ\u00e0 di gestione<\/a>, a prevalente partecipazione pubblica. Insomma, O\u2019Leary fa i profitti con i soldi dei contribuenti.<\/p>\n<p style=\"text-align: justify\">Se O\u2019Leary rifiuta di pagare, per legittimi obiettivi di profitto, qualcuno, per fargli capire la differenza, potrebbe sempre suggerirgli di affittare una pista di terra battuta e far imbarcare i propri passeggeri sotto il sole o la pioggia (cosa che spesso gi\u00e0 avviene), per poi far decollare gli aerei senza l\u2019ausilio dei controllori di volo. Cos\u00ec forse eviterebbe di fare negoziati tipici del mercato del pesce a fine giornata.<\/p>\n<p style=\"text-align: justify\">Con una logica che il ministro dei trasporti spagnolo, non ha esitato a definire \u201cricattatoria\u201d, l\u2019irlandese spiega il suo piano, dove, in puro stile da suk, spiega che \u201cprima pagare e poi vedere cammello\u201d: Con l\u2019abolizione delle tasse, Ryanair genererebbe crescita economica e occupazionale: \u201cLa compagnia, una volta ottenuti questi risultati, risponder\u00e0 con un investimento di 4 miliardi di dollari in Italia, aggiungendo 40 nuovi aeromobili, oltre 20 milioni di nuovi passeggeri all\u2019anno, 250 nuove rotte e 1.500 posti di lavoro aggiuntivi nelle regioni italiane, incrementando il turismo, l\u2019occupazione e la crescita economica a livello nazionale.\u201d<\/p>\n<p style=\"text-align: justify\">Tutti i solo vantaggi per l\u2019Italia e i suoi consumatori, mentre lui lavora gratis, supponiamo.<\/p>\n<p style=\"text-align: justify\">\u00c8 Roma ad essere in cima ai suoi obiettivi (chiss\u00e0 perch\u00e9\u2026): \u201cGli alti costi di accesso a Roma, insieme al limite artificiale ai voli di Ciampino (2 voli di andata e ritorno all\u2019ora), hanno costretto Ryanair a ridurre di un aeromobile la flotta basata a Roma per l\u2019inverno 2025, il che significa zero crescita del traffico a Roma durante questo inverno.\u201d<\/p>\n<p style=\"text-align: justify\">Torna sempre e soltanto il solito argomento del traffico, come se fosse un monopolista (aspira a diventarlo, ovviamente). E ammicca ai suoi interlocutori politici: \u201cIn questi tre anni il governo Meloni ha fatto un buon lavoro, ci ha dato stabilit\u00e0, sappiamo chi sono i nostri interlocutori. \u00c8 un governo realista, pratico, con buoni ministri, che stanno lavorando bene.\u201d<\/p>\n<p style=\"text-align: justify\">A questi ultimi, sommessamente suggeriamo di fare attenzione al sorgere di posizioni dominanti in un mercato cos\u00ec delicato e socialmente rilevante, che peraltro utilizza infrastrutture pubbliche, con investimenti che devono essere adeguatamente remunerati e non utilizzati a condizioni \u201cpolitiche\u201d da privati che cos\u00ec ingrassano i loro conti economici.<\/p>\n<p style=\"text-align: justify\">Perch\u00e9 ci vuole un attimo e, come accaduto in Spagna, O\u2019Leary decida di togliere gli aerei e lasciare gli italiani a piedi, in attesa che lentamente arrivi un altro vettore.<\/p>\n<\/div>\n<p><strong>FONTE:\u00a0<a href=\"https:\/\/www.startmag.it\/economia\/ryanair-italia-tariffe-aeroportuali\/\">https:\/\/www.startmag.it\/economia\/ryanair-italia-tariffe-aeroportuali\/<\/a><\/strong><\/p>\n<div class=\"vcex-post-content\">\n<div class=\"related-posts wpex-overflow-hidden wpex-mb-40 wpex-clr\">\n<h3 class=\"theme-heading border-bottom related-posts-title\"><\/h3>\n<\/div>\n<\/div>\n","protected":false},"excerpt":{"rendered":"<p>DA START MAGAZINE (Di Giuseppe Liturri) La compagnia aerea Ryanair, dopo la Spagna,\u00a0mette nel mirino l\u2019Italia\u00a0per quanto riguarda le tariffe aeroportuali. L\u2019unica differenza \u00e8 che nella\u00a0penisola iberica a chi non si \u00e8 adeguato ha tagliato i voli,\u00a0mentre in Italia promette voli e passeggeri aggiuntivi se i costi sono quelli che lui ritiene congrui; altrimenti non se ne far\u00e0 nulla. Ad ascoltare i toni arroganti e imperativi usati nella\u00a0conferenza stampa\u00a0di marted\u00ec scorso, siamo davvero vicini al&#46;&#46;&#46;<\/p>\n","protected":false},"author":111,"featured_media":48474,"comment_status":"open","ping_status":"open","sticky":false,"template":"","format":"standard","meta":{"jetpack_post_was_ever_published":false,"_jetpack_newsletter_access":"","_jetpack_dont_email_post_to_subs":false,"_jetpack_newsletter_tier_id":0,"_jetpack_memberships_contains_paywalled_content":false,"_jetpack_memberships_contains_paid_content":false,"footnotes":"","jetpack_publicize_message":"","jetpack_publicize_feature_enabled":true,"jetpack_social_post_already_shared":true,"jetpack_social_options":{"image_generator_settings":{"template":"highway","enabled":false},"version":2}},"categories":[32],"tags":[],"jetpack_publicize_connections":[],"jetpack_featured_media_url":"https:\/\/appelloalpopolo.it\/wp-content\/uploads\/2019\/02\/start-magazine.png","jetpack_sharing_enabled":true,"jetpack_shortlink":"https:\/\/wp.me\/p7ZaJ4-nW9","_links":{"self":[{"href":"https:\/\/appelloalpopolo.it\/index.php?rest_route=\/wp\/v2\/posts\/92017"}],"collection":[{"href":"https:\/\/appelloalpopolo.it\/index.php?rest_route=\/wp\/v2\/posts"}],"about":[{"href":"https:\/\/appelloalpopolo.it\/index.php?rest_route=\/wp\/v2\/types\/post"}],"author":[{"embeddable":true,"href":"https:\/\/appelloalpopolo.it\/index.php?rest_route=\/wp\/v2\/users\/111"}],"replies":[{"embeddable":true,"href":"https:\/\/appelloalpopolo.it\/index.php?rest_route=%2Fwp%2Fv2%2Fcomments&post=92017"}],"version-history":[{"count":1,"href":"https:\/\/appelloalpopolo.it\/index.php?rest_route=\/wp\/v2\/posts\/92017\/revisions"}],"predecessor-version":[{"id":92018,"href":"https:\/\/appelloalpopolo.it\/index.php?rest_route=\/wp\/v2\/posts\/92017\/revisions\/92018"}],"wp:featuredmedia":[{"embeddable":true,"href":"https:\/\/appelloalpopolo.it\/index.php?rest_route=\/wp\/v2\/media\/48474"}],"wp:attachment":[{"href":"https:\/\/appelloalpopolo.it\/index.php?rest_route=%2Fwp%2Fv2%2Fmedia&parent=92017"}],"wp:term":[{"taxonomy":"category","embeddable":true,"href":"https:\/\/appelloalpopolo.it\/index.php?rest_route=%2Fwp%2Fv2%2Fcategories&post=92017"},{"taxonomy":"post_tag","embeddable":true,"href":"https:\/\/appelloalpopolo.it\/index.php?rest_route=%2Fwp%2Fv2%2Ftags&post=92017"}],"curies":[{"name":"wp","href":"https:\/\/api.w.org\/{rel}","templated":true}]}}