{"id":92028,"date":"2025-10-03T13:22:32","date_gmt":"2025-10-03T11:22:32","guid":{"rendered":"https:\/\/appelloalpopolo.it\/?p=92028"},"modified":"2025-10-03T13:22:32","modified_gmt":"2025-10-03T11:22:32","slug":"landini-non-e-jean-jaures","status":"publish","type":"post","link":"https:\/\/appelloalpopolo.it\/?p=92028","title":{"rendered":"Landini non \u00e8 Jean Jaur\u00e8s"},"content":{"rendered":"<p style=\"text-align: justify\"><strong>di GIUSEPPE MASALA CHILI (Canale Telegram)<\/strong><\/p>\n<p style=\"text-align: justify\">Landini non \u00e8 Jean Jaur\u00e8s<\/p>\n<p style=\"text-align: justify\"><em>(Post ad alto contenuto polemico).\u00a0<\/em><\/p>\n<p style=\"text-align: justify\">Oggi si celebra lo stanco e ipocrita rito dello sciopero generale &#8211; in solidariet\u00e0 con le persone della Flotilla che tentava di forzare il blocco navale israeliano ai danni della popolazione Gaza. Una Flotilla che vedeva tra i suoi componenti di tutto: politici sfiatati e alla ricerca di nuove occasioni di visibilit\u00e0, persone che pubblicizzavano le proprie ONG e anche inguaribili sognatori (questi ultimi ben vengano).<\/p>\n<p style=\"text-align: justify\">Gi\u00e0 la motivazione dello sciopero generale \u00e8 un inno all&#8217;ipocrisia.<\/p>\n<p style=\"text-align: justify\">Altrimenti perch\u00e8 scioperare per l&#8217;arresto con i guanti di velluto degli uomini della flottiglia e non per i 680mila morti di Gaza causati dall&#8217;assurdo assedio israeliano? Si, avete capito bene 680 mila morti di cui 136.000 i morti di morte violenta pi\u00f9 altri 544.000 di morte indotta (fame, mancanza di cure mediche, stenti&#8230;ecc.). Questo secondo uno studio del prof. Devi Sridhar dell\u2019Universit\u00e0 di Edimburgo, pubblicata dal Guardian.<\/p>\n<p style=\"text-align: justify\">Gi\u00e0 il fatto che i nostri paladini del bene ripetano come un mantra che i morti &#8220;sono sessantamila&#8221; esattamente come vuole si dica il governo israeliano e i suoi servizi segreti la dice lunga. Sono oltre due anni che il contatore israeliano e degli occidentali \u00e8 fermo. Compreso quello dei presunti paladini pro-Gaza. La verit\u00e0 vera \u00e8 che dei 680 mila morti causati dagli israeliani a Gaza non frega nulla a nessuno in occidente.<\/p>\n<p style=\"text-align: justify\">Meglio protestare in solidariet\u00e0 all&#8217;On. Scotto e agli amici suoi. Cos\u00ec gli si fa un po&#8217; di pubblicit\u00e0 e si rid\u00e0 un po&#8217; di blasone ad una sinistra \u00e9litaria e classista peggio della destra (ma mille volte peggio almeno loro possono vantare una presidente del consiglio donna e proveniente daalle borgate).<\/p>\n<p style=\"text-align: justify\">Indirettamente si sciopera anche contro il governo. Ma attenzione lo si fa indirettamente perch\u00e8 la finta sinistra e i suoi sindacati gialli non possono fare uno sciopero contro le politiche di riarmo e la continua somministrazione di armi all&#8217;Ucraina ma anche alla vendita di armi ad Israele. Per il semplice fatto che se fossero a Chigi sarebbero a fianco di Macron a chiedere che soldati italiani vengano inviati in Ucraina (e di conseguenza si entri in guerra con la Russia).<\/p>\n<p style=\"text-align: justify\">La verit\u00e0 vera, sotto questo aspetto, \u00e8 che lo sciopero generale \u00e8 surrettiziamente contro il governo, serve per indebolirlo e in prospettiva abbatterlo, ma non per avere un governo per la pace ma per avere un governo di unit\u00e0 nazionale filo europoide e dunque per la guerra contro la Russia. Diciamocelo.<\/p>\n<p style=\"text-align: justify\">Landini non \u00e8 Jean Jaur\u00e8s che pag\u00f2 con la vita gli scioperi contro i bellicisti che ci portarono nella prima guerra mondiale. Landini, in uscita dalla CGIL cerca soltanto un seggio sicuro per approdare in parlamento con il PD.<\/p>\n<p style=\"text-align: justify\">Ho detto.<\/p>\n<p style=\"text-align: justify\"><strong>Fonte:\u00a0<a href=\"https:\/\/t.me\/giuseppemasala\/69427\">https:\/\/t.me\/giuseppemasala\/69427<\/a><\/strong><\/p>\n","protected":false},"excerpt":{"rendered":"<p>di GIUSEPPE MASALA CHILI (Canale Telegram) Landini non \u00e8 Jean Jaur\u00e8s (Post ad alto contenuto polemico).\u00a0 Oggi si celebra lo stanco e ipocrita rito dello sciopero generale &#8211; in solidariet\u00e0 con le persone della Flotilla che tentava di forzare il blocco navale israeliano ai danni della popolazione Gaza. Una Flotilla che vedeva tra i suoi componenti di tutto: politici sfiatati e alla ricerca di nuove occasioni di visibilit\u00e0, persone che pubblicizzavano le proprie ONG e&#46;&#46;&#46;<\/p>\n","protected":false},"author":95,"featured_media":89620,"comment_status":"open","ping_status":"open","sticky":false,"template":"","format":"standard","meta":{"jetpack_post_was_ever_published":false,"_jetpack_newsletter_access":"","_jetpack_dont_email_post_to_subs":false,"_jetpack_newsletter_tier_id":0,"_jetpack_memberships_contains_paywalled_content":false,"_jetpack_memberships_contains_paid_content":false,"footnotes":"","jetpack_publicize_message":"","jetpack_publicize_feature_enabled":true,"jetpack_social_post_already_shared":true,"jetpack_social_options":{"image_generator_settings":{"template":"highway","enabled":false},"version":2}},"categories":[32],"tags":[],"jetpack_publicize_connections":[],"jetpack_featured_media_url":"https:\/\/appelloalpopolo.it\/wp-content\/uploads\/2025\/03\/IMG_0428.jpeg","jetpack_sharing_enabled":true,"jetpack_shortlink":"https:\/\/wp.me\/p7ZaJ4-nWk","_links":{"self":[{"href":"https:\/\/appelloalpopolo.it\/index.php?rest_route=\/wp\/v2\/posts\/92028"}],"collection":[{"href":"https:\/\/appelloalpopolo.it\/index.php?rest_route=\/wp\/v2\/posts"}],"about":[{"href":"https:\/\/appelloalpopolo.it\/index.php?rest_route=\/wp\/v2\/types\/post"}],"author":[{"embeddable":true,"href":"https:\/\/appelloalpopolo.it\/index.php?rest_route=\/wp\/v2\/users\/95"}],"replies":[{"embeddable":true,"href":"https:\/\/appelloalpopolo.it\/index.php?rest_route=%2Fwp%2Fv2%2Fcomments&post=92028"}],"version-history":[{"count":1,"href":"https:\/\/appelloalpopolo.it\/index.php?rest_route=\/wp\/v2\/posts\/92028\/revisions"}],"predecessor-version":[{"id":92030,"href":"https:\/\/appelloalpopolo.it\/index.php?rest_route=\/wp\/v2\/posts\/92028\/revisions\/92030"}],"wp:featuredmedia":[{"embeddable":true,"href":"https:\/\/appelloalpopolo.it\/index.php?rest_route=\/wp\/v2\/media\/89620"}],"wp:attachment":[{"href":"https:\/\/appelloalpopolo.it\/index.php?rest_route=%2Fwp%2Fv2%2Fmedia&parent=92028"}],"wp:term":[{"taxonomy":"category","embeddable":true,"href":"https:\/\/appelloalpopolo.it\/index.php?rest_route=%2Fwp%2Fv2%2Fcategories&post=92028"},{"taxonomy":"post_tag","embeddable":true,"href":"https:\/\/appelloalpopolo.it\/index.php?rest_route=%2Fwp%2Fv2%2Ftags&post=92028"}],"curies":[{"name":"wp","href":"https:\/\/api.w.org\/{rel}","templated":true}]}}