{"id":92037,"date":"2025-10-06T09:30:48","date_gmt":"2025-10-06T07:30:48","guid":{"rendered":"https:\/\/appelloalpopolo.it\/?p=92037"},"modified":"2025-10-03T20:00:04","modified_gmt":"2025-10-03T18:00:04","slug":"ecco-il-terrorismo-come-un-orologio","status":"publish","type":"post","link":"https:\/\/appelloalpopolo.it\/?p=92037","title":{"rendered":"Ecco il terrorismo. Come un orologio"},"content":{"rendered":"<p style=\"text-align: justify\"><strong>di FERDINANDO PASTORE (Pagina FB)<\/strong><\/p>\n<p style=\"text-align: justify\"><img loading=\"lazy\" decoding=\"async\" class=\"alignnone size-medium wp-image-92038\" src=\"https:\/\/appelloalpopolo.it\/wp-content\/uploads\/2025\/10\/FB_IMG_1759514239191-300x169.jpg\" alt=\"\" width=\"300\" height=\"169\" srcset=\"https:\/\/appelloalpopolo.it\/wp-content\/uploads\/2025\/10\/FB_IMG_1759514239191-300x169.jpg 300w, https:\/\/appelloalpopolo.it\/wp-content\/uploads\/2025\/10\/FB_IMG_1759514239191.jpg 720w\" sizes=\"(max-width: 300px) 100vw, 300px\" \/><\/p>\n<p style=\"text-align: justify\">Tutti, o quasi, abbiamo coscienza della formidabile interconnessione di dati, notizie, impulsi presente nell&#8217;Occidente manipolato dalle governance di mercato. Qualsiasi avvenimento, ogni minuscolo refolo di vento che porta nutrimento alle narrazioni del potere sar\u00e0 immediatamente spettacolarizzato. Questo \u00e8 il linguaggio inesorabile che si parla al tempo di quei media globalizzati ormai totalmente asserviti al folto reticolato di manager privati e pubblici che oggi incorporano il potere senza volto del capitalismo liberale.<\/p>\n<p style=\"text-align: justify\">Da qui le mie remore, sincere remore, sui metodi situazionisti, anch&#8217;essi spettacolarizzati, di contestazione del sistema. Condividere la medesima grammatica, spesso, vuol dire introiettare l&#8217;ingranaggio concettuale dei dispositivi di comando imposti dal potere, che non fa distinzioni tra destra e sinistra. Entrambe sono alacremente al lavoro perch\u00e9 il mondo resti immobile alla &#8220;fine della storia&#8221;, privo di speranze per immaginate emancipazioni collettive. Ma tant&#8217;\u00e8 che a volte queste iniziative di contestazione, anche se spettacolarizzate, riescono ad aprire qualche breccia.<\/p>\n<p style=\"text-align: justify\">In due anni i cortei pro Palestina con difficolt\u00e0 hanno squarciato l&#8217;immagine del telegiornale di prima serata, ma, da qualche mese, si impongono nel sottofondo delle discussioni dei talk show, quelli di grido, quelli delle star democratiche. Come dicevo per\u00f2, le redini della societ\u00e0 spettacolarizzata le detengono i potenti, i grandi capitalisti, di cui Israele \u00e8 l&#8217;avamposto militare pi\u00f9 pericoloso; loro sanno esattamente come condizionare il pubblico tramite fantasmagorie.<\/p>\n<p style=\"text-align: justify\">Motivo per cui enfatizzare il cronometrico attentato di Manchester come un attacco all&#8217;ebraismo, mentre la pi\u00f9 potente organizzazione terroristica del mondo, chiamata Stato d&#8217;Israele, tiene in ostaggio cittadini, militanti, compagni e contemporaneamente, aspetta che i palestinesi scelgano tra la prosecuzione della schiavit\u00f9 e la soluzione finale del genocidio, \u00e8 assai pericoloso, visti i precedenti e visto generalmente come quel paese custodisce le carceri ed eventualmente i processi.<\/p>\n<p style=\"text-align: justify\">Questo deve essere il momento in cui all&#8217;abbecedario situazionista del potere si dovr\u00e0 rispondere con la concretezza del conflitto organizzato, con la spinta della popolazione organizzata in strutture collettive, con una nuova e duratura politicizzazione della societ\u00e0, che viva nel giorno per giorno, che si diffonda in ogni angolo della vita, soprattutto nei luoghi dove sorge il conflitto tra capitale e lavoro, conflitto necessario perch\u00e9 la follia individualista della societ\u00e0 di mercato sia definitivamente superata.<\/p>\n<p style=\"text-align: justify\">Coniugare la lotta per il popolo palestinese all&#8217;autodeterminazione con la lotta sociale contro lo sfruttamento e l&#8217;alienazione del nuovo capitalismo finanziario, sarebbe un passo doveroso in grado di far tremare i polsi non solo alla Meloni, ma a tutto l&#8217;impianto neoliberale, che in Italia va dal Partito democratico a Fratelli d&#8217;Italia, e che viene chiamato Seconda Repubblica.<\/p>\n<p style=\"text-align: justify\"><strong>Fonte:\u00a0<a href=\"https:\/\/www.facebook.com\/share\/p\/1Gdd6mn3Kp\/\">https:\/\/www.facebook.com\/share\/p\/1Gdd6mn3Kp\/<\/a><\/strong><\/p>\n","protected":false},"excerpt":{"rendered":"<p>di FERDINANDO PASTORE (Pagina FB) Tutti, o quasi, abbiamo coscienza della formidabile interconnessione di dati, notizie, impulsi presente nell&#8217;Occidente manipolato dalle governance di mercato. Qualsiasi avvenimento, ogni minuscolo refolo di vento che porta nutrimento alle narrazioni del potere sar\u00e0 immediatamente spettacolarizzato. Questo \u00e8 il linguaggio inesorabile che si parla al tempo di quei media globalizzati ormai totalmente asserviti al folto reticolato di manager privati e pubblici che oggi incorporano il potere senza volto del capitalismo&#46;&#46;&#46;<\/p>\n","protected":false},"author":95,"featured_media":89105,"comment_status":"open","ping_status":"open","sticky":false,"template":"","format":"standard","meta":{"jetpack_post_was_ever_published":false,"_jetpack_newsletter_access":"","_jetpack_dont_email_post_to_subs":false,"_jetpack_newsletter_tier_id":0,"_jetpack_memberships_contains_paywalled_content":false,"_jetpack_memberships_contains_paid_content":false,"footnotes":"","jetpack_publicize_message":"","jetpack_publicize_feature_enabled":true,"jetpack_social_post_already_shared":true,"jetpack_social_options":{"image_generator_settings":{"template":"highway","enabled":false},"version":2}},"categories":[32],"tags":[],"jetpack_publicize_connections":[],"jetpack_featured_media_url":"https:\/\/appelloalpopolo.it\/wp-content\/uploads\/2025\/02\/Ferdinando-Pastore.jpg","jetpack_sharing_enabled":true,"jetpack_shortlink":"https:\/\/wp.me\/p7ZaJ4-nWt","_links":{"self":[{"href":"https:\/\/appelloalpopolo.it\/index.php?rest_route=\/wp\/v2\/posts\/92037"}],"collection":[{"href":"https:\/\/appelloalpopolo.it\/index.php?rest_route=\/wp\/v2\/posts"}],"about":[{"href":"https:\/\/appelloalpopolo.it\/index.php?rest_route=\/wp\/v2\/types\/post"}],"author":[{"embeddable":true,"href":"https:\/\/appelloalpopolo.it\/index.php?rest_route=\/wp\/v2\/users\/95"}],"replies":[{"embeddable":true,"href":"https:\/\/appelloalpopolo.it\/index.php?rest_route=%2Fwp%2Fv2%2Fcomments&post=92037"}],"version-history":[{"count":1,"href":"https:\/\/appelloalpopolo.it\/index.php?rest_route=\/wp\/v2\/posts\/92037\/revisions"}],"predecessor-version":[{"id":92039,"href":"https:\/\/appelloalpopolo.it\/index.php?rest_route=\/wp\/v2\/posts\/92037\/revisions\/92039"}],"wp:featuredmedia":[{"embeddable":true,"href":"https:\/\/appelloalpopolo.it\/index.php?rest_route=\/wp\/v2\/media\/89105"}],"wp:attachment":[{"href":"https:\/\/appelloalpopolo.it\/index.php?rest_route=%2Fwp%2Fv2%2Fmedia&parent=92037"}],"wp:term":[{"taxonomy":"category","embeddable":true,"href":"https:\/\/appelloalpopolo.it\/index.php?rest_route=%2Fwp%2Fv2%2Fcategories&post=92037"},{"taxonomy":"post_tag","embeddable":true,"href":"https:\/\/appelloalpopolo.it\/index.php?rest_route=%2Fwp%2Fv2%2Ftags&post=92037"}],"curies":[{"name":"wp","href":"https:\/\/api.w.org\/{rel}","templated":true}]}}