{"id":92050,"date":"2025-10-06T09:30:40","date_gmt":"2025-10-06T07:30:40","guid":{"rendered":"https:\/\/appelloalpopolo.it\/?p=92050"},"modified":"2025-10-05T14:03:54","modified_gmt":"2025-10-05T12:03:54","slug":"il-muro-di-droni-la-scommessa-della-germania-tra-ambizione-tecnologica-e-scetticismo-militare","status":"publish","type":"post","link":"https:\/\/appelloalpopolo.it\/?p=92050","title":{"rendered":"Il Muro di Droni: La Scommessa della Germania tra Ambizione Tecnologica e Scetticismo Militare"},"content":{"rendered":"<p><strong>di VOCIDALLAGERMANIA (redazione)<\/strong><\/p>\n<p>&nbsp;<\/p>\n<div class=\"bs-blog-thumb\"><img loading=\"lazy\" decoding=\"async\" class=\"img-fluid attachment-full size-full wp-post-image\" src=\"https:\/\/vocidallagermania.it\/wp-content\/uploads\/2025\/03\/38d351d6-bfdc-4ffe-87cf-8d92b522a8b0.jpeg\" alt=\"germania propaganda bellica\" width=\"1024\" height=\"1024\" \/><\/div>\n<article class=\"small single\">\n<div class=\"wp-block-spacer\" aria-hidden=\"true\"><\/div>\n<p class=\"has-medium-font-size\"><strong>Come si difende un confine che non si pu\u00f2 pi\u00f9 vedere?<\/strong>\u00a0Come si neutralizza una minaccia che costa poche migliaia di euro ma pu\u00f2 spiare una base militare o paralizzare un aeroporto civile, ronzando quasi invisibile nel cielo? Queste non sono pi\u00f9 domande per un futuro lontano, ma la sfida strategica pi\u00f9 urgente che l\u2019Europa si trova ad affrontare oggi. La risposta che sta emergendo \u00e8 tanto potente quanto controversa: la creazione di un\u00a0<strong>\u201cmuro di droni\u201d<\/strong>, una barriera tecnologica estesa lungo tutto il fianco orientale della NATO.<\/p>\n<p class=\"has-medium-font-size\">Al centro di questo progetto epocale si trova la Germania, una nazione che si scopre spaccata. Da un lato, la spinta innovativa della sua\u00a0<a href=\"https:\/\/vocidallagermania.it\/category\/riarmo-tedesco\/\">industria tecnologica<\/a>, pronta a guidare questa rivoluzione. Dall\u2019altro, la proverbiale cautela del suo apparato politico-militare, che frena di fronte a un\u2019idea cos\u00ec radicale. La storia di questo scudo digitale \u00e8, in fondo, la storia del dilemma tedesco di fronte al suo nuovo, e scomodo, ruolo di leader della sicurezza continentale.<\/p>\n<div class=\"wp-block-spacer\" aria-hidden=\"true\"><\/div>\n<figure class=\"wp-block-image size-large\"><img loading=\"lazy\" decoding=\"async\" class=\"wp-image-2268\" src=\"https:\/\/vocidallagermania.it\/wp-content\/uploads\/2025\/03\/38d351d6-bfdc-4ffe-87cf-8d92b522a8b0-960x960.jpeg\" alt=\"germania propaganda bellica\" width=\"960\" height=\"960\" \/><\/figure>\n<div class=\"wp-block-spacer\" aria-hidden=\"true\"><\/div>\n<h4 class=\"wp-block-heading has-medium-font-size\"><strong>Da Concetto a Priorit\u00e0: Quando il Cielo Diventa una Frontiera<\/strong><\/h4>\n<p class=\"has-medium-font-size\">L\u2019idea di una barriera difensiva non \u00e8 nata in un vuoto. Come descritto in un\u2019analisi del 30 settembre 2025\u00a0<a href=\"https:\/\/www.german-foreign-policy.com\/news\/detail\/10135\">di\u00a0<em>German Foreign Policy<\/em>,<\/a>\u00a0la NATO ha dovuto intensificare la sua presenza nel Baltico con l\u2019operazione \u201cBaltic Sentry\u201d. La causa scatenante \u00e8 stata una serie di incidenti, tra cui i sorvoli di droni su basi in Danimarca e le presunte violazioni dello spazio aereo estone da parte di velivoli russi.\u00a0<strong>La Germania ha risposto immediatamente<\/strong>, inviando la fregata \u201cHamburg\u201d, specializzata in difesa aerea, a pattugliare quelle stesse acque. Questa mossa non \u00e8 stata solo simbolica; ha segnalato che per Berlino il Baltico non \u00e8 un teatro lontano, ma un cortile di casa la cui sicurezza \u00e8 una priorit\u00e0 nazionale.<\/p>\n<p class=\"has-medium-font-size\">\u00c8 in questo clima di alta tensione che la\u00a0<strong>Presidente della Commissione Europea, Ursula von der Leyen<\/strong>, ha dato al concetto di \u201cmuro di droni\u201d una legittimit\u00e0 politica al pi\u00f9 alto livello, annunciando un\u2019alleanza\u00a0<a href=\"https:\/\/vocidallagermania.it\/category\/guerra-in-ucraina\/\">con l\u2019Ucraina<\/a>\u00a0e stanziando miliardi per la causa. L\u2019idea \u00e8 quella di creare una rete di sorveglianza e intercettazione che possa neutralizzare minacce aeree a basso costo prima che diventino un pericolo. Ma costruire un \u201cmuro\u201d nel cielo \u00e8 immensamente pi\u00f9 complesso che costruirlo a terra. Richiede una tecnologia che non solo sia all\u2019avanguardia, ma anche agile, intelligente e, soprattutto, testata sul campo. Ed \u00e8 qui che entra in gioco l\u2019industria tedesca.<\/p>\n<div class=\"wp-block-spacer\" aria-hidden=\"true\"><\/div>\n<figure class=\"wp-block-image size-large\"><img loading=\"lazy\" decoding=\"async\" class=\"wp-image-2241\" src=\"https:\/\/vocidallagermania.it\/wp-content\/uploads\/2025\/03\/98d1a336-2bdd-47ec-b361-414dc19d696c-960x960.jpeg\" alt=\"problemi in Germania\" width=\"960\" height=\"960\" \/><\/figure>\n<div class=\"wp-block-spacer\" aria-hidden=\"true\"><\/div>\n<h4 class=\"wp-block-heading has-medium-font-size\"><strong>Il Cuore Tecnologico Batte in Germania: L\u2019Ascesa della \u201cSilicon Valley della Difesa\u201d<\/strong><\/h4>\n<p class=\"has-medium-font-size\">Per decenni, l\u2019industria della difesa tedesca \u00e8 stata associata a colossi tradizionali e processi lenti. Ma la guerra in Ucraina ha accelerato la nascita di un nuovo ecosistema, una sorta di \u201cSilicon Valley della difesa\u201d dove agilit\u00e0 e innovazione sono le parole d\u2019ordine. Al centro di questa trasformazione ci sono start-up come\u00a0<strong>Helsing<\/strong>\u00a0e\u00a0<strong>Quantum Systems<\/strong>, che incarnano un approccio radicalmente nuovo.<\/p>\n<p class=\"has-medium-font-size\">Come riportato in un approfondimento del 1\u00b0 ottobre 2025 di\u00a0<em>German Foreign Policy<\/em>, queste aziende non si limitano a produrre hardware; sviluppano software basati sull\u2019intelligenza artificiale e soluzioni integrate che vengono perfezionate quasi in tempo reale grazie a un canale diretto con il fronte ucraino. Quantum Systems, ad esempio, \u00e8 stata una delle prime a fornire droni da ricognizione a Kiev, utilizzando il feedback dei soldati per migliorare costantemente i propri prodotti. Questo legame simbiotico tra fabbrica e campo di battaglia sta dando alla tecnologia tedesca un vantaggio competitivo cruciale.<\/p>\n<p class=\"has-medium-font-size\">Dietro questa spinta industriale c\u2019\u00e8 anche una visione\u00a0<a href=\"https:\/\/vocidallagermania.it\/category\/geopolitica\/\">strategica<\/a>. Figure come Thomas Enders, ex CEO di Airbus e oggi presidente del prestigioso think tank DGAP, sostengono da tempo che la Germania e l\u2019Europa debbano raggiungere una\u00a0<strong>piena sovranit\u00e0 tecnologica nel settore della difesa<\/strong>, liberandosi dalla dipendenza dai sistemi americani. Il muro di droni, per Enders e altri, non \u00e8 solo uno scudo protettivo, ma un progetto-manifesto per l\u2019autonomia strategica europea, guidato dall\u2019ingegno tedesco. Ma questa visione si scontra con una realt\u00e0 politica e militare molto pi\u00f9 complessa.<\/p>\n<div class=\"wp-block-spacer\" aria-hidden=\"true\"><\/div>\n<figure class=\"wp-block-image size-large\"><img loading=\"lazy\" decoding=\"async\" class=\"wp-image-2769\" src=\"https:\/\/vocidallagermania.it\/wp-content\/uploads\/2025\/05\/Gemini_Generated_Image_yotn6yotn6yotn6y-960x960.jpeg\" alt=\"rapporti russia germania\" width=\"960\" height=\"960\" \/><\/figure>\n<div class=\"wp-block-spacer\" aria-hidden=\"true\"><\/div>\n<h4 class=\"wp-block-heading has-medium-font-size\"><strong>La Voce della Cautela: Perch\u00e9 il Ministro Pistorius Frena sul Muro di Droni<\/strong><\/h4>\n<p class=\"has-medium-font-size\">Mentre l\u2019industria spinge sull\u2019acceleratore, il governo di Berlino sembra preferire il freno. Il Ministro della Difesa,\u00a0<strong>Boris Pistorius<\/strong>, ha gettato acqua sul fuoco degli entusiasmi, dichiarando pubblicamente che un muro di droni funzionale non \u00e8 un obiettivo realistico \u201cnei prossimi tre o quattro anni\u201d. La sua non \u00e8 una bocciatura totale, ma un richiamo al pragmatismo. Pistorius ha suggerito di concentrarsi su un concetto pi\u00f9 ampio e flessibile di \u201cdifesa anti-drone\u201d, piuttosto che su una \u201cbarriera\u201d rigida e forse gi\u00e0 obsoleta al momento della sua implementazione, data la velocit\u00e0 con cui la tecnologia evolve.<\/p>\n<p class=\"has-medium-font-size\">Questa posizione riflette una tensione profondamente radicata nella cultura strategica tedesca. Da un lato, c\u2019\u00e8 l\u2019ambizione di essere un leader tecnologico; dall\u2019altro, un approccio metodico, quasi burocratico, ai processi di approvvigionamento militare, che mal si concilia con la rapidit\u00e0 richiesta dalla guerra moderna.\u00a0<strong>Lo scetticismo di Pistorius solleva una domanda fondamentale<\/strong>: la Germania \u00e8 pronta a passare da una cultura di pianificazione a lungo termine a una di adattamento rapido? O il suo stesso apparato statale rischia di diventare il pi\u00f9 grande ostacolo alla sua ambizione di leadership?<\/p>\n<div class=\"wp-block-spacer\" aria-hidden=\"true\"><\/div>\n<figure class=\"wp-block-image size-large\"><img loading=\"lazy\" decoding=\"async\" class=\"wp-image-2258\" src=\"https:\/\/vocidallagermania.it\/wp-content\/uploads\/2025\/03\/2498072e-7dc0-4f86-9685-48b0544c38ce-960x960.jpeg\" alt=\"bomba atomica tedesca\" width=\"960\" height=\"960\" \/><\/figure>\n<div class=\"wp-block-spacer\" aria-hidden=\"true\"><\/div>\n<h4 class=\"wp-block-heading has-medium-font-size\"><strong>Un Dibattito Incandescente: \u201cAbbatterli o Aspettare?\u201d La Frattura Politica Tedesca<\/strong><\/h4>\n<p class=\"has-medium-font-size\">La minaccia dei droni non sta solo mettendo alla prova la tecnologia tedesca, ma anche i suoi nervi politici. La questione su come rispondere a una violazione dello spazio aereo ha aperto una frattura nel dibattito pubblico. Da un lato, esponenti politici come Florian Hahn della CSU hanno adottato una linea dura, sostenendo che qualsiasi incursione deliberata dovrebbe essere contrastata con la forza, fino all\u2019abbattimento del velivolo. \u00c8 un linguaggio che fino a pochi anni fa sarebbe stato impensabile nel discorso politico tedesco.<\/p>\n<p class=\"has-medium-font-size\">Dall\u2019altro lato, figure del mondo militare, come il presidente dell\u2019associazione dei riservisti Patrick Sensburg, invitano alla calma. Sottolineano che la procedura standard prevede l\u2019intercettazione e, se necessario, la costrizione all\u2019atterraggio.\u00a0<strong>\u201cTutto il resto porterebbe a un\u2019escalation\u201d<\/strong>, avvertono, evidenziando il rischio di un errore di calcolo catastrofico. Questo dibattito non \u00e8 accademico: rivela come la guerra ibrida stia costringendo la Germania a confrontarsi con scenari per cui non \u00e8 culturalmente preparata, brutalizzando il linguaggio e polarizzando le opinioni su cosa significhi difendere la propria sovranit\u00e0.<\/p>\n<div class=\"wp-block-spacer\" aria-hidden=\"true\"><\/div>\n<figure class=\"wp-block-image size-large\"><img loading=\"lazy\" decoding=\"async\" class=\"wp-image-2253\" src=\"https:\/\/vocidallagermania.it\/wp-content\/uploads\/2025\/03\/f5ad4eed-5d2c-41ef-b5bf-4d16c8c0e058-960x960.jpeg\" alt=\"\" width=\"960\" height=\"960\" \/><\/figure>\n<div class=\"wp-block-spacer\" aria-hidden=\"true\"><\/div>\n<h4 class=\"wp-block-heading has-medium-font-size\"><strong>Non Solo un Muro, ma un Mercato: La Competizione e le Sfide Industriali<\/strong><\/h4>\n<p class=\"has-medium-font-size\">L\u2019ambizione tedesca di guidare il progetto del muro di droni si scontra anche con la concorrenza internazionale. Il Regno Unito, ad esempio, ha annunciato di aver sviluppato, sempre in collaborazione con l\u2019Ucraina, una propria flotta di droni d\u2019attacco pronti per la produzione di massa. Questa mossa \u00e8 stata esplicitamente collegata alla protezione dei paesi NATO, segnalando che Londra non intende lasciare a Berlino e Bruxelles il monopolio su questo nascente e redditizio mercato della difesa.<\/p>\n<p class=\"has-medium-font-size\">Questo scenario trasforma il muro di droni da un semplice progetto di sicurezza a un\u2019arena di competizione industriale.\u00a0<strong>La domanda non \u00e8 solo chi protegger\u00e0 l\u2019Europa, ma chi costruir\u00e0 e vender\u00e0 la tecnologia per farlo<\/strong>. Per le start-up tedesche, questa \u00e8 una sfida e un\u2019opportunit\u00e0. Devono dimostrare non solo di essere innovative, ma anche capaci di scalare la produzione per soddisfare una domanda di \u201cdecine di migliaia\u201d di droni, come stimato dal paper della DGAP. Riuscir\u00e0 l\u2019industria tedesca a vincere questa corsa contro il tempo e contro la concorrenza?<\/p>\n<div class=\"wp-block-spacer\" aria-hidden=\"true\"><\/div>\n<figure class=\"wp-block-image size-large\"><img loading=\"lazy\" decoding=\"async\" class=\"wp-image-2270\" src=\"https:\/\/vocidallagermania.it\/wp-content\/uploads\/2025\/03\/98120695-9c38-4aac-8da2-638c0ae0e775-960x960.jpeg\" alt=\"germania propaganda bellica\" width=\"960\" height=\"960\" \/><\/figure>\n<div class=\"wp-block-spacer\" aria-hidden=\"true\"><\/div>\n<h4 class=\"wp-block-heading has-medium-font-size\"><strong>Oltre il Muro: Il Dilemma Tedesco e il Futuro della Difesa Europea<\/strong><\/h4>\n<p class=\"has-medium-font-size\">Il \u201cmuro di droni\u201d \u00e8 molto pi\u00f9 di una rete di sensori e intercettori. \u00c8 uno specchio che riflette le speranze, le paure e le contraddizioni della Germania nel suo tentativo di forgiare un nuovo ruolo nel mondo. Da un lato, l\u2019agilit\u00e0 e la visione delle sue aziende tecnologiche, che vedono nel futuro un\u2019opportunit\u00e0. Dall\u2019altro, la cautela e il pragmatismo del suo governo, che vede soprattutto rischi e complessit\u00e0.<\/p>\n<p class=\"has-medium-font-size\">Questa tensione definisce la grande scommessa tedesca. Il successo del suo contributo a questo scudo europeo non dipender\u00e0 solo dalla qualit\u00e0 dei suoi droni, ma dalla sua capacit\u00e0 di risolvere questo dilemma interno. Riuscir\u00e0 la Germania a conciliare la sua cultura di prudenza ingegneristica con la necessit\u00e0 di agilit\u00e0 militare imposta dalla nuova era della guerra ibrida? E cosa significa per il futuro della difesa europea se il suo motore economico non riesce a decidere la velocit\u00e0 da tenere in questa corsa per la sicurezza? Il cielo sopra il Baltico attende una risposta. E da quella risposta, dipender\u00e0 la sicurezza di un intero continente.<\/p>\n<\/article>\n<p>&nbsp;<\/p>\n<p><strong>FONTE:<\/strong>\u00a0<a href=\"https:\/\/vocidallagermania.it\/il-muro-di-droni-la-scommessa-della-germania-tra-ambizione-tecnologica-e-scetticismo-militare\/\">https:\/\/vocidallagermania.it\/il-muro-di-droni-la-scommessa-della-germania-tra-ambizione-tecnologica-e-scetticismo-militare\/<\/a><\/p>\n","protected":false},"excerpt":{"rendered":"<p>di VOCIDALLAGERMANIA (redazione) &nbsp; Come si difende un confine che non si pu\u00f2 pi\u00f9 vedere?\u00a0Come si neutralizza una minaccia che costa poche migliaia di euro ma pu\u00f2 spiare una base militare o paralizzare un aeroporto civile, ronzando quasi invisibile nel cielo? Queste non sono pi\u00f9 domande per un futuro lontano, ma la sfida strategica pi\u00f9 urgente che l\u2019Europa si trova ad affrontare oggi. La risposta che sta emergendo \u00e8 tanto potente quanto controversa: la creazione&#46;&#46;&#46;<\/p>\n","protected":false},"author":99,"featured_media":81877,"comment_status":"open","ping_status":"open","sticky":false,"template":"","format":"standard","meta":{"jetpack_post_was_ever_published":false,"_jetpack_newsletter_access":"","_jetpack_dont_email_post_to_subs":false,"_jetpack_newsletter_tier_id":0,"_jetpack_memberships_contains_paywalled_content":false,"_jetpack_memberships_contains_paid_content":false,"footnotes":"","jetpack_publicize_message":"","jetpack_publicize_feature_enabled":true,"jetpack_social_post_already_shared":true,"jetpack_social_options":{"image_generator_settings":{"template":"highway","enabled":false},"version":2}},"categories":[32],"tags":[],"jetpack_publicize_connections":[],"jetpack_featured_media_url":"https:\/\/appelloalpopolo.it\/wp-content\/uploads\/2023\/10\/cropped-cropped-cropped-cropped-cropped-cropped-cropped-cropped-cropped-Voci-dalla-Germania_logo-1.jpg","jetpack_sharing_enabled":true,"jetpack_shortlink":"https:\/\/wp.me\/p7ZaJ4-nWG","_links":{"self":[{"href":"https:\/\/appelloalpopolo.it\/index.php?rest_route=\/wp\/v2\/posts\/92050"}],"collection":[{"href":"https:\/\/appelloalpopolo.it\/index.php?rest_route=\/wp\/v2\/posts"}],"about":[{"href":"https:\/\/appelloalpopolo.it\/index.php?rest_route=\/wp\/v2\/types\/post"}],"author":[{"embeddable":true,"href":"https:\/\/appelloalpopolo.it\/index.php?rest_route=\/wp\/v2\/users\/99"}],"replies":[{"embeddable":true,"href":"https:\/\/appelloalpopolo.it\/index.php?rest_route=%2Fwp%2Fv2%2Fcomments&post=92050"}],"version-history":[{"count":1,"href":"https:\/\/appelloalpopolo.it\/index.php?rest_route=\/wp\/v2\/posts\/92050\/revisions"}],"predecessor-version":[{"id":92051,"href":"https:\/\/appelloalpopolo.it\/index.php?rest_route=\/wp\/v2\/posts\/92050\/revisions\/92051"}],"wp:featuredmedia":[{"embeddable":true,"href":"https:\/\/appelloalpopolo.it\/index.php?rest_route=\/wp\/v2\/media\/81877"}],"wp:attachment":[{"href":"https:\/\/appelloalpopolo.it\/index.php?rest_route=%2Fwp%2Fv2%2Fmedia&parent=92050"}],"wp:term":[{"taxonomy":"category","embeddable":true,"href":"https:\/\/appelloalpopolo.it\/index.php?rest_route=%2Fwp%2Fv2%2Fcategories&post=92050"},{"taxonomy":"post_tag","embeddable":true,"href":"https:\/\/appelloalpopolo.it\/index.php?rest_route=%2Fwp%2Fv2%2Ftags&post=92050"}],"curies":[{"name":"wp","href":"https:\/\/api.w.org\/{rel}","templated":true}]}}