{"id":92080,"date":"2025-10-08T08:00:36","date_gmt":"2025-10-08T06:00:36","guid":{"rendered":"https:\/\/appelloalpopolo.it\/?p=92080"},"modified":"2025-10-07T13:15:37","modified_gmt":"2025-10-07T11:15:37","slug":"onu-petro-rompe-il-silenzio-gaza-narcotraffico-e-il-futuro-dellumanita-sottotitoli-in-italiano","status":"publish","type":"post","link":"https:\/\/appelloalpopolo.it\/?p=92080","title":{"rendered":"ONU, Petro rompe il silenzio: Gaza, narcotraffico e il futuro dell\u2019umanit\u00e0 (sottotitoli in italiano)"},"content":{"rendered":"<p><strong>da L&#8217;ANTIDIPLOMATICO (Redazione)<\/strong><\/p>\n<p><img loading=\"lazy\" decoding=\"async\" class=\"alignnone size-medium wp-image-92081\" src=\"https:\/\/appelloalpopolo.it\/wp-content\/uploads\/2025\/10\/350x200c50-1-300x171.png\" alt=\"\" width=\"300\" height=\"171\" srcset=\"https:\/\/appelloalpopolo.it\/wp-content\/uploads\/2025\/10\/350x200c50-1-300x171.png 300w, https:\/\/appelloalpopolo.it\/wp-content\/uploads\/2025\/10\/350x200c50-1.png 350w\" sizes=\"(max-width: 300px) 100vw, 300px\" \/><\/p>\n<p>Nel suo ultimo intervento all\u2019Assemblea Generale delle Nazioni Unite &#8211; che presentiamo sottotitolato in italiano &#8211; il presidente colombiano Gustavo Petro ha pronunciato un discorso destinato a rimanere tra i pi\u00f9 incisivi della stagione politica globale. La sua voce ha squarciato il velo dell\u2019ipocrisia internazionale denunciando senza mezzi termini il genocidio del popolo palestinese a Gaza, la guerra imperialista travestita da \u201clotta al narcotraffico\u201d e l\u2019avidit\u00e0 che spinge l\u2019Occidente verso un collasso etico.<\/p>\n<p>Petro ha accusato apertamente gli Stati Uniti di aver ordinato lanci di missili nel Mar dei Caraibi, denunciando cos\u00ec una barbarie che accomuna Gaza e l\u2019America Latina, due fronti della stessa guerra contro i poveri e i popoli del Sud del mondo. Ha smascherato la retorica della \u201cguerra alla droga\u201d come strumento di dominio geopolitico e non di salute pubblica: la cocaina sequestrata e i narcos estradati dal suo governo non hanno impedito la criminalizzazione della Colombia, a dimostrazione che la vera posta in gioco \u00e8 il controllo politico ed economico, non la giustizia.<\/p>\n<p>Al cuore del discorso vi \u00e8 per\u00f2 una visione radicale e lucida: la crisi climatica, le migrazioni forzate e le guerre non sono episodi separati ma effetti dello stesso sistema di dominio capitalista fondato sull&#8217;avidit\u00e0. Petro ha messo in guardia il mondo intero: o l\u2019umanit\u00e0 sceglier\u00e0 la via della cooperazione multipolare, della democrazia globale e della transizione ecologica, oppure si precipiter\u00e0 verso l\u2019estinzione.<\/p>\n<p>In un passaggio carico di forza simbolica, Petro ha evocato il ritorno del neonazismo in Occidente, dove si costruiscono campi di concentramento per migranti, si parla di \u201crazze superiori\u201d e si applaude a nuovi Hitler. Con questo monito, il presidente colombiano ha ricordato che il genocidio non \u00e8 un ricordo del passato, ma una realt\u00e0 presente che l\u2019Occidente compie oggi in Palestina.<\/p>\n<p>La sua conclusione \u00e8 stata un appello alla coscienza universale: superare i limiti degli Stati-nazione, rifondare le Nazioni Unite come strumento di una umanit\u00e0 unita nella diversit\u00e0, capace di scegliere la vita contro la barbarie. Le sue parole, scandite come un manifesto rivoluzionario, riecheggiano tra i popoli del Sud globale e tra quanti nel Nord si ribellano alle guerre infinite e alla menzogna mediatica.<\/p>\n<p><iframe loading=\"lazy\" title=\"YouTube video player\" src=\"https:\/\/www.youtube.com\/embed\/q2BTdTjfxUE?si=9kLXukKR5-lsj5bD\" width=\"560\" height=\"315\" frameborder=\"0\" allowfullscreen=\"allowfullscreen\" data-mce-fragment=\"1\"><\/iframe><\/p>\n<p><strong>FONTE:\u00a0<a href=\"https:\/\/www.lantidiplomatico.it\/dettnews-onu_petro_rompe_il_silenzio_gaza_narcotraffico_e_il_futuro_dellumanit_sottotitoli_in_italiano\/45289_62866\/\">https:\/\/www.lantidiplomatico.it\/dettnews-onu_petro_rompe_il_silenzio_gaza_narcotraffico_e_il_futuro_dellumanit_sottotitoli_in_italiano\/45289_62866\/<\/a><\/strong><\/p>\n","protected":false},"excerpt":{"rendered":"<p>da L&#8217;ANTIDIPLOMATICO (Redazione) Nel suo ultimo intervento all\u2019Assemblea Generale delle Nazioni Unite &#8211; che presentiamo sottotitolato in italiano &#8211; il presidente colombiano Gustavo Petro ha pronunciato un discorso destinato a rimanere tra i pi\u00f9 incisivi della stagione politica globale. La sua voce ha squarciato il velo dell\u2019ipocrisia internazionale denunciando senza mezzi termini il genocidio del popolo palestinese a Gaza, la guerra imperialista travestita da \u201clotta al narcotraffico\u201d e l\u2019avidit\u00e0 che spinge l\u2019Occidente verso un collasso&#46;&#46;&#46;<\/p>\n","protected":false},"author":103,"featured_media":91597,"comment_status":"open","ping_status":"open","sticky":false,"template":"","format":"standard","meta":{"jetpack_post_was_ever_published":false,"_jetpack_newsletter_access":"","_jetpack_dont_email_post_to_subs":false,"_jetpack_newsletter_tier_id":0,"_jetpack_memberships_contains_paywalled_content":false,"_jetpack_memberships_contains_paid_content":false,"footnotes":"","jetpack_publicize_message":"","jetpack_publicize_feature_enabled":true,"jetpack_social_post_already_shared":true,"jetpack_social_options":{"image_generator_settings":{"template":"highway","enabled":false},"version":2}},"categories":[32],"tags":[],"jetpack_publicize_connections":[],"jetpack_featured_media_url":"https:\/\/appelloalpopolo.it\/wp-content\/uploads\/2025\/09\/Lantidiplomatico.jpg","jetpack_sharing_enabled":true,"jetpack_shortlink":"https:\/\/wp.me\/p7ZaJ4-nXa","_links":{"self":[{"href":"https:\/\/appelloalpopolo.it\/index.php?rest_route=\/wp\/v2\/posts\/92080"}],"collection":[{"href":"https:\/\/appelloalpopolo.it\/index.php?rest_route=\/wp\/v2\/posts"}],"about":[{"href":"https:\/\/appelloalpopolo.it\/index.php?rest_route=\/wp\/v2\/types\/post"}],"author":[{"embeddable":true,"href":"https:\/\/appelloalpopolo.it\/index.php?rest_route=\/wp\/v2\/users\/103"}],"replies":[{"embeddable":true,"href":"https:\/\/appelloalpopolo.it\/index.php?rest_route=%2Fwp%2Fv2%2Fcomments&post=92080"}],"version-history":[{"count":1,"href":"https:\/\/appelloalpopolo.it\/index.php?rest_route=\/wp\/v2\/posts\/92080\/revisions"}],"predecessor-version":[{"id":92082,"href":"https:\/\/appelloalpopolo.it\/index.php?rest_route=\/wp\/v2\/posts\/92080\/revisions\/92082"}],"wp:featuredmedia":[{"embeddable":true,"href":"https:\/\/appelloalpopolo.it\/index.php?rest_route=\/wp\/v2\/media\/91597"}],"wp:attachment":[{"href":"https:\/\/appelloalpopolo.it\/index.php?rest_route=%2Fwp%2Fv2%2Fmedia&parent=92080"}],"wp:term":[{"taxonomy":"category","embeddable":true,"href":"https:\/\/appelloalpopolo.it\/index.php?rest_route=%2Fwp%2Fv2%2Fcategories&post=92080"},{"taxonomy":"post_tag","embeddable":true,"href":"https:\/\/appelloalpopolo.it\/index.php?rest_route=%2Fwp%2Fv2%2Ftags&post=92080"}],"curies":[{"name":"wp","href":"https:\/\/api.w.org\/{rel}","templated":true}]}}