{"id":92142,"date":"2025-10-13T10:30:43","date_gmt":"2025-10-13T08:30:43","guid":{"rendered":"https:\/\/appelloalpopolo.it\/?p=92142"},"modified":"2025-10-12T13:19:32","modified_gmt":"2025-10-12T11:19:32","slug":"i-nuovi-anticastristi","status":"publish","type":"post","link":"https:\/\/appelloalpopolo.it\/?p=92142","title":{"rendered":"I nuovi anticastristi"},"content":{"rendered":"<p style=\"text-align: justify\"><strong>di FERDINANDO PASTORE (Pagina FB)<\/strong><\/p>\n<p style=\"text-align: justify\">Esiste una sorta di ceto medio diffuso in Italia che sicuramente non gode delle certezze esistenziali del vecchio ceto medio impiantato nelle societ\u00e0 salariali della sicurezza sociale. Quel ceto era apertamente reazionario, perch\u00e9 contestava il principio fiscale della buona societ\u00e0. Quel vecchio rancore lo possiamo vedere in purezza quando i film americani ci intrattengono con le maschere degli esuli cubani che negli anni sessanta gongolavano rabbia a Miami con un sigaro stretto tra i denti d&#8217;oro e invocavano un bel golpe militare per abbattere la rivoluzione.<\/p>\n<p style=\"text-align: justify\">Il ceto medio di oggi \u00e8 molto pi\u00f9 incerto, molto meno nerboruto, pi\u00f9 influenzabile da spifferi, da suggerimenti, da manipolazioni, meno sicuro del proprio modello di vita. Questo segmento sociale soggiogato dalla precariet\u00e0 esistenziale che il capitalismo ha scelto di offrire al mondo come un&#8217;opportunit\u00e0 di vita, non ha punti ideologici fermi. Vive di astrazioni, di idealizzazioni linguistiche che possono essere riassunte in due termini: democrazia e libert\u00e0.<\/p>\n<p style=\"text-align: justify\">Questi due paroline, ripetute meccanicamente seguendo il canovaccio dei talk-show, diventano l&#8217;ancoraggio psicologico per separare in modo manicheo il bello e il brutto, il buono e il cattivo, il giusto e lo sbagliato. Attraverso questo stratagemma discorsivo il nuovo ceto medio rientra nel discorso capitalista anche se il capitalismo non offre pi\u00f9 la sicurezza di un tempo. Chi osa mettere in discussione la libert\u00e0 personale \u00e8 un dittatore. Un ragionamento sempre slegato dalle particolari condizioni sociali, politiche, economiche di un luogo.<\/p>\n<p style=\"text-align: justify\">A questo proposito, a seguito del Nobel assegnato a una fascista conclamata qual \u00e8 Maria Corina Machado, mi ha sorpreso la reazione festante di tante persone che fino a l&#8217;altro ieri insultavano gli Usa, Trump e Israele per le loro politiche genocidarie e imperialiste. Se per\u00f2 parametrati col Venezuela chavista questi assassini, questi criminali internazionali, diventano improvvisamente presentabili. Insomma la deriva progressista della societ\u00e0, quel fare qualunquista in stile Veltroni, che vedeva nella &#8220;democrazia&#8221; statunitense un definitivo Impero del Bene, si \u00e8 diffuso capillarmente anche fuori di quella specifica area politica, creando egemonia.<\/p>\n<p style=\"text-align: justify\">A questo servono, d&#8217;altronde, i giallisti dello Strega, il cantautorato lamentevole, le piece comiche in prima serata, gli opinionisti a contratto e Propaganda Live: definire apriorismi concettuali che disegnano il significato immateriale e ideologico dei termini democrazia e libert\u00e0. Sostanzialmente qualsiasi governo che non vive secondo le regole del mercato non \u00e8 democratico e qualsiasi essere umano non soggetto alla concorrenza di mercato non \u00e8 libero. Il nuovo ceto medio, che comunque aspira a possedere una cittadinanza cosciente e attiva, crede fermamente a questo inganno propagandistico, perch\u00e9 non lo riconosce come tale.<\/p>\n<p style=\"text-align: justify\">Motivo per cui, quando si parla di Sudamerica, non contestualizza e non storicizza. Non sa, per esempio, cos&#8217;\u00e8 la &#8220;Dottrina Monroe&#8221;, perch\u00e9 l&#8217;America Latina \u00e8 considerata dagli Stati Uniti il proprio cortile di casa e cosa \u00e8 stata l&#8217;Operazione Condor, quante persecuzioni politiche ha prodotto, quanti desaparecidos, quanti morti, quante torture, quante vergognose dittature militari strutturate dalla CIA. Ecco, il Sudamerica si difende da tutto questo, i popoli del Sudamerica si difendono, per esempio, dalla loro borghesia compradora che ha sempre svenduto i loro paesi, con le loro ricchezze naturali, agli Stati Uniti. Una borghesia che grazie a questo squallido mercimonio, ha arricchito impunemente le proprie tasche, tradendo i propri concittadini e mettendoli nelle mani di assassini in tuta mimetica posti al vertice degli Stati.<\/p>\n<p style=\"text-align: justify\">Contro questo lottano i poveri, i contadini martoriati, gli indios del Sudamerica. E in alcuni paesi hanno realizzato rivoluzioni. Forse imperfette ma sicuramente delle oasi di pace di fronte al fascismo sudamericano dei Pinochet, dei Videla e delle signore alto borghesi amiche dei franchisti spagnoli. Oggi tanti progressisti avrebbero tifato per il regime dei papponi amici di Fulgencio Batista e contro la grande rivoluzione di Fidel. E questo amaramente \u00e8.<\/p>\n<p style=\"text-align: justify\"><strong>Fonte:\u00a0<a href=\"https:\/\/www.facebook.com\/share\/p\/15qsLA2ANF\/\">https:\/\/www.facebook.com\/share\/p\/15qsLA2ANF\/<\/a><\/strong><\/p>\n","protected":false},"excerpt":{"rendered":"<p>di FERDINANDO PASTORE (Pagina FB) Esiste una sorta di ceto medio diffuso in Italia che sicuramente non gode delle certezze esistenziali del vecchio ceto medio impiantato nelle societ\u00e0 salariali della sicurezza sociale. Quel ceto era apertamente reazionario, perch\u00e9 contestava il principio fiscale della buona societ\u00e0. Quel vecchio rancore lo possiamo vedere in purezza quando i film americani ci intrattengono con le maschere degli esuli cubani che negli anni sessanta gongolavano rabbia a Miami con un&#46;&#46;&#46;<\/p>\n","protected":false},"author":95,"featured_media":89105,"comment_status":"open","ping_status":"open","sticky":false,"template":"","format":"standard","meta":{"jetpack_post_was_ever_published":false,"_jetpack_newsletter_access":"","_jetpack_dont_email_post_to_subs":false,"_jetpack_newsletter_tier_id":0,"_jetpack_memberships_contains_paywalled_content":false,"_jetpack_memberships_contains_paid_content":false,"footnotes":"","jetpack_publicize_message":"","jetpack_publicize_feature_enabled":true,"jetpack_social_post_already_shared":true,"jetpack_social_options":{"image_generator_settings":{"template":"highway","enabled":false},"version":2}},"categories":[32],"tags":[],"jetpack_publicize_connections":[],"jetpack_featured_media_url":"https:\/\/appelloalpopolo.it\/wp-content\/uploads\/2025\/02\/Ferdinando-Pastore.jpg","jetpack_sharing_enabled":true,"jetpack_shortlink":"https:\/\/wp.me\/p7ZaJ4-nYa","_links":{"self":[{"href":"https:\/\/appelloalpopolo.it\/index.php?rest_route=\/wp\/v2\/posts\/92142"}],"collection":[{"href":"https:\/\/appelloalpopolo.it\/index.php?rest_route=\/wp\/v2\/posts"}],"about":[{"href":"https:\/\/appelloalpopolo.it\/index.php?rest_route=\/wp\/v2\/types\/post"}],"author":[{"embeddable":true,"href":"https:\/\/appelloalpopolo.it\/index.php?rest_route=\/wp\/v2\/users\/95"}],"replies":[{"embeddable":true,"href":"https:\/\/appelloalpopolo.it\/index.php?rest_route=%2Fwp%2Fv2%2Fcomments&post=92142"}],"version-history":[{"count":1,"href":"https:\/\/appelloalpopolo.it\/index.php?rest_route=\/wp\/v2\/posts\/92142\/revisions"}],"predecessor-version":[{"id":92143,"href":"https:\/\/appelloalpopolo.it\/index.php?rest_route=\/wp\/v2\/posts\/92142\/revisions\/92143"}],"wp:featuredmedia":[{"embeddable":true,"href":"https:\/\/appelloalpopolo.it\/index.php?rest_route=\/wp\/v2\/media\/89105"}],"wp:attachment":[{"href":"https:\/\/appelloalpopolo.it\/index.php?rest_route=%2Fwp%2Fv2%2Fmedia&parent=92142"}],"wp:term":[{"taxonomy":"category","embeddable":true,"href":"https:\/\/appelloalpopolo.it\/index.php?rest_route=%2Fwp%2Fv2%2Fcategories&post=92142"},{"taxonomy":"post_tag","embeddable":true,"href":"https:\/\/appelloalpopolo.it\/index.php?rest_route=%2Fwp%2Fv2%2Ftags&post=92142"}],"curies":[{"name":"wp","href":"https:\/\/api.w.org\/{rel}","templated":true}]}}