{"id":92146,"date":"2025-10-13T09:30:17","date_gmt":"2025-10-13T07:30:17","guid":{"rendered":"https:\/\/appelloalpopolo.it\/?p=92146"},"modified":"2025-10-12T13:55:58","modified_gmt":"2025-10-12T11:55:58","slug":"la-francia-al-bivio-leconomista-jacques-sapir-spiega-perche-solo-un-referendum-sullue-puo-salvarla","status":"publish","type":"post","link":"https:\/\/appelloalpopolo.it\/?p=92146","title":{"rendered":"La Francia al bivio: l\u2019economista Jacques Sapir spiega perch\u00e9 solo un referendum sull\u2019UE pu\u00f2 salvarla"},"content":{"rendered":"<p><strong>di SCENARIECONOMICI (Fabio Lugano)<\/strong><\/p>\n<p>&nbsp;<\/p>\n<header id=\"mvp-post-head\" class=\"left relative\">La Francia \u00e8 in una crisi senza uscita? Secondo l\u2019economista Sapir, il problema non \u00e8 Macron ma l\u2019Euro e i trattati UE. L\u2019unica soluzione \u00e8 drastica: un referendum che potrebbe far crollare l\u2019intera Unione Europea.<\/p>\n<p>&nbsp;<\/p>\n<\/header>\n<div class=\"mvp-post-main-out left relative\">\n<div class=\"mvp-post-main-in\">\n<div id=\"mvp-post-content\" class=\"left relative\">\n<div id=\"mvp-post-feat-img\" class=\"left relative mvp-post-feat-img-wide2\"><img loading=\"lazy\" decoding=\"async\" class=\"attachment- size- wp-post-image lazyautosizes lazyloaded\" src=\"https:\/\/scenarieconomici.it\/wp-content\/uploads\/2025\/10\/image-2025-10-11T125859.168.jpg.webp\" alt=\"\" width=\"1240\" height=\"832\" data-src=\"https:\/\/scenarieconomici.it\/wp-content\/uploads\/2025\/10\/image-2025-10-11T125859.168.jpg.webp\" data-srcset=\"https:\/\/scenarieconomici.it\/wp-content\/uploads\/2025\/10\/image-2025-10-11T125859.168.jpg.webp 1240w, https:\/\/scenarieconomici.it\/wp-content\/uploads\/2025\/10\/image-2025-10-11T125859.168-300x201.jpg.webp 300w, https:\/\/scenarieconomici.it\/wp-content\/uploads\/2025\/10\/image-2025-10-11T125859.168-1024x687.jpg.webp 1024w, https:\/\/scenarieconomici.it\/wp-content\/uploads\/2025\/10\/image-2025-10-11T125859.168-768x515.jpg.webp 768w\" data-sizes=\"auto\" data-eio-rwidth=\"1240\" data-eio-rheight=\"832\" data-src-webp=\"https:\/\/scenarieconomici.it\/wp-content\/uploads\/2025\/10\/image-2025-10-11T125859.168.jpg.webp\" data-srcset-webp=\"https:\/\/scenarieconomici.it\/wp-content\/uploads\/2025\/10\/image-2025-10-11T125859.168.jpg.webp 1240w, https:\/\/scenarieconomici.it\/wp-content\/uploads\/2025\/10\/image-2025-10-11T125859.168-300x201.jpg.webp 300w, https:\/\/scenarieconomici.it\/wp-content\/uploads\/2025\/10\/image-2025-10-11T125859.168-1024x687.jpg.webp 1024w, https:\/\/scenarieconomici.it\/wp-content\/uploads\/2025\/10\/image-2025-10-11T125859.168-768x515.jpg.webp 768w\" \/><\/div>\n<div id=\"mvp-content-wrap\" class=\"left relative\">\n<div class=\"mvp-post-soc-out right relative\">\n<div class=\"mvp-post-soc-wrap left relative\">\n<p>&nbsp;<\/p>\n<\/div>\n<div class=\"mvp-post-soc-in\">\n<div id=\"mvp-content-body\" class=\"left relative\">\n<div id=\"mvp-content-body-top\" class=\"left relative\">\n<div id=\"mvp-content-main\" class=\"left relative\">\n<p>Mentre a Parigi si consuma l\u2019ennesimo atto della commedia politica, con Emmanuel Macron impegnato in disperate \u201carrampicate sui vetri\u201d per formare un governo che eviti lo scioglimento del Parlamento, una voce autorevole mette a nudo la vera natura della crisi francese. Non si tratta, come spiega l\u2019economista\u00a0<strong>Jacques Sapir<\/strong>\u00a0in una recente intervista a\u00a0<a href=\"https:\/\/www.ilsussidiario.net\/news\/dalla-francia-oltre-macron-e-la-quinta-repubblica-il-primo-problema-e-leuro-serve-un-referendum\/2890730\/?fbclid=IwY2xjawNW-CxleHRuA2FlbQIxMQABHl_vL2NS605eSk5aJTiIMAYAUwiA5LhFBwGA4mMfHxEAEFF_f5-VBotnlZAS_aem_KaABKwJBeEZ6sxKASAdyVA\"><em>Il Sussidiario<\/em><\/a>, di semplici \u201calchimie della politica politicante\u201d.\u00a0<strong>La Francia \u00e8 avviluppata in una triplice crisi che va ben oltre la figura, ormai logora, del suo Presidente.<\/strong><\/p>\n<div class=\"ddw-related-posts\">\n<div class=\"ddw-related-posts-title\">Per approfondire:<\/div>\n<ul>\n<li class=\"ddw-related-posts-item\"><a href=\"https:\/\/scenarieconomici.it\/la-bce-si-prepara-a-una-disastrosa-guerra-commerciale-sui-prezzi-tra-cina-ed-europa-i-tassi-scenderanno\/?rel=correlati\"><span class=\"ddw-related-posts-item-type\">Articolo:<\/span>\u00a0<span class=\"ddw-related-posts-item-title\">La BCE si prepara a una disastrosa guerra commerciale sui prezzi tra Cina ed Europa. I tassi scenderanno?<\/span><\/a><\/li>\n<li class=\"ddw-related-posts-item\"><a href=\"https:\/\/scenarieconomici.it\/lagarde-bce-wef-futuro-critiche-guida-politica\/?rel=correlati\"><span class=\"ddw-related-posts-item-type\">Articolo:<\/span>\u00a0<span class=\"ddw-related-posts-item-title\">Lagarde lascia la BCE per il WEF? Inflazione KO, ma la sua guida \u201cPolitica\u201d (e le Gaffe) pesano. L\u2019Eurozona spera in un \u201cTecnico\u201d.<\/span><\/a><\/li>\n<li class=\"ddw-related-posts-item\"><a href=\"https:\/\/scenarieconomici.it\/macron-altro-giro-altra-crisi-lecornu-da-le-dimissioni-alla-fine-e-durato-meno-di-un-mese\/?rel=correlati\"><span class=\"ddw-related-posts-item-type\">Articolo:<\/span>\u00a0<span class=\"ddw-related-posts-item-title\">Macron, altro giro altra crisi: Lecornu d\u00e0 le dimissioni. Alla fine \u00e8 durato meno di un mese<\/span><\/a><\/li>\n<\/ul>\n<\/div>\n<div id=\"div-ddw-ad-VIDEO\">\n<div class=\"DLW_VIDEO\"><\/div>\n<\/div>\n<p>La crisi non \u00e8 solo politica, con un\u2019Assemblea Nazionale spaccata in tre blocchi inconciliabili; \u00e8 anche istituzionale, con una Quinta Repubblica snaturata in senso presidenzialista; ma soprattutto, \u00e8 una crisi di legittimit\u00e0 ed economica, figlia diretta dei trattati europei e di una moneta unica, l\u2019Euro, che agisce come un freno a mano tirato per l\u2019economia transalpina.<\/p>\n<p>Sapir \u00e8 un noto economista non mainstran, membro della EHESS, l\u2019alta scuola di studi sociali, che si impegna da tempo nello studio delle conseguenze dell\u2019introduzione dell\u2019Euro e la stretta finanziaria che ne \u00e8 derivata. Per esempio ha affrontato il problema delle conseguenze in questo messaggio tweet.<\/p>\n<blockquote class=\"twitter-tweet\">\n<p dir=\"ltr\" lang=\"fr\">I La question de l\u2019Euro revenant sur la table (enfin\u2026) au travers de la phrase \u00ab heureusement qu\u2019il y a l\u2019euro, sinon on ne pourrait pas s\u2019endetter \u00bb un petit <a href=\"https:\/\/twitter.com\/hashtag\/fil?src=hash&amp;ref_src=twsrc%5Etfw\">#fil<\/a> ou <a href=\"https:\/\/twitter.com\/hashtag\/Thread?src=hash&amp;ref_src=twsrc%5Etfw\">#Thread<\/a> sur la question : l\u2019Euro nous prot\u00e8ge-t-il financi\u00e8rement ? <a href=\"https:\/\/twitter.com\/Cercle_Aristote?ref_src=twsrc%5Etfw\">@Cercle_Aristote<\/a> <a href=\"https:\/\/twitter.com\/Vukuzman?ref_src=twsrc%5Etfw\">@Vukuzman<\/a><\/p>\n<p>\u2014 Jacques Sapir (@russeurope) <a href=\"https:\/\/twitter.com\/russeurope\/status\/1975828167886839995?ref_src=twsrc%5Etfw\">October 8, 2025<\/a><\/p><\/blockquote>\n<p><a href=\"https:\/\/platform.twitter.com\/widgets.js\">https:\/\/platform.twitter.com\/widgets.js<\/a><\/p>\n<h3>Le tre crisi che soffocano la Francia<\/h3>\n<p>Cerchiamo di riassumere l\u2019intervista. L\u2019analisi di Sapir \u00e8 impietosa e chiarisce perch\u00e9 soluzioni tampone, come un fragile governo di centro-sinistra, siano solo \u201cdeboli illusioni\u201d destinate a implodere ben prima delle presidenziali del 2027. Le radici del malessere sono profonde e si possono riassumere in tre punti interconnessi:<\/p>\n<ol>\n<li><strong>La Crisi Politica:<\/strong>\u00a0L\u2019attuale stallo parlamentare tra il Nuovo Fronte Popolare a sinistra, il \u201cblocco centrale\u201d macroniano e le destre del Rassemblement National e dei R\u00e9publicains rende quasi impossibile qualsiasi compromesso di governo. Ogni blocco ha richieste diametralmente opposte, paralizzando l\u2019azione politica.<\/li>\n<li><strong>La Crisi Istituzionale:<\/strong>\u00a0La Quinta Repubblica, nata come un \u201cparlamentarismo razionalizzato\u201d sotto De Gaulle, \u00e8 stata progressivamente distorta. I successori, da Pompidou a Macron con la sua teoria dell&#8217;\u201diper-presidente\u201d, hanno trasformato il Presidente nel dominus della politica interna, svuotando il ruolo del Primo Ministro e creando un sistema presidenziale di fatto, ma imperfetto e fragile, mentre originariamente la divisione dei ruoli e dei poteri era molto pi\u00f9 equilibrata.<\/li>\n<li><strong>La Crisi di Legittimit\u00e0 (e Sovranit\u00e0):<\/strong>\u00a0Il vero nodo gordiano. Le decisioni cruciali per l\u2019economia e la vita dei cittadini francesi non vengono pi\u00f9 prese a Parigi,\u00a0<strong>ma sono vincolate dalle direttive di Bruxelles.<\/strong>\u00a0Questo esproprio di sovranit\u00e0, iniziato con il \u201ctradimento\u201d del referendum del 2005 sulla Costituzione Europea, ha generato una profonda crisi di legittimit\u00e0 del potere politico, incapace di rispondere ai bisogni del Paese.<\/li>\n<\/ol>\n<h3>L\u2019Euro: la palla al piede dell\u2019Economia francese<\/h3>\n<p><a href=\"https:\/\/www.ilsussidiario.net\/news\/dalla-francia-oltre-macron-e-la-quinta-repubblica-il-primo-problema-e-leuro-serve-un-referendum\/2890730\/?fbclid=IwY2xjawNW-CxleHRuA2FlbQIxMQABHl_vL2NS605eSk5aJTiIMAYAUwiA5LhFBwGA4mMfHxEAEFF_f5-VBotnlZAS_aem_KaABKwJBeEZ6sxKASAdyVA\">Il professor Sapir, con la lucidit\u00e0 dell\u2019economista, va al cuore del problema: l\u2019Euro.<\/a>\u00a0Il debito pubblico francese, pur essendo al 115,6% del PIL, non \u00e8 il problema in s\u00e9. Il vero cancro sono gli interessi e la dipendenza dall\u2019estero (il 54% del debito \u00e8 in mani non residenti).<\/p>\n<p><strong>Sapir spiega che esisterebbero soluzioni tecniche per ridurre il costo del debito, come ripristinare l\u2019obbligo per le banche operanti in Francia di detenere una quota minima di titoli di Stato.<\/strong>\u00a0Una misura di questo tipo ridurrebbe di oltre il 50% la quota di debito in mano straniera. C\u2019\u00e8 solo un piccolo, insignificante dettaglio:\u00a0<strong>sarebbe illegale secondo le regole dell\u2019Eurozona<\/strong>.<\/p>\n<div id=\"attachment_238889\" class=\"wp-caption aligncenter\"><a href=\"https:\/\/scenarieconomici.it\/wp-content\/uploads\/2025\/09\/melenchon-acqua.jpg\"><img loading=\"lazy\" decoding=\"async\" class=\"size-full wp-image-238889 lazyautosizes lazyloaded\" src=\"https:\/\/scenarieconomici.it\/wp-content\/uploads\/2025\/09\/melenchon-acqua.jpg.webp\" alt=\"\" width=\"2560\" height=\"1440\" aria-describedby=\"caption-attachment-238889\" data-src=\"https:\/\/scenarieconomici.it\/wp-content\/uploads\/2025\/09\/melenchon-acqua.jpg.webp\" data-srcset=\"https:\/\/scenarieconomici.it\/wp-content\/uploads\/2025\/09\/melenchon-acqua.jpg.webp 2560w, https:\/\/scenarieconomici.it\/wp-content\/uploads\/2025\/09\/melenchon-acqua-300x169.jpg.webp 300w, https:\/\/scenarieconomici.it\/wp-content\/uploads\/2025\/09\/melenchon-acqua-1024x576.jpg.webp 1024w, https:\/\/scenarieconomici.it\/wp-content\/uploads\/2025\/09\/melenchon-acqua-768x432.jpg.webp 768w, https:\/\/scenarieconomici.it\/wp-content\/uploads\/2025\/09\/melenchon-acqua-1536x864.jpg.webp 1536w, https:\/\/scenarieconomici.it\/wp-content\/uploads\/2025\/09\/melenchon-acqua-2048x1152.jpg.webp 2048w\" data-sizes=\"auto\" data-eio-rwidth=\"2560\" data-eio-rheight=\"1440\" data-src-webp=\"https:\/\/scenarieconomici.it\/wp-content\/uploads\/2025\/09\/melenchon-acqua.jpg.webp\" data-srcset-webp=\"https:\/\/scenarieconomici.it\/wp-content\/uploads\/2025\/09\/melenchon-acqua.jpg.webp 2560w, https:\/\/scenarieconomici.it\/wp-content\/uploads\/2025\/09\/melenchon-acqua-300x169.jpg.webp 300w, https:\/\/scenarieconomici.it\/wp-content\/uploads\/2025\/09\/melenchon-acqua-1024x576.jpg.webp 1024w, https:\/\/scenarieconomici.it\/wp-content\/uploads\/2025\/09\/melenchon-acqua-768x432.jpg.webp 768w, https:\/\/scenarieconomici.it\/wp-content\/uploads\/2025\/09\/melenchon-acqua-1536x864.jpg.webp 1536w, https:\/\/scenarieconomici.it\/wp-content\/uploads\/2025\/09\/melenchon-acqua-2048x1152.jpg.webp 2048w\" \/><\/a><\/p>\n<p id=\"caption-attachment-238889\" class=\"wp-caption-text\">Melenchon, l\u2019ormai nemico giurato di Macron, ma una delle facce della crisi francese<\/p>\n<\/div>\n<p>La moneta unica, infatti, ha creato uno squilibrio strutturale a totale vantaggio della Germania. Come evidenziato da numerosi studi, tra cui quelli del FMI, la Francia sconta una perdita di competitivit\u00e0 cronica.<\/p>\n<table>\n<thead>\n<tr>\n<td>Paese<\/td>\n<td>Guadagno\/Perdita annuale pro capite (\u20ac) a causa dell\u2019Euro (1999-2017)<\/td>\n<\/tr>\n<\/thead>\n<tbody>\n<tr>\n<td><strong>Germania<\/strong><\/td>\n<td>+ 2.924 \u20ac<\/td>\n<\/tr>\n<tr>\n<td><strong>Paesi Bassi<\/strong><\/td>\n<td>+ 2.625 \u20ac<\/td>\n<\/tr>\n<tr>\n<td><strong>Francia<\/strong><\/td>\n<td><strong>\u2013 3.110 \u20ac<\/strong><\/td>\n<\/tr>\n<tr>\n<td><strong>Italia<\/strong><\/td>\n<td><strong>\u2013 4.325 \u20ac<\/strong><\/td>\n<\/tr>\n<\/tbody>\n<\/table>\n<p><em>Fonte:\u00a0<a href=\"https:\/\/www.cep.eu\/\">Centre for European Policy Freiburg (CEP),<\/a>\u00a02019 (dati citati nell\u2019intervista a Sapir)<\/em><\/p>\n<p>Questa tabella, basata su uno studio tedesco fortemente europeista, mostra come ogni cittadino francese abbia perso in media oltre 3.000 euro all\u2019anno a causa dell\u2019Euro. Una perdita secca che si traduce in minore crescita (stimata tra lo 0,5% e l\u20191,5% di PIL in meno ogni anno), deindustrializzazione e deficit di bilancio cronici.<\/p>\n<h3>La soluzione drastica: un Referendum per spezzare le catene<\/h3>\n<p>Di fronte a questo quadro, le manovre di Macron appaiono per quello che sono: il disperato tentativo di un presidente screditato di salvare la propria eredit\u00e0 politica, gi\u00e0 disastrosa. Ma la soluzione non pu\u00f2 venire da chi \u00e8 parte integrante del problema.<\/p>\n<p>Per Sapir, l\u2019unica via d\u2019uscita per la Francia \u00e8 un atto di rottura, un ritorno alla sovranit\u00e0 popolare. La strada maestra \u00e8 quella di un\u00a0<strong>referendum<\/strong>, non necessariamente sull\u2019uscita dall\u2019UE, ma sulla supremazia delle leggi nazionali rispetto alle normative europee e per l\u2019uscita dall\u2019Euro o la cancellazione dei suoi vincoli. Un esito affermativo darebbe al governo la legittimit\u00e0 necessaria per smantellare la gabbia dei trattati e attuare le politiche economiche necessarie al Paese.<\/p>\n<p><strong>Le conseguenze sarebbero epocali<\/strong>. Se la Francia, seconda economia dell\u2019Eurozona e potenza nucleare, facesse una scelta simile, l\u2019intero edificio europeo scricchiolerebbe. Paesi come\u00a0<strong>Italia, Spagna e Portogallo<\/strong>\u00a0sarebbero quasi obbligati a seguirla, portando di fatto alla dissoluzione dell\u2019Unione e dell\u2019Euro per come li conosciamo. Un\u2019ipotesi traumatica, forse, ma secondo Sapir l\u2019unica alternativa a un lento e inesorabile declino. Magari poi potrebbero riorganizzarsi su due livelli diversi,\u00a0 chiss\u00e0.<\/p>\n<p><a href=\"https:\/\/scenarieconomici.it\/wp-content\/uploads\/2025\/07\/jakub-zerdzicki-RO67jwvHN8A-unsplash-Banconote-euro-e1754469090663.jpg\"><img loading=\"lazy\" decoding=\"async\" class=\"aligncenter size-full wp-image-235333 lazyloaded\" src=\"https:\/\/scenarieconomici.it\/wp-content\/uploads\/2025\/07\/jakub-zerdzicki-RO67jwvHN8A-unsplash-Banconote-euro-e1754469090663.jpg.webp\" alt=\"\" width=\"1000\" height=\"600\" data-src=\"https:\/\/scenarieconomici.it\/wp-content\/uploads\/2025\/07\/jakub-zerdzicki-RO67jwvHN8A-unsplash-Banconote-euro-e1754469090663.jpg.webp\" data-eio-rwidth=\"1000\" data-eio-rheight=\"600\" data-src-webp=\"https:\/\/scenarieconomici.it\/wp-content\/uploads\/2025\/07\/jakub-zerdzicki-RO67jwvHN8A-unsplash-Banconote-euro-e1754469090663.jpg.webp\" \/><\/a><\/p>\n<h3>Domande e Risposte<\/h3>\n<p><strong>1) Perch\u00e9, secondo l\u2019economista Jacques Sapir, l\u2019Euro \u00e8 il principale problema economico della Francia?<\/strong>\u00a0Secondo Sapir, l\u2019Euro impone alla Francia un tasso di cambio sopravvalutato, specialmente rispetto alla Germania, causando una perdita di competitivit\u00e0 stimata intorno al 25%. Questo frena la crescita, favorisce la deindustrializzazione e aumenta la disoccupazione. Inoltre, le rigide regole dell\u2019Eurozona impediscono al governo francese di adottare misure efficaci per gestire il proprio debito pubblico, come obbligare le banche a detenere pi\u00f9 titoli di Stato. L\u2019appartenenza all\u2019Euro, quindi, non solo danneggia l\u2019economia reale ma priva lo Stato degli strumenti sovrani per correggere gli squilibri.<\/p>\n<p><strong>2) Qual \u00e8 la vera natura della crisi politica francese, al di l\u00e0 dello stallo attuale?<\/strong>\u00a0La crisi politica francese non \u00e8 un semplice problema di maggioranza parlamentare. \u00c8 una crisi a tre livelli. Il primo \u00e8 lo stallo tra tre blocchi politici con visioni opposte. Il secondo \u00e8 una crisi istituzionale della Quinta Repubblica, la cui Costituzione parlamentare \u00e8 stata stravolta da una pratica iper-presidenzialista. Il terzo, e pi\u00f9 importante, \u00e8 una crisi di legittimit\u00e0: le decisioni fondamentali sono dettate dai trattati europei, svuotando di potere il voto dei cittadini e rendendo i governi nazionali impotenti di fronte ai veri problemi economici del Paese.<\/p>\n<p><strong>3) Quale sarebbe la sola via d\u2019uscita per la Francia secondo Sapir e quali effetti avrebbe sull\u2019Europa?<\/strong>\u00a0L\u2019unica soluzione reale, secondo Sapir, \u00e8 un referendum che riaffermi la supremazia delle leggi francesi su quelle europee. Questo restituirebbe alla Francia la sovranit\u00e0 politica ed economica necessaria per uscire dalla crisi. Un\u2019azione del genere da parte di un paese fondatore e centrale come la Francia avrebbe un effetto domino devastante per l\u2019UE. Provocerebbe con ogni probabilit\u00e0 lo scioglimento dell\u2019Eurozona, poich\u00e9 Paesi come Italia e Spagna sarebbero costretti a rinegoziare i loro rapporti, e porterebbe a una crisi irreversibile dell\u2019intera Unione Europea.<\/p>\n<\/div>\n<\/div>\n<\/div>\n<\/div>\n<\/div>\n<\/div>\n<\/div>\n<\/div>\n<\/div>\n<p>&nbsp;<\/p>\n<p><strong>FONTE:<\/strong>\u00a0<a href=\"https:\/\/scenarieconomici.it\/la-francia-al-bivio-leconomista-jacques-sapir-spiega-perche-solo-un-referendum-sullue-puo-salvarla\/\">https:\/\/scenarieconomici.it\/la-francia-al-bivio-leconomista-jacques-sapir-spiega-perche-solo-un-referendum-sullue-puo-salvarla\/<\/a><\/p>\n","protected":false},"excerpt":{"rendered":"<p>di SCENARIECONOMICI (Fabio Lugano) &nbsp; La Francia \u00e8 in una crisi senza uscita? Secondo l\u2019economista Sapir, il problema non \u00e8 Macron ma l\u2019Euro e i trattati UE. L\u2019unica soluzione \u00e8 drastica: un referendum che potrebbe far crollare l\u2019intera Unione Europea. &nbsp; &nbsp; Mentre a Parigi si consuma l\u2019ennesimo atto della commedia politica, con Emmanuel Macron impegnato in disperate \u201carrampicate sui vetri\u201d per formare un governo che eviti lo scioglimento del Parlamento, una voce autorevole mette&#46;&#46;&#46;<\/p>\n","protected":false},"author":99,"featured_media":26680,"comment_status":"open","ping_status":"open","sticky":false,"template":"","format":"standard","meta":{"jetpack_post_was_ever_published":false,"_jetpack_newsletter_access":"","_jetpack_dont_email_post_to_subs":false,"_jetpack_newsletter_tier_id":0,"_jetpack_memberships_contains_paywalled_content":false,"_jetpack_memberships_contains_paid_content":false,"footnotes":"","jetpack_publicize_message":"","jetpack_publicize_feature_enabled":true,"jetpack_social_post_already_shared":true,"jetpack_social_options":{"image_generator_settings":{"template":"highway","enabled":false},"version":2}},"categories":[32],"tags":[],"jetpack_publicize_connections":[],"jetpack_featured_media_url":"https:\/\/appelloalpopolo.it\/wp-content\/uploads\/2016\/12\/Scenarieconomici.png","jetpack_sharing_enabled":true,"jetpack_shortlink":"https:\/\/wp.me\/p7ZaJ4-nYe","_links":{"self":[{"href":"https:\/\/appelloalpopolo.it\/index.php?rest_route=\/wp\/v2\/posts\/92146"}],"collection":[{"href":"https:\/\/appelloalpopolo.it\/index.php?rest_route=\/wp\/v2\/posts"}],"about":[{"href":"https:\/\/appelloalpopolo.it\/index.php?rest_route=\/wp\/v2\/types\/post"}],"author":[{"embeddable":true,"href":"https:\/\/appelloalpopolo.it\/index.php?rest_route=\/wp\/v2\/users\/99"}],"replies":[{"embeddable":true,"href":"https:\/\/appelloalpopolo.it\/index.php?rest_route=%2Fwp%2Fv2%2Fcomments&post=92146"}],"version-history":[{"count":1,"href":"https:\/\/appelloalpopolo.it\/index.php?rest_route=\/wp\/v2\/posts\/92146\/revisions"}],"predecessor-version":[{"id":92147,"href":"https:\/\/appelloalpopolo.it\/index.php?rest_route=\/wp\/v2\/posts\/92146\/revisions\/92147"}],"wp:featuredmedia":[{"embeddable":true,"href":"https:\/\/appelloalpopolo.it\/index.php?rest_route=\/wp\/v2\/media\/26680"}],"wp:attachment":[{"href":"https:\/\/appelloalpopolo.it\/index.php?rest_route=%2Fwp%2Fv2%2Fmedia&parent=92146"}],"wp:term":[{"taxonomy":"category","embeddable":true,"href":"https:\/\/appelloalpopolo.it\/index.php?rest_route=%2Fwp%2Fv2%2Fcategories&post=92146"},{"taxonomy":"post_tag","embeddable":true,"href":"https:\/\/appelloalpopolo.it\/index.php?rest_route=%2Fwp%2Fv2%2Ftags&post=92146"}],"curies":[{"name":"wp","href":"https:\/\/api.w.org\/{rel}","templated":true}]}}